{"id":113827,"date":"2023-08-21T11:48:01","date_gmt":"2023-08-21T14:48:01","guid":{"rendered":"https:\/\/tvtecjundiai.com.br\/news\/?p=113827"},"modified":"2023-08-21T11:48:06","modified_gmt":"2023-08-21T14:48:06","slug":"menino-de-12-anos-morador-de-jundiai-disputa-final-do-pequenos-genios-no-domingao-com-luciano-huck","status":"publish","type":"post","link":"https:\/\/tvtecjundiai.com.br\/news\/2023\/08\/21\/menino-de-12-anos-morador-de-jundiai-disputa-final-do-pequenos-genios-no-domingao-com-luciano-huck\/","title":{"rendered":"Menino de 12 anos, morador de Jundia\u00ed, disputa final do &#8216;Pequenos G\u00eanios&#8217; no Doming\u00e3o com Luciano Huck"},"content":{"rendered":"\n<p>Ter um filho que se dedica aos estudos \u00e9 o sonho de muitos pais, mas para uma fam\u00edlia que mora em&nbsp;<a class=\"\" href=\"https:\/\/g1.globo.com\/sp\/sorocaba-jundiai\/cidade\/jundiai\/\">Jundia\u00ed (SP)<\/a>&nbsp;esta realiza\u00e7\u00e3o come\u00e7ou ainda bem cedo.<\/p>\n\n\n\n<p>Felipe Sim\u00f5es Borba, de 12 anos, est\u00e1 no s\u00e9timo ano da escola e \u00e9 um dos integrantes do grupo chamado \u201cTridimensionais\u201d, que participa da nova temporada do quadro Pequenos G\u00eanios, do programa Doming\u00e3o com Huck.<\/p>\n\n\n\n<p>O menino nasceu em Recife e veio morar com a fam\u00edlia no bairro Vila Boaventura, em Jundia\u00ed, h\u00e1 10 anos. \u00c9 o filho do meio de tr\u00eas irm\u00e3os e mora com os pais, Renata Sim\u00f5es e Rui Felipe Borba. A m\u00e3e conta que partiu de amigos da fam\u00edlia a ideia do filho participar do programa.<\/p>\n\n\n\n<p><\/p>\n\n\n\n<p>&#8220;A gente assistiu um epis\u00f3dio no ano passado e uns amigos disseram que dever\u00edamos inscreve-lo. Na hora ele topou. Eu at\u00e9 insisti um pouquinho para ele n\u00e3o ir, por medo dele se frustrar, mas ele quis tentar. Fizemos a inscri\u00e7\u00e3o dele em setembro e ele participou de todas as etapas pela internet.&#8221; conta.<\/p>\n\n\n\n<figure class=\"wp-block-image size-full\"><img loading=\"lazy\" decoding=\"async\" width=\"984\" height=\"738\" src=\"https:\/\/tvtecjundiai.com.br\/news\/wp-content\/uploads\/sites\/2\/2023\/08\/image-12.png\" alt=\"\" class=\"wp-image-113830\" srcset=\"https:\/\/tvtecjundiai.com.br\/news\/wp-content\/uploads\/sites\/2\/2023\/08\/image-12.png 984w, https:\/\/tvtecjundiai.com.br\/news\/wp-content\/uploads\/sites\/2\/2023\/08\/image-12-300x225.png 300w, https:\/\/tvtecjundiai.com.br\/news\/wp-content\/uploads\/sites\/2\/2023\/08\/image-12-768x576.png 768w\" sizes=\"auto, (max-width: 984px) 100vw, 984px\" \/><\/figure>\n\n\n\n<p><\/p>\n\n\n\n<p>As altas habilidades de Felipe foram notadas ainda no come\u00e7o da inf\u00e2ncia.&nbsp;Com apenas tr\u00eas anos, o menino come\u00e7ou a ler sozinho.<\/p>\n\n\n\n<blockquote class=\"wp-block-quote is-layout-flow wp-block-quote-is-layout-flow\">\n<p>&#8220;Com cinco anos ele fez a primeira avalia\u00e7\u00e3o psicol\u00f3gica e foi apontado que ele era superdotado. Mas desde novinho a gente sempre notou que ele era muito curioso&#8221;, conta.<\/p>\n<cite>Paix\u00e3o pela leitura e por desenhos<br><br>O que muitos consideram cansativo, Felipe encara como divers\u00e3o. A m\u00e3e do pequeno g\u00eanio diz que o menino l\u00ea dois livros por dia facilmente. Al\u00e9m da paix\u00e3o pela leitura, ele gosta de usar o tempo vago para desenhar.<br>&#8220;Ele aprendeu a desenhar profundidades e perspectivas praticamente sozinho. Inclusive, ele passou v\u00e1rios dias se dedicando a um desenho que a gente n\u00e3o sabia o que era. A\u00ed depois ele nos contou que ia entregar pro Luciano Huck.&#8221; revela a m\u00e3e.<br><br>Planos para um futuro promissor<br><br>Sobre o que deseja ser no futuro, Renata diz que o filho muda de ideia toda hora, mas isso n\u00e3o \u00e9 um problema para o garoto.<br><br><br>&#8220;Hoje, ele diz que quer ser escritor, desenhista ou fazer Medicina e se especializar em gen\u00e9tica. Mas, se precisar mesmo escolher, ele sempre fala que pode ser mais de uma coisa.&#8221;<\/cite><\/blockquote>\n\n\n\n<h2 class=\"wp-block-heading\">Planos para um futuro promissor<\/h2>\n\n\n\n<p>Sobre o que deseja ser no futuro, Renata diz que o filho muda de ideia toda hora, mas isso n\u00e3o \u00e9 um problema para o garoto.<\/p>\n\n\n\n<blockquote class=\"wp-block-quote is-layout-flow wp-block-quote-is-layout-flow\">\n<p>&#8220;Hoje, ele diz que quer ser escritor, desenhista ou fazer Medicina e se especializar em gen\u00e9tica. Mas, se precisar mesmo escolher, ele sempre fala que pode ser mais de uma coisa.&#8221;<\/p>\n<cite>A nova temporada do quadro &#8220;Pequenos G\u00eanios&#8221; estreou em julho deste ano. Durante os epis\u00f3dios, meninos e meninas com altas habilidades mostram todo seu potencial em desafios que exigem conhecimento em l\u00f3gica, memoriza\u00e7\u00e3o e racioc\u00ednio r\u00e1pido.<\/cite><\/blockquote>\n\n\n\n<p>Fonte \/ Imagem: G1<\/p>\n","protected":false},"excerpt":{"rendered":"<p>As altas habilidades de Felipe foram notadas ainda no come\u00e7o da inf\u00e2ncia<\/p>\n","protected":false},"author":24,"featured_media":113831,"comment_status":"closed","ping_status":"0","sticky":false,"template":"","format":"standard","meta":{"footnotes":""},"categories":[8356],"tags":[],"class_list":["post-113827","post","type-post","status-publish","format-standard","has-post-thumbnail","hentry","category-jundiai"],"_links":{"self":[{"href":"https:\/\/tvtecjundiai.com.br\/news\/wp-json\/wp\/v2\/posts\/113827","targetHints":{"allow":["GET"]}}],"collection":[{"href":"https:\/\/tvtecjundiai.com.br\/news\/wp-json\/wp\/v2\/posts"}],"about":[{"href":"https:\/\/tvtecjundiai.com.br\/news\/wp-json\/wp\/v2\/types\/post"}],"author":[{"embeddable":true,"href":"https:\/\/tvtecjundiai.com.br\/news\/wp-json\/wp\/v2\/users\/24"}],"replies":[{"embeddable":true,"href":"https:\/\/tvtecjundiai.com.br\/news\/wp-json\/wp\/v2\/comments?post=113827"}],"version-history":[{"count":1,"href":"https:\/\/tvtecjundiai.com.br\/news\/wp-json\/wp\/v2\/posts\/113827\/revisions"}],"predecessor-version":[{"id":113832,"href":"https:\/\/tvtecjundiai.com.br\/news\/wp-json\/wp\/v2\/posts\/113827\/revisions\/113832"}],"wp:featuredmedia":[{"embeddable":true,"href":"https:\/\/tvtecjundiai.com.br\/news\/wp-json\/wp\/v2\/media\/113831"}],"wp:attachment":[{"href":"https:\/\/tvtecjundiai.com.br\/news\/wp-json\/wp\/v2\/media?parent=113827"}],"wp:term":[{"taxonomy":"category","embeddable":true,"href":"https:\/\/tvtecjundiai.com.br\/news\/wp-json\/wp\/v2\/categories?post=113827"},{"taxonomy":"post_tag","embeddable":true,"href":"https:\/\/tvtecjundiai.com.br\/news\/wp-json\/wp\/v2\/tags?post=113827"}],"curies":[{"name":"wp","href":"https:\/\/api.w.org\/{rel}","templated":true}]}}