{"id":113839,"date":"2023-08-21T14:50:51","date_gmt":"2023-08-21T17:50:51","guid":{"rendered":"https:\/\/tvtecjundiai.com.br\/news\/?p=113839"},"modified":"2023-08-21T14:50:51","modified_gmt":"2023-08-21T17:50:51","slug":"acao-cidada-promove-servicos-para-pessoas-com-deficiencia-do-vetor-oeste","status":"publish","type":"post","link":"https:\/\/tvtecjundiai.com.br\/news\/2023\/08\/21\/acao-cidada-promove-servicos-para-pessoas-com-deficiencia-do-vetor-oeste\/","title":{"rendered":"\u2018A\u00e7\u00e3o Cidad\u00e3\u2019 promove servi\u00e7os para pessoas com defici\u00eancia do Vetor Oeste"},"content":{"rendered":"\n<p>A EMEB Ivo de Bona, no Parque Almerinda Chaves, foi palco do \u201cA\u00e7\u00e3o Cidad\u00e3\u201d, evento voltado \u00e0 inclus\u00e3o da pessoa com defici\u00eancia (PCD) na sociedade, no \u00faltimo s\u00e1bado (19). O dia foi repleto de oficinas, atividades culturais, profissionais e educacionais, al\u00e9m de estandes informativos sobre os direitos sociais, com foco do desenvolvimento pessoal de cada um dos participantes.<\/p>\n\n\n<div class=\"wp-block-image\">\n<figure class=\"aligncenter\"><img decoding=\"async\" src=\"https:\/\/jundiai.sp.gov.br\/noticias\/wp-content\/uploads\/sites\/32\/2023\/08\/whatsapp-image-2023-08-21-at-09-54-34-2.jpeg\" alt=\"\" class=\"wp-image-324849\" \/><figcaption class=\"wp-element-caption\">Dia foi repleto de atividades culturais, m\u00fasica e divers\u00e3o para os presentes no evento<\/figcaption><\/figure>\n<\/div>\n\n\n<p>A a\u00e7\u00e3o foi voltada aos moradores de todo o vetor oeste, que compreende os bairros Eloy Chaves, Distrito Industrial, Medeiros, Jardim Novo Horizonte, Fazenda Grande. Durante todo o s\u00e1bado, aproximadamente 120 pessoas passaram pelo local.<\/p>\n\n\n\n<p>\u201cNeste evento promovemos uma s\u00e9rie de a\u00e7\u00f5es importantes, com o objetivo de passar informa\u00e7\u00f5es \u00e0s pessoas, trazer um momento de divers\u00e3o e reflex\u00e3o, al\u00e9m de auxiliar a busca pela equidade social. Ano ap\u00f3s ano, Jundia\u00ed tem buscado se desenvolver e criar condi\u00e7\u00f5es para o desenvolvimento de todas as pessoas\u201d, comenta o Assessor de Pol\u00edticas para as Pessoas com Defici\u00eancia, Marco Antonio dos Santos.<\/p>\n\n\n\n<p>O evento foi organizado pela Assessoria de Pol\u00edticas para as Pessoas com Defici\u00eancia \u2013 vinculada \u00e0 Unidade de Gest\u00e3o da Casa Civil (UGCC) -, em parceria com a Unidade de Gest\u00e3o de Educa\u00e7\u00e3o (UGE), Unidade de Gest\u00e3o de Assist\u00eancia e Desenvolvimento Social (UGADS), Conselho Municipal dos Direitos da Pessoa com Defici\u00eancia, al\u00e9m do Jundia\u00ed Empreendedora, Programa de Esportes e Atividades Motoras Adaptadas (Peama), C\u00e2mara dos Vereadores, Igreja de Jesus Cristo dos Santos dos \u00daltimos Dias, Associa\u00e7\u00e3o Teia Down e Instituto Jundiaiense Luiz Braille.<\/p>\n\n\n\n<p>\u201cA administra\u00e7\u00e3o do Prefeito Luiz Fernando Machado tem priorizado as pautas das pessoas com defici\u00eancia, principalmente ouvindo as lideran\u00e7as da cidade e quem vive e trabalha diariamente com essa tem\u00e1tica. Eventos que promovem a cidadania s\u00e3o fundamentais para que a gente avance e traga mais oportunidades para todos\u201d, ressalta o Gestor da Casa Civil, Dr. Gustavo Maryssael.<\/p>\n\n\n<div class=\"wp-block-image\">\n<figure class=\"aligncenter\"><img decoding=\"async\" src=\"https:\/\/jundiai.sp.gov.br\/noticias\/wp-content\/uploads\/sites\/32\/2023\/08\/whatsapp-image-2023-08-21-at-09-54-41-4.jpeg\" alt=\"\" class=\"wp-image-324854\" \/><figcaption class=\"wp-element-caption\">A\u00e7\u00e3o Cidad\u00e3 trouxe informa\u00e7\u00f5es importantes na busca pela equidade social<\/figcaption><\/figure>\n<\/div>\n\n\n<p><strong><em>Fonte \/ Imagem: Prefeitura de Jundia\u00ed<\/em><\/strong><\/p>\n","protected":false},"excerpt":{"rendered":"<p>Dia foi repleto de atividades culturais, m\u00fasica e divers\u00e3o para os presentes no evento<\/p>\n","protected":false},"author":24,"featured_media":113840,"comment_status":"closed","ping_status":"0","sticky":false,"template":"","format":"standard","meta":{"footnotes":""},"categories":[8356,1],"tags":[],"class_list":["post-113839","post","type-post","status-publish","format-standard","has-post-thumbnail","hentry","category-jundiai","category-noticias"],"_links":{"self":[{"href":"https:\/\/tvtecjundiai.com.br\/news\/wp-json\/wp\/v2\/posts\/113839","targetHints":{"allow":["GET"]}}],"collection":[{"href":"https:\/\/tvtecjundiai.com.br\/news\/wp-json\/wp\/v2\/posts"}],"about":[{"href":"https:\/\/tvtecjundiai.com.br\/news\/wp-json\/wp\/v2\/types\/post"}],"author":[{"embeddable":true,"href":"https:\/\/tvtecjundiai.com.br\/news\/wp-json\/wp\/v2\/users\/24"}],"replies":[{"embeddable":true,"href":"https:\/\/tvtecjundiai.com.br\/news\/wp-json\/wp\/v2\/comments?post=113839"}],"version-history":[{"count":1,"href":"https:\/\/tvtecjundiai.com.br\/news\/wp-json\/wp\/v2\/posts\/113839\/revisions"}],"predecessor-version":[{"id":113841,"href":"https:\/\/tvtecjundiai.com.br\/news\/wp-json\/wp\/v2\/posts\/113839\/revisions\/113841"}],"wp:featuredmedia":[{"embeddable":true,"href":"https:\/\/tvtecjundiai.com.br\/news\/wp-json\/wp\/v2\/media\/113840"}],"wp:attachment":[{"href":"https:\/\/tvtecjundiai.com.br\/news\/wp-json\/wp\/v2\/media?parent=113839"}],"wp:term":[{"taxonomy":"category","embeddable":true,"href":"https:\/\/tvtecjundiai.com.br\/news\/wp-json\/wp\/v2\/categories?post=113839"},{"taxonomy":"post_tag","embeddable":true,"href":"https:\/\/tvtecjundiai.com.br\/news\/wp-json\/wp\/v2\/tags?post=113839"}],"curies":[{"name":"wp","href":"https:\/\/api.w.org\/{rel}","templated":true}]}}