{"id":113848,"date":"2023-08-22T09:20:43","date_gmt":"2023-08-22T12:20:43","guid":{"rendered":"https:\/\/tvtecjundiai.com.br\/news\/?p=113848"},"modified":"2023-08-22T09:20:44","modified_gmt":"2023-08-22T12:20:44","slug":"3a-fens-recebe-mais-de-14-mil-pessoas-no-primeiro-final-de-semana","status":"publish","type":"post","link":"https:\/\/tvtecjundiai.com.br\/news\/2023\/08\/22\/3a-fens-recebe-mais-de-14-mil-pessoas-no-primeiro-final-de-semana\/","title":{"rendered":"3\u00aa FENS recebe mais de 14 mil pessoas no primeiro final de semana"},"content":{"rendered":"\n<p>O primeiro final de semana da<a href=\"https:\/\/jundiai.sp.gov.br\/fens\/\" target=\"_blank\" rel=\"noreferrer noopener\">&nbsp;3\u00aa FENS \u2013 Feira do Empreendedor, Neg\u00f3cios e Servi\u00e7os&nbsp;<\/a>\u2013 teve como destaque a participa\u00e7\u00e3o da popula\u00e7\u00e3o. Da tarde de sexta-feira (18), quando foi realizada a abertura oficial, at\u00e9 a noite do domingo (20), mais de 14 mil visitantes passaram pelos port\u00f5es do Parque Comendador Ant\u00f4nio Carbonari. O evento prossegue nos dias 25, 26 e 27 (sexta, s\u00e1bado e domingo), com novos expositores, entrada e estacionamento gratuitos, al\u00e9m de muitas atra\u00e7\u00f5es.<\/p>\n\n\n\n<p>\u201cNossa gest\u00e3o entende a import\u00e2ncia de valorizar a gera\u00e7\u00e3o de emprego e estimular o empreendedorismo. Desde as reuni\u00f5es com empres\u00e1rios, aprimorando nossa voca\u00e7\u00e3o para receber novos neg\u00f3cios, at\u00e9 os cursos de qualifica\u00e7\u00e3o que n\u00f3s oferecemos: h\u00e1 um conjunto real de a\u00e7\u00f5es que buscam criar esse ambiente de neg\u00f3cios e oportunidades em nossa cidade\u201d, ressaltou o prefeito Luiz Fernando Machado.<\/p>\n\n\n<div class=\"wp-block-image\">\n<figure class=\"aligncenter\"><img decoding=\"async\" src=\"https:\/\/jundiai.sp.gov.br\/noticias\/wp-content\/uploads\/sites\/32\/2023\/08\/fens_parque-da-uva_sabado-19-08-63-1280x854.jpg\" alt=\"IMAGEM COLORIDA MOSTRA CRIAN\u00c7AS PARTICIPANDO DE ATIVIDADES NO CIRCUITO MONTADO PARA ELAS, DENTRO DA FENS. EM PRIMEIRO PLANO EST\u00c3O PE\u00c7AS DE UM SANDU\u00cdCHE QUE ELAS DEVEM MONTAR\" class=\"wp-image-324875\" \/><figcaption class=\"wp-element-caption\">Atividades do Circuito Crian\u00e7as Empreendedoras aos s\u00e1bados e domingos: mini-empreendedores<\/figcaption><\/figure>\n<\/div>\n\n\n<p>A FENS \u00e9 organizada pela Prefeitura de Jundia\u00ed desde 2022, por meio do programa Jundia\u00ed Empreendedora. O objetivo \u00e9 fomentar o empreendedorismo e valorizar o com\u00e9rcio local, especialmente os pequenos e microempreendedores. \u201cPotencializar o empreendedorismo \u00e9 ajudar na gera\u00e7\u00e3o de renda e de empregos para nossa cidade, al\u00e9m de dar oportunidade \u00e0s pessoas para terem o pr\u00f3prio neg\u00f3cio. Os n\u00fameros est\u00e3o a\u00ed para provar que a FENS \u00e9 um sucesso. J\u00e1 tivemos 220 expositores no primeiro final de semana e neste pr\u00f3ximo teremos outros 220 empreendedores\u201d, ressaltou Cristiano Lopes, gestor de Desenvolvimento Econ\u00f4mico, Ci\u00eancia e Tecnologia e idealizador da FENS.<\/p>\n\n\n<div class=\"wp-block-image\">\n<figure class=\"aligncenter\"><img decoding=\"async\" src=\"https:\/\/jundiai.sp.gov.br\/noticias\/wp-content\/uploads\/sites\/32\/2023\/08\/fens_parque-da-uva_sabado-19-08-111-1280x854.jpg\" alt=\"FOTO COLORIDA MOSTRA UMA MULHER EM PRIMEIRO PLANO. ELA EST\u00c1 COM O BRA\u00c7O DIREITO ERGUIDO, SEGURANDO UMA BAQUETA DE TAMBOR. AO FUNDO, VISITANTES OBSERVAM A APRESENTA\u00c7\u00c3O ART\u00cdSTICA NO PAVILH\u00c3O DA FENS\" class=\"wp-image-324877\" \/><figcaption class=\"wp-element-caption\">Atra\u00e7\u00f5es culturais fazem parte da programa\u00e7\u00e3o da FENS: entretenimento para toda a fam\u00edlia<\/figcaption><\/figure>\n<\/div>\n\n\n<p>Realizada em mar\u00e7o deste ano, a&nbsp;<a href=\"https:\/\/jundiai.sp.gov.br\/noticias\/2023\/03\/16\/ampliada-fens-gera-r-15-mi-em-faturamento-e-reune-quase-30-mil-pessoas\/\" target=\"_blank\" rel=\"noreferrer noopener\">\u00faltima edi\u00e7\u00e3o gerou um faturamento de R$1,5 milh\u00e3o<\/a>, o que tem deixado os empreendedores ansiosos para receber os visitantes. \u201cAcredito muito na oportunidade, que ajuda as pessoas a se desenvolverem pessoal e profissionalmente. E n\u00f3s, enquanto poder p\u00fablico, estamos estimulados a construir esse cen\u00e1rio aos empreendedores, para que eles prosperem cada vez mais\u201d, ressaltou Jos\u00e9 Antonio Parimoschi, gestor de Governo e Finan\u00e7as. A novidade deste ano \u00e9 o&nbsp;<a href=\"https:\/\/jundiai.sp.gov.br\/noticias\/2023\/08\/19\/3a-fens-familias-se-encantam-com-circuito-crianca-empreendedora\/\" target=\"_blank\" rel=\"noreferrer noopener\">Circuito Crian\u00e7as Empreendedoras<\/a>, que de maneira l\u00fadica e divertida d\u00e1 no\u00e7\u00f5es b\u00e1sicas \u00e0s crian\u00e7as de 3 a 12 anos sobre o mundo dos neg\u00f3cios.<\/p>\n\n\n<div class=\"wp-block-image\">\n<figure class=\"aligncenter\"><img decoding=\"async\" src=\"https:\/\/jundiai.sp.gov.br\/noticias\/wp-content\/uploads\/sites\/32\/2023\/08\/fens_parque-da-uva_sabado-19-08-85-1-1280x854.jpg\" alt=\"IMAGEM COLORIDA MOSTRA PESSOAS CONSUMINDO ALIMENTOS EM MEIO AOS FOOD TRUCKS DA 3\u00aa FENS, NO PARQUE COMENDADOR ANT\u00d4NIO CARBONARI. ELAS EST\u00c3O SENTADAS OU AGUARDAM EM FILAS PARA SEREM ATENDIDAS\" class=\"wp-image-324876\" \/><figcaption class=\"wp-element-caption\">Pra\u00e7a de alimenta\u00e7\u00e3o com 25 food trucks oferece variedade e qualidade aos visitantes da FENS<\/figcaption><\/figure>\n<\/div>\n\n\n<p><strong>Gratid\u00e3o<\/strong><\/p>\n\n\n\n<p>Os empreendedores que participaram do primeiro final de semana fizeram quest\u00e3o de manifestar gratid\u00e3o pela oportunidade. \u201cExcepcional iniciativa e oportunidade para tantos neg\u00f3cios. Agradecemos a todas as pessoas que visitaram nosso estande, conheceram nossa marca e produtos. Em um mundo digital, a presen\u00e7a \u00e9 muito importante e especial\u201d, escreveu Uan\u00e1 Cosm\u00e9ticos, na rede social. \u201cFoi muito importante mostrar a nossa empresa. Gratid\u00e3o pela oportunidade e suporte\u201d, destacou a Tsuro Personalizados. \u201cFinalizada com sucesso a nossa terceira participa\u00e7\u00e3o na FENS, gratid\u00e3o a todos que visitaram nosso estande, aos parceiros e \u00e0 Prefeitura de Jundia\u00ed, \u00e0 todos os envolvidos, nosso muito obrigado\u201d, destacou Evaina Siegrist, da Sonhare Festas.<\/p>\n\n\n\n<p><strong>Servi\u00e7o<\/strong><\/p>\n\n\n\n<p><em>3\u00aa FENS \u2013 Feira do Empreendedor, Neg\u00f3cios e Servi\u00e7os<\/em><\/p>\n\n\n\n<p><strong>Datas:<\/strong>\u00a025, 26 e 27 de agosto<br><strong>Hor\u00e1rios:<\/strong>\u00a0sexta, das 12h \u00e0s 22h; s\u00e1bado, das 10h \u00e0s 22h; domingo, das 10h \u00e0s<br>20h<br><strong>Local:<\/strong>\u00a0Parque Comendador Ant\u00f4nio Carbonari (avenida Jundia\u00ed, s\/n, Anhangaba\u00fa)<br><strong>Entrada e estacionamento:<\/strong>\u00a0gratuitos<br><strong>Atra\u00e7\u00f5es:<\/strong>\u00a0shows musicais, atra\u00e7\u00f5es culturais, espa\u00e7o kids, pra\u00e7a de alimenta\u00e7\u00e3o<br><strong>Crian\u00e7as Empreendedoras:<\/strong>\u00a0s\u00e1bado (26) e domingo (27); hor\u00e1rios no link de inscri\u00e7\u00e3o \u2013\u00a0<a rel=\"noreferrer noopener\" href=\"http:\/\/bit.ly\/3KHkv1H\" target=\"_blank\">http:\/\/bit.ly\/3KHkv1H<\/a><br><strong>Aceita animais de estima\u00e7\u00e3o?<\/strong>\u00a0Sim, o evento \u00e9 pet friendly<\/p>\n\n\n\n<p><strong><em>Fonte \/ Imagem: Prefeitura de Jundia\u00ed<\/em><\/strong><\/p>\n","protected":false},"excerpt":{"rendered":"<p>Pra\u00e7a de alimenta\u00e7\u00e3o com 25 food trucks oferece variedade e qualidade aos visitantes da FENS<\/p>\n","protected":false},"author":24,"featured_media":113849,"comment_status":"closed","ping_status":"0","sticky":false,"template":"","format":"standard","meta":{"footnotes":""},"categories":[8356,1],"tags":[],"class_list":["post-113848","post","type-post","status-publish","format-standard","has-post-thumbnail","hentry","category-jundiai","category-noticias"],"_links":{"self":[{"href":"https:\/\/tvtecjundiai.com.br\/news\/wp-json\/wp\/v2\/posts\/113848","targetHints":{"allow":["GET"]}}],"collection":[{"href":"https:\/\/tvtecjundiai.com.br\/news\/wp-json\/wp\/v2\/posts"}],"about":[{"href":"https:\/\/tvtecjundiai.com.br\/news\/wp-json\/wp\/v2\/types\/post"}],"author":[{"embeddable":true,"href":"https:\/\/tvtecjundiai.com.br\/news\/wp-json\/wp\/v2\/users\/24"}],"replies":[{"embeddable":true,"href":"https:\/\/tvtecjundiai.com.br\/news\/wp-json\/wp\/v2\/comments?post=113848"}],"version-history":[{"count":1,"href":"https:\/\/tvtecjundiai.com.br\/news\/wp-json\/wp\/v2\/posts\/113848\/revisions"}],"predecessor-version":[{"id":113850,"href":"https:\/\/tvtecjundiai.com.br\/news\/wp-json\/wp\/v2\/posts\/113848\/revisions\/113850"}],"wp:featuredmedia":[{"embeddable":true,"href":"https:\/\/tvtecjundiai.com.br\/news\/wp-json\/wp\/v2\/media\/113849"}],"wp:attachment":[{"href":"https:\/\/tvtecjundiai.com.br\/news\/wp-json\/wp\/v2\/media?parent=113848"}],"wp:term":[{"taxonomy":"category","embeddable":true,"href":"https:\/\/tvtecjundiai.com.br\/news\/wp-json\/wp\/v2\/categories?post=113848"},{"taxonomy":"post_tag","embeddable":true,"href":"https:\/\/tvtecjundiai.com.br\/news\/wp-json\/wp\/v2\/tags?post=113848"}],"curies":[{"name":"wp","href":"https:\/\/api.w.org\/{rel}","templated":true}]}}