{"id":113851,"date":"2023-08-22T09:22:22","date_gmt":"2023-08-22T12:22:22","guid":{"rendered":"https:\/\/tvtecjundiai.com.br\/news\/?p=113851"},"modified":"2023-08-22T09:22:23","modified_gmt":"2023-08-22T12:22:23","slug":"audiencia-publica-para-apresentacao-de-projeto-de-lei-orcamentaria-acontece-em-setembro","status":"publish","type":"post","link":"https:\/\/tvtecjundiai.com.br\/news\/2023\/08\/22\/audiencia-publica-para-apresentacao-de-projeto-de-lei-orcamentaria-acontece-em-setembro\/","title":{"rendered":"Audi\u00eancia p\u00fablica para apresenta\u00e7\u00e3o de Projeto de Lei Or\u00e7ament\u00e1ria acontece em setembro"},"content":{"rendered":"\n<p>A Unidade de Gest\u00e3o de Governo e Finan\u00e7as (UGGF) ir\u00e1 promover, no dia 13 de setembro, uma audi\u00eancia p\u00fablica para apresenta\u00e7\u00e3o do Projeto de Lei Or\u00e7ament\u00e1ria Anual (LOA) para o ano de 2024. O evento ser\u00e1 na TVTEC Jundia\u00ed, que fica na avenida Dr. Cavalcanti, 396, Vila Arens, e est\u00e1 previsto para iniciar \u00e0s 18h30. Haver\u00e1 transmiss\u00e3o pelas redes sociais da Prefeitura, al\u00e9m do canal 24 da NET.<\/p>\n\n\n\n<p>\u201cA audi\u00eancia p\u00fablica \u00e9 realizada com o objetivo de promover a transpar\u00eancia do servi\u00e7o p\u00fablico e mostrar ao cidad\u00e3o, de forma clara, para quais \u00e1reas \u00e9 direcionado o recurso dos impostos pagos por eles\u201d, afirmou o Gestor de Governo e Finan\u00e7as, Jos\u00e9 Antonio Parimoschi.<\/p>\n\n\n<div class=\"wp-block-image\">\n<figure class=\"aligncenter\"><img decoding=\"async\" src=\"https:\/\/jundiai.sp.gov.br\/noticias\/wp-content\/uploads\/sites\/32\/2023\/04\/audiencia-publica-ldo-2024-jose-antonio-parimoschi-e-luiz-fernando-boscolo_fm_-25-1280x854.jpg\" alt=\"\" class=\"wp-image-314333\" \/><figcaption class=\"wp-element-caption\">Audi\u00eancia p\u00fablica ser\u00e1 realizada na TVTEC Jundia\u00ed e ter\u00e1 transmiss\u00e3o online<\/figcaption><\/figure>\n<\/div>\n\n\n<p>No m\u00eas de agosto a Prefeitura abriu consulta p\u00fablica para a prepara\u00e7\u00e3o do Projeto de Lei. Al\u00e9m disso, os mun\u00edcipes poder\u00e3o enviar contribui\u00e7\u00f5es, apontamentos e fazer questionamentos durante a audi\u00eancia. A ideia \u00e9 obter maior participa\u00e7\u00e3o popular na identifica\u00e7\u00e3o das prioridades e, consequentemente, concentrar os esfor\u00e7os para atendimento ao jundiaiense.<\/p>\n\n\n\n<p>A LOA \u00e9 a pe\u00e7a de planejamento que fixa o Or\u00e7amento Municipal para o pr\u00f3ximo ano. Ela \u00e9 baseada nas prioridades do Plano Plurianual e nas estimativas de receita. Ap\u00f3s audi\u00eancia p\u00fablica e consolida\u00e7\u00e3o da LOA, o Projeto ser\u00e1 encaminhado \u00e0 C\u00e2mara Municipal.<\/p>\n\n\n\n<p><strong><em>Fonte \/ Imagem: Prefeitura de Jundia\u00ed<\/em><\/strong><\/p>\n","protected":false},"excerpt":{"rendered":"<p>Audi\u00eancia p\u00fablica ser\u00e1 realizada na TVTEC Jundia\u00ed e ter\u00e1 transmiss\u00e3o online<\/p>\n","protected":false},"author":24,"featured_media":113852,"comment_status":"closed","ping_status":"0","sticky":false,"template":"","format":"standard","meta":{"footnotes":""},"categories":[8356,1],"tags":[],"class_list":["post-113851","post","type-post","status-publish","format-standard","has-post-thumbnail","hentry","category-jundiai","category-noticias"],"_links":{"self":[{"href":"https:\/\/tvtecjundiai.com.br\/news\/wp-json\/wp\/v2\/posts\/113851","targetHints":{"allow":["GET"]}}],"collection":[{"href":"https:\/\/tvtecjundiai.com.br\/news\/wp-json\/wp\/v2\/posts"}],"about":[{"href":"https:\/\/tvtecjundiai.com.br\/news\/wp-json\/wp\/v2\/types\/post"}],"author":[{"embeddable":true,"href":"https:\/\/tvtecjundiai.com.br\/news\/wp-json\/wp\/v2\/users\/24"}],"replies":[{"embeddable":true,"href":"https:\/\/tvtecjundiai.com.br\/news\/wp-json\/wp\/v2\/comments?post=113851"}],"version-history":[{"count":1,"href":"https:\/\/tvtecjundiai.com.br\/news\/wp-json\/wp\/v2\/posts\/113851\/revisions"}],"predecessor-version":[{"id":113853,"href":"https:\/\/tvtecjundiai.com.br\/news\/wp-json\/wp\/v2\/posts\/113851\/revisions\/113853"}],"wp:featuredmedia":[{"embeddable":true,"href":"https:\/\/tvtecjundiai.com.br\/news\/wp-json\/wp\/v2\/media\/113852"}],"wp:attachment":[{"href":"https:\/\/tvtecjundiai.com.br\/news\/wp-json\/wp\/v2\/media?parent=113851"}],"wp:term":[{"taxonomy":"category","embeddable":true,"href":"https:\/\/tvtecjundiai.com.br\/news\/wp-json\/wp\/v2\/categories?post=113851"},{"taxonomy":"post_tag","embeddable":true,"href":"https:\/\/tvtecjundiai.com.br\/news\/wp-json\/wp\/v2\/tags?post=113851"}],"curies":[{"name":"wp","href":"https:\/\/api.w.org\/{rel}","templated":true}]}}