{"id":113865,"date":"2023-08-22T11:59:58","date_gmt":"2023-08-22T14:59:58","guid":{"rendered":"https:\/\/tvtecjundiai.com.br\/news\/?p=113865"},"modified":"2023-08-22T12:00:04","modified_gmt":"2023-08-22T15:00:04","slug":"live-espaco-cultura-da-semana-traz-mais-videos-com-propostas-artisticas-formativas","status":"publish","type":"post","link":"https:\/\/tvtecjundiai.com.br\/news\/2023\/08\/22\/live-espaco-cultura-da-semana-traz-mais-videos-com-propostas-artisticas-formativas\/","title":{"rendered":"\u2018Live: Espa\u00e7o Cultura\u2019 da semana traz mais v\u00eddeos com propostas art\u00edsticas formativas"},"content":{"rendered":"\n<p>A Unidade de Gest\u00e3o de Cultura (UGC) traz, nesta quarta-feira (23), a partir das 16h, mais uma edi\u00e7\u00e3o da \u201cLive: Espa\u00e7o Cultura\u201d, transmiss\u00e3o semanal com presta\u00e7\u00f5es de servi\u00e7os \u00e0 classe art\u00edstica e exibi\u00e7\u00f5es de conte\u00fados formativos contemplados nos editais emergenciais vinculados \u00e0 Lei Aldir Blanc lan\u00e7ados pela Unidade durante a pandemia.<\/p>\n\n\n\n<p>Com exibi\u00e7\u00e3o nos canais da Cultura no&nbsp;<a href=\"https:\/\/www.facebook.com\/culturajundiai\" target=\"_blank\" rel=\"noreferrer noopener\">Facebook<\/a>&nbsp;e&nbsp;<a href=\"https:\/\/www.youtube.com\/c\/CulturaJundia%C3%AD\/featured\" target=\"_blank\" rel=\"noreferrer noopener\">YouTube<\/a>, a transmiss\u00e3o da live inicia-se sempre com a media\u00e7\u00e3o do diretor do Departamento de Cultura da UGC, Jo\u00e3o Carlos De Luca, que ir\u00e1 apresentar os editais, chamamentos e concursos em andamento pela Unidade, al\u00e9m de tirar d\u00favidas dos participantes acerca do Cadastro de Artistas e assuntos em geral.<\/p>\n\n\n\n<figure class=\"wp-block-gallery has-nested-images columns-default is-cropped wp-block-gallery-1 is-layout-flex wp-block-gallery-is-layout-flex\">\n<figure class=\"wp-block-image size-large\"><img loading=\"lazy\" decoding=\"async\" width=\"1200\" height=\"675\" data-id=\"113867\" src=\"https:\/\/tvtecjundiai.com.br\/news\/wp-content\/uploads\/sites\/2\/2023\/08\/aldir_blanc_5-1280x720-1-1200x675.png\" alt=\"\" class=\"wp-image-113867\" srcset=\"https:\/\/tvtecjundiai.com.br\/news\/wp-content\/uploads\/sites\/2\/2023\/08\/aldir_blanc_5-1280x720-1-1200x675.png 1200w, https:\/\/tvtecjundiai.com.br\/news\/wp-content\/uploads\/sites\/2\/2023\/08\/aldir_blanc_5-1280x720-1-300x169.png 300w, https:\/\/tvtecjundiai.com.br\/news\/wp-content\/uploads\/sites\/2\/2023\/08\/aldir_blanc_5-1280x720-1-768x432.png 768w, https:\/\/tvtecjundiai.com.br\/news\/wp-content\/uploads\/sites\/2\/2023\/08\/aldir_blanc_5-1280x720-1.png 1280w\" sizes=\"auto, (max-width: 1200px) 100vw, 1200px\" \/><\/figure>\n\n\n\n<figure class=\"wp-block-image size-large\"><img loading=\"lazy\" decoding=\"async\" width=\"1200\" height=\"672\" data-id=\"113868\" src=\"https:\/\/tvtecjundiai.com.br\/news\/wp-content\/uploads\/sites\/2\/2023\/08\/aldir_blanc_6-1200x672.png\" alt=\"\" class=\"wp-image-113868\" srcset=\"https:\/\/tvtecjundiai.com.br\/news\/wp-content\/uploads\/sites\/2\/2023\/08\/aldir_blanc_6-1200x672.png 1200w, https:\/\/tvtecjundiai.com.br\/news\/wp-content\/uploads\/sites\/2\/2023\/08\/aldir_blanc_6-300x168.png 300w, https:\/\/tvtecjundiai.com.br\/news\/wp-content\/uploads\/sites\/2\/2023\/08\/aldir_blanc_6-768x430.png 768w, https:\/\/tvtecjundiai.com.br\/news\/wp-content\/uploads\/sites\/2\/2023\/08\/aldir_blanc_6.png 1280w\" sizes=\"auto, (max-width: 1200px) 100vw, 1200px\" \/><\/figure>\n\n\n\n<figure class=\"wp-block-image size-large\"><img loading=\"lazy\" decoding=\"async\" width=\"1200\" height=\"675\" data-id=\"113869\" src=\"https:\/\/tvtecjundiai.com.br\/news\/wp-content\/uploads\/sites\/2\/2023\/08\/aldir_blanc_3-1280x720-2-1200x675.png\" alt=\"\" class=\"wp-image-113869\" srcset=\"https:\/\/tvtecjundiai.com.br\/news\/wp-content\/uploads\/sites\/2\/2023\/08\/aldir_blanc_3-1280x720-2-1200x675.png 1200w, https:\/\/tvtecjundiai.com.br\/news\/wp-content\/uploads\/sites\/2\/2023\/08\/aldir_blanc_3-1280x720-2-300x169.png 300w, https:\/\/tvtecjundiai.com.br\/news\/wp-content\/uploads\/sites\/2\/2023\/08\/aldir_blanc_3-1280x720-2-768x432.png 768w, https:\/\/tvtecjundiai.com.br\/news\/wp-content\/uploads\/sites\/2\/2023\/08\/aldir_blanc_3-1280x720-2.png 1280w\" sizes=\"auto, (max-width: 1200px) 100vw, 1200px\" \/><\/figure>\n<\/figure>\n\n\n\n<p>Na sequ\u00eancia, ser\u00e1 a vez da exibi\u00e7\u00e3o dos trabalhos contemplados dos editais da Lei Aldir Blanc. Os trabalhos com propostas formativas desta semana ser\u00e3o: a oficina \u201cFuxicando\u201d, com Roberto Silva; \u201cInicia\u00e7\u00e3o \u00e0 dan\u00e7a contempor\u00e2nea\u201d, com Raquel Leopoldino; e \u201cReformas e Costura criativa\u201d, com Mariana Cereser.<\/p>\n\n\n\n<p>Em \u201cFuxicando\u201d, Roberto Silva apresenta novas possibilidades para montagem de roupas e acess\u00f3rios, utilizando esta t\u00e9cnica de artesanato e de costura que utiliza retalhos de tecidos.<\/p>\n\n\n\n<p>J\u00e1 Raquel Leopoldino apresenta, em \u201cInicia\u00e7\u00e3o \u00e0 dan\u00e7a contempor\u00e2nea\u201d, uma videoaula com exerc\u00edcios para o primeiro contato do aluno com as pr\u00e1ticas da movimenta\u00e7\u00e3o contempor\u00e2nea e com o ch\u00e3o, desconstru\u00e7\u00e3o dos movimentos, estudo das articula\u00e7\u00f5es, contrapeso e improviso.<\/p>\n\n\n\n<p>E em seguida, ser\u00e1 a vez de \u201cReformas e Costura criativa\u201d, em que Mariana Cereser mostrar\u00e1, a partir de seu ateli\u00ea, ideias para reaproveitar e renovar pe\u00e7as antigas, al\u00e9m de realizar consertos, como trocas de z\u00edper, barra, ajuste e alargamento de pe\u00e7as.<\/p>\n\n\n\n<p>Quem n\u00e3o acompanhar a transmiss\u00e3o ao vivo poder\u00e1 acess\u00e1-la na \u00edntegra, no\u00a0<a rel=\"noreferrer noopener\" href=\"https:\/\/cultura.jundiai.sp.gov.br\/videos\/\" target=\"_blank\">site<\/a>, no\u00a0<a rel=\"noreferrer noopener\" href=\"https:\/\/www.facebook.com\/culturajundiai\" target=\"_blank\">Facebook<\/a>\u00a0e no\u00a0<a rel=\"noreferrer noopener\" href=\"https:\/\/www.youtube.com\/c\/CulturaJundia%C3%AD\/featured\" target=\"_blank\">YouTube<\/a>\u00a0da Cultura.<\/p>\n\n\n\n<p><strong><em>Fonte \/ Imagem: Prefeitura de Jundia\u00ed<\/em><\/strong><\/p>\n","protected":false},"excerpt":{"rendered":"<p>Quem n\u00e3o acompanhar a transmiss\u00e3o ao vivo poder\u00e1 acess\u00e1-la na \u00edntegra<\/p>\n","protected":false},"author":24,"featured_media":113869,"comment_status":"closed","ping_status":"0","sticky":false,"template":"","format":"standard","meta":{"footnotes":""},"categories":[2833,8356,1],"tags":[],"class_list":["post-113865","post","type-post","status-publish","format-standard","has-post-thumbnail","hentry","category-cultura","category-jundiai","category-noticias"],"_links":{"self":[{"href":"https:\/\/tvtecjundiai.com.br\/news\/wp-json\/wp\/v2\/posts\/113865","targetHints":{"allow":["GET"]}}],"collection":[{"href":"https:\/\/tvtecjundiai.com.br\/news\/wp-json\/wp\/v2\/posts"}],"about":[{"href":"https:\/\/tvtecjundiai.com.br\/news\/wp-json\/wp\/v2\/types\/post"}],"author":[{"embeddable":true,"href":"https:\/\/tvtecjundiai.com.br\/news\/wp-json\/wp\/v2\/users\/24"}],"replies":[{"embeddable":true,"href":"https:\/\/tvtecjundiai.com.br\/news\/wp-json\/wp\/v2\/comments?post=113865"}],"version-history":[{"count":1,"href":"https:\/\/tvtecjundiai.com.br\/news\/wp-json\/wp\/v2\/posts\/113865\/revisions"}],"predecessor-version":[{"id":113870,"href":"https:\/\/tvtecjundiai.com.br\/news\/wp-json\/wp\/v2\/posts\/113865\/revisions\/113870"}],"wp:featuredmedia":[{"embeddable":true,"href":"https:\/\/tvtecjundiai.com.br\/news\/wp-json\/wp\/v2\/media\/113869"}],"wp:attachment":[{"href":"https:\/\/tvtecjundiai.com.br\/news\/wp-json\/wp\/v2\/media?parent=113865"}],"wp:term":[{"taxonomy":"category","embeddable":true,"href":"https:\/\/tvtecjundiai.com.br\/news\/wp-json\/wp\/v2\/categories?post=113865"},{"taxonomy":"post_tag","embeddable":true,"href":"https:\/\/tvtecjundiai.com.br\/news\/wp-json\/wp\/v2\/tags?post=113865"}],"curies":[{"name":"wp","href":"https:\/\/api.w.org\/{rel}","templated":true}]}}