{"id":113892,"date":"2023-08-23T09:16:04","date_gmt":"2023-08-23T12:16:04","guid":{"rendered":"https:\/\/tvtecjundiai.com.br\/news\/?p=113892"},"modified":"2023-08-23T12:03:27","modified_gmt":"2023-08-23T15:03:27","slug":"supermercado-peralta-abre-mais-de-10-vagas-de-emprego-em-jundiai","status":"publish","type":"post","link":"https:\/\/tvtecjundiai.com.br\/news\/2023\/08\/23\/supermercado-peralta-abre-mais-de-10-vagas-de-emprego-em-jundiai\/","title":{"rendered":"Supermercado Peralta abre mais de 10 vagas de emprego em Jundia\u00ed"},"content":{"rendered":"\n<p>O Supermercado Peralta, anteriormente conhecido como Paulist\u00e3o, est\u00e1 com mais de 10 oportunidades de emprego dispon\u00edveis em Jundia\u00ed. As vagas abrangem diversas \u00e1reas, incluindo Operador de Caixa, Fiscal de Loja, Balconista, Repositor e muito mais. Al\u00e9m disso, h\u00e1 tamb\u00e9m posi\u00e7\u00f5es espec\u00edficas destinadas a pessoas com defici\u00eancia.<\/p>\n\n\n\n<p>A empresa oferece uma gama de benef\u00edcios para seus colaboradores, como Assist\u00eancia M\u00e9dica, Assist\u00eancia Odontol\u00f3gica, Cesta B\u00e1sica ou Vale-Alimenta\u00e7\u00e3o, Vale-Refei\u00e7\u00e3o e Vale-Transporte. Segue abaixo a lista de vagas de emprego atualmente abertas no supermercado de Jundia\u00ed:<\/p>\n\n\n<div class=\"wp-block-image\">\n<figure class=\"aligncenter size-full\"><img loading=\"lazy\" decoding=\"async\" width=\"705\" height=\"514\" src=\"https:\/\/tvtecjundiai.com.br\/news\/wp-content\/uploads\/sites\/2\/2023\/08\/peralta.jpg\" alt=\"\" class=\"wp-image-113893\" srcset=\"https:\/\/tvtecjundiai.com.br\/news\/wp-content\/uploads\/sites\/2\/2023\/08\/peralta.jpg 705w, https:\/\/tvtecjundiai.com.br\/news\/wp-content\/uploads\/sites\/2\/2023\/08\/peralta-300x219.jpg 300w\" sizes=\"auto, (max-width: 705px) 100vw, 705px\" \/><figcaption class=\"wp-element-caption\">As vagas abrangem diversas \u00e1reas, incluindo Operador de Caixa, Fiscal de Loja, Balconista, Repositor e muito mais<\/figcaption><\/figure>\n<\/div>\n\n\n<ol class=\"wp-block-list\">\n<li><strong>Repositor de Mercadorias<\/strong>\n<ul class=\"wp-block-list\">\n<li>N\u00famero de Vagas: 4 (sendo 1 vaga exclusiva para Pessoas com Defici\u00eancia)<\/li>\n\n\n\n<li>Requisitos: Ensino Fundamental Completo<\/li>\n\n\n\n<li>Prazo para Inscri\u00e7\u00f5es: At\u00e9 31 de agosto<\/li>\n<\/ul>\n<\/li>\n\n\n\n<li><strong>Balconista de A\u00e7ougue<\/strong>\n<ul class=\"wp-block-list\">\n<li>N\u00famero de Vagas: 3<\/li>\n\n\n\n<li>Requisitos: Ensino Fundamental Completo<\/li>\n\n\n\n<li>Prazo para Inscri\u00e7\u00f5es: At\u00e9 31 de agosto<\/li>\n<\/ul>\n<\/li>\n\n\n\n<li><strong>Fiscal de loja<\/strong>\n<ul class=\"wp-block-list\">\n<li>N\u00famero de Vagas: 2<\/li>\n\n\n\n<li>Requisitos: Ensino M\u00e9dio Completo<\/li>\n\n\n\n<li>Prazo para Inscri\u00e7\u00f5es: At\u00e9 31 de agosto<\/li>\n<\/ul>\n<\/li>\n\n\n\n<li><strong>Atendente Balconista<\/strong>\n<ul class=\"wp-block-list\">\n<li>N\u00famero de Vagas: 2<\/li>\n\n\n\n<li>Requisitos: Ensino Fundamental Completo<\/li>\n\n\n\n<li>Prazo para Inscri\u00e7\u00f5es: At\u00e9 31 de agosto<\/li>\n<\/ul>\n<\/li>\n\n\n\n<li><strong>Operador de Caixa<\/strong>\n<ul class=\"wp-block-list\">\n<li>N\u00famero de Vagas: 2 (exclusivas para Pessoas com Defici\u00eancia)<\/li>\n\n\n\n<li>Requisitos: Ensino M\u00e9dio Completo<\/li>\n\n\n\n<li>Prazo para Inscri\u00e7\u00f5es: At\u00e9 31 de agosto<\/li>\n<\/ul>\n<\/li>\n\n\n\n<li><strong>Padeiro<\/strong>\n<ul class=\"wp-block-list\">\n<li>N\u00famero de Vagas: 3<\/li>\n\n\n\n<li>Requisitos: Ensino Fundamental Completo<\/li>\n\n\n\n<li>Prazo para Inscri\u00e7\u00f5es: At\u00e9 31 de agosto<\/li>\n<\/ul>\n<\/li>\n\n\n\n<li><strong>Auxiliar de Confeitaria<\/strong>\n<ul class=\"wp-block-list\">\n<li>N\u00famero de Vagas: 2<\/li>\n\n\n\n<li>Requisitos: Ensino Fundamental Completo<\/li>\n\n\n\n<li>Prazo para Inscri\u00e7\u00f5es: At\u00e9 31 de agosto<\/li>\n<\/ul>\n<\/li>\n<\/ol>\n\n\n\n<p>Para se candidatar a qualquer uma destas vagas, acesse o site: web.jundiai.sp.gov.br\/PMJ\/emprega\/Vaga. No portal, efetue seu cadastro, busque pelo nome &#8220;Paulist\u00e3o&#8221;, um nome anterior da rede de supermercados, e ent\u00e3o clique na op\u00e7\u00e3o &#8220;Candidatar-se&#8221; junto \u00e0 vaga desejada.<\/p>\n\n\n\n<p><strong><em>(Fonte: TVTEC Jundia\u00ed\/Imagem: Paulist\u00e3o\/Divulga\u00e7\u00e3o)<\/em><\/strong><\/p>\n","protected":false},"excerpt":{"rendered":"<p>As vagas abrangem diversas \u00e1reas, incluindo Operador de Caixa, Fiscal de Loja, Balconista, Repositor e muito mais<\/p>\n","protected":false},"author":24,"featured_media":113893,"comment_status":"closed","ping_status":"0","sticky":false,"template":"","format":"standard","meta":{"footnotes":""},"categories":[8363,8356,1],"tags":[],"class_list":["post-113892","post","type-post","status-publish","format-standard","has-post-thumbnail","hentry","category-emprego-2","category-jundiai","category-noticias"],"_links":{"self":[{"href":"https:\/\/tvtecjundiai.com.br\/news\/wp-json\/wp\/v2\/posts\/113892","targetHints":{"allow":["GET"]}}],"collection":[{"href":"https:\/\/tvtecjundiai.com.br\/news\/wp-json\/wp\/v2\/posts"}],"about":[{"href":"https:\/\/tvtecjundiai.com.br\/news\/wp-json\/wp\/v2\/types\/post"}],"author":[{"embeddable":true,"href":"https:\/\/tvtecjundiai.com.br\/news\/wp-json\/wp\/v2\/users\/24"}],"replies":[{"embeddable":true,"href":"https:\/\/tvtecjundiai.com.br\/news\/wp-json\/wp\/v2\/comments?post=113892"}],"version-history":[{"count":2,"href":"https:\/\/tvtecjundiai.com.br\/news\/wp-json\/wp\/v2\/posts\/113892\/revisions"}],"predecessor-version":[{"id":113902,"href":"https:\/\/tvtecjundiai.com.br\/news\/wp-json\/wp\/v2\/posts\/113892\/revisions\/113902"}],"wp:featuredmedia":[{"embeddable":true,"href":"https:\/\/tvtecjundiai.com.br\/news\/wp-json\/wp\/v2\/media\/113893"}],"wp:attachment":[{"href":"https:\/\/tvtecjundiai.com.br\/news\/wp-json\/wp\/v2\/media?parent=113892"}],"wp:term":[{"taxonomy":"category","embeddable":true,"href":"https:\/\/tvtecjundiai.com.br\/news\/wp-json\/wp\/v2\/categories?post=113892"},{"taxonomy":"post_tag","embeddable":true,"href":"https:\/\/tvtecjundiai.com.br\/news\/wp-json\/wp\/v2\/tags?post=113892"}],"curies":[{"name":"wp","href":"https:\/\/api.w.org\/{rel}","templated":true}]}}