{"id":113899,"date":"2023-08-23T11:48:27","date_gmt":"2023-08-23T14:48:27","guid":{"rendered":"https:\/\/tvtecjundiai.com.br\/news\/?p=113899"},"modified":"2023-08-23T14:59:32","modified_gmt":"2023-08-23T17:59:32","slug":"brasil-enfrenta-onda-de-calor-e-pode-ter-recordes-de-temperatura-em-pleno-inverno","status":"publish","type":"post","link":"https:\/\/tvtecjundiai.com.br\/news\/2023\/08\/23\/brasil-enfrenta-onda-de-calor-e-pode-ter-recordes-de-temperatura-em-pleno-inverno\/","title":{"rendered":"Brasil enfrenta onda de calor e pode ter recordes de temperatura em pleno inverno"},"content":{"rendered":"\n<p>Uma onda de calor prevista para atuar ao menos at\u00e9 s\u00e1bado (26) tem potencial para provocar recordes de temperatura em pleno inverno no Brasil. De acordo com a an\u00e1lise dos meteorologistas,&nbsp;o calor que o pa\u00eds vai enfrentar nesta 3\u00aa semana de agosto \u00e9 mais comum de ser registrado em setembro e outubro.<\/p>\n\n\n\n<p>A partir desta ter\u00e7a-feira (22), de acordo com o Climatempo, os term\u00f4metros sobem devido a uma grande massa de ar quente e seco que cobre grande parte do Brasil.<\/p>\n\n\n\n<blockquote class=\"wp-block-quote is-layout-flow wp-block-quote-is-layout-flow\">\n<p>\u00c9 verdade que o inverno de 2023 j\u00e1 foi marcado por altas temperaturas em algumas regi\u00f5es, mas agora o destaque da previs\u00e3o \u00e9 que a eleva\u00e7\u00e3o dos term\u00f4metros vai ocorrer simultaneamente em v\u00e1rios estados de diferentes regi\u00f5es e com valores ainda mais altos.<\/p>\n\n\n\n<p>Durante os 21 primeiros dias do m\u00eas j\u00e1 foram observados picos de calor pelo Brasil.&nbsp;Em&nbsp;Cuiab\u00e1, no dia 10, os term\u00f4metros marcaram 40,4\u00b0C, estabelecendo o mais novo recorde de calor do ano no pa\u00eds, de acordo com medi\u00e7\u00f5es feitas pelo Instituto Nacional de Meteorologia (Inmet). A m\u00e9dia de temperatura para a regi\u00e3o no m\u00eas \u00e9 de 34,7\u00b0C.<\/p>\n\n\n\n<p>As regi\u00f5es que mais devem sentir a eleva\u00e7\u00e3o das temperaturas s\u00e3o o Sudeste e o Centro-oeste, com m\u00e1ximas perto ou acima de 40\u00baC em v\u00e1rios pontos.&nbsp;Veja abaixo:<\/p>\n\n\n\n<p>Em&nbsp;S\u00e3o Paulo, o pico do calor deve acontecer entre quarta-feira (23) e quinta-feira (24), quando as m\u00e1ximas devem oscilar entre 32\u00b0C e 34\u00b0C.<br>J\u00e1 o Rio Grande do Sul deve ter m\u00e1ximas entre 32\u00b0C e 34\u00b0C em v\u00e1rios pontos do estado.<br>No&nbsp;Rio de Janeiro, s\u00e3o esperadas m\u00e1ximas \u00e0 tarde de 36\u00b0C a 39\u00b0C em muitas cidades, especialmente perto da costa, segundo o servi\u00e7o de meteorologia MetSul.<br>Para o Tri\u00e2ngulo Mineiro, est\u00e3o previstas m\u00e1ximas de 37\u00b0C a 40\u00b0C durante a tarde de quarta-feira (23).<\/p>\n\n\n<div class=\"wp-block-image\">\n<figure class=\"aligncenter size-full is-resized\"><img loading=\"lazy\" decoding=\"async\" src=\"https:\/\/tvtecjundiai.com.br\/news\/wp-content\/uploads\/sites\/2\/2023\/08\/image-13.png\" alt=\"\" class=\"wp-image-113900\" width=\"645\" height=\"483\" srcset=\"https:\/\/tvtecjundiai.com.br\/news\/wp-content\/uploads\/sites\/2\/2023\/08\/image-13.png 1000w, https:\/\/tvtecjundiai.com.br\/news\/wp-content\/uploads\/sites\/2\/2023\/08\/image-13-300x225.png 300w, https:\/\/tvtecjundiai.com.br\/news\/wp-content\/uploads\/sites\/2\/2023\/08\/image-13-768x576.png 768w\" sizes=\"auto, (max-width: 645px) 100vw, 645px\" \/><figcaption class=\"wp-element-caption\">Praticamente todo o pa\u00eds ser\u00e1 afetado pelo calor: as m\u00e1ximas devem chegar a 34\u00b0C em S\u00e3o Paulo<\/figcaption><\/figure>\n<\/div>\n\n\n<h2 class=\"wp-block-heading\">Corredor de vento favorece o calor<\/h2>\n\n\n\n<p>Segundo a MetSul, o calor extremo \u00e9 consequ\u00eancia da atua\u00e7\u00e3o de uma &#8220;corrente de jato&#8221; (ventos) em baixos n\u00edveis da atmosfera, que transportar\u00e1 o ar quente do Norte do pa\u00eds em dire\u00e7\u00e3o ao Sul e Sudeste.<\/p>\n\n\n\n<p>Desta vez, a corrente vem do leste da regi\u00e3o dos Andes, no&nbsp;<a class=\"\" href=\"https:\/\/g1.globo.com\/tudo-sobre\/chile\/\">Chile<\/a>, enquanto, normalmente, ela costuma ser oriunda da&nbsp;<a class=\"\" href=\"https:\/\/g1.globo.com\/tudo-sobre\/bolivia\/\">Bol\u00edvia<\/a>&nbsp;ou do Centro-Oeste do Brasil.<\/p>\n\n\n\n<p>Com uma extens\u00e3o de centenas de quil\u00f4metros, ele se forma a partir do sul da regi\u00e3o amaz\u00f4nica e percorre um caminho at\u00e9 a Bacia do Rio da Prata, que se estende ao sul do Brasil, passando pelo&nbsp;<a class=\"\" href=\"https:\/\/g1.globo.com\/tudo-sobre\/uruguai\/\">Uruguai<\/a>,&nbsp;<a class=\"\" href=\"https:\/\/g1.globo.com\/tudo-sobre\/paraguai\/\">Paraguai<\/a>&nbsp;e&nbsp;<a class=\"\" href=\"https:\/\/g1.globo.com\/tudo-sobre\/argentina\/\">Argentina<\/a>. Esse transporte de ar quente \u00e9 comum antes de frentes frias e ciclones.<\/p>\n\n\n\n<h2 class=\"wp-block-heading\">Extremos do clima: do calor\u00e3o \u00e0 geada<\/h2>\n\n\n\n<p>Por outro lado, ao longo desta ter\u00e7a-feira (22), uma frente fria avan\u00e7ar\u00e1 em dire\u00e7\u00e3o ao sul e leste do Rio Grande do Sul, trazendo chuvas e risco de tempestades. Enquanto isso, nas regi\u00f5es oeste e noroeste, o tempo permanecer\u00e1 quente. A instabilidade tamb\u00e9m atingir\u00e1 o leste de Santa Catarina.<\/p>\n\n\n\n<p>Na quarta, a instabilidade clim\u00e1tica estar\u00e1 concentrada no Rio Grande do Sul, com possibilidade de chuvas e temporais. Na quinta-feira, o sistema se deslocar\u00e1 tamb\u00e9m para parte de Santa Catarina e do Paran\u00e1, onde haver\u00e1 instabilidade localizada significativa.<\/p>\n\n\n\n<p>Na sexta, espera-se uma quantidade substancial de chuva, com alto risco de condi\u00e7\u00f5es clim\u00e1ticas severas em Santa Catarina e no Paran\u00e1. Neste per\u00edodo, a frente fria j\u00e1 ter\u00e1 modificado o tempo, trazendo chuvas e tempestades para \u00e1reas de S\u00e3o Paulo e do Centro-Oeste.<\/p>\n\n\n\n<p>Final da semana:&nbsp;\u00c0 medida que a frente fria se afasta, uma massa de ar frio de origem polar, de intensidade consider\u00e1vel, adentrar\u00e1 o Sul do Brasil no final da semana.<\/p>\n\n\n\n<p>Isso resultar\u00e1 em uma<strong>&nbsp;<\/strong>acentuada queda nas temperaturas, levando a m\u00ednimas bastante baixas e \u00e0 possibilidade de forma\u00e7\u00e3o de geada. Ao mesmo tempo, a frente fria continuar\u00e1 a afetar outras regi\u00f5es, trazendo chuvas e poss\u00edveis temporais isolados para muitas \u00e1reas do Sudeste e Centro-Oeste do Brasil.<\/p>\n\n\n\n<p><strong><em>Fonte \/ Imagem: <\/em><\/strong>G1<\/p>\n<\/blockquote>\n","protected":false},"excerpt":{"rendered":"<p>Praticamente todo o pa\u00eds ser\u00e1 afetado pelo calor: as m\u00e1ximas devem chegar a 34\u00b0C em S\u00e3o Paulo<\/p>\n","protected":false},"author":24,"featured_media":113900,"comment_status":"closed","ping_status":"0","sticky":false,"template":"","format":"standard","meta":{"footnotes":""},"categories":[3185,8356,1],"tags":[],"class_list":["post-113899","post","type-post","status-publish","format-standard","has-post-thumbnail","hentry","category-clima","category-jundiai","category-noticias"],"_links":{"self":[{"href":"https:\/\/tvtecjundiai.com.br\/news\/wp-json\/wp\/v2\/posts\/113899","targetHints":{"allow":["GET"]}}],"collection":[{"href":"https:\/\/tvtecjundiai.com.br\/news\/wp-json\/wp\/v2\/posts"}],"about":[{"href":"https:\/\/tvtecjundiai.com.br\/news\/wp-json\/wp\/v2\/types\/post"}],"author":[{"embeddable":true,"href":"https:\/\/tvtecjundiai.com.br\/news\/wp-json\/wp\/v2\/users\/24"}],"replies":[{"embeddable":true,"href":"https:\/\/tvtecjundiai.com.br\/news\/wp-json\/wp\/v2\/comments?post=113899"}],"version-history":[{"count":2,"href":"https:\/\/tvtecjundiai.com.br\/news\/wp-json\/wp\/v2\/posts\/113899\/revisions"}],"predecessor-version":[{"id":113913,"href":"https:\/\/tvtecjundiai.com.br\/news\/wp-json\/wp\/v2\/posts\/113899\/revisions\/113913"}],"wp:featuredmedia":[{"embeddable":true,"href":"https:\/\/tvtecjundiai.com.br\/news\/wp-json\/wp\/v2\/media\/113900"}],"wp:attachment":[{"href":"https:\/\/tvtecjundiai.com.br\/news\/wp-json\/wp\/v2\/media?parent=113899"}],"wp:term":[{"taxonomy":"category","embeddable":true,"href":"https:\/\/tvtecjundiai.com.br\/news\/wp-json\/wp\/v2\/categories?post=113899"},{"taxonomy":"post_tag","embeddable":true,"href":"https:\/\/tvtecjundiai.com.br\/news\/wp-json\/wp\/v2\/tags?post=113899"}],"curies":[{"name":"wp","href":"https:\/\/api.w.org\/{rel}","templated":true}]}}