{"id":113921,"date":"2023-08-23T17:46:22","date_gmt":"2023-08-23T20:46:22","guid":{"rendered":"https:\/\/tvtecjundiai.com.br\/news\/?p=113921"},"modified":"2023-08-23T17:46:23","modified_gmt":"2023-08-23T20:46:23","slug":"sexta-feira-25-e-dia-do-1o-festival-de-pastel-de-feira-de-jundiai","status":"publish","type":"post","link":"https:\/\/tvtecjundiai.com.br\/news\/2023\/08\/23\/sexta-feira-25-e-dia-do-1o-festival-de-pastel-de-feira-de-jundiai\/","title":{"rendered":"Sexta-feira (25) \u00e9 dia do 1\u00ba Festival de Pastel de Feira de Jundia\u00ed"},"content":{"rendered":"\n<p>Nesta sexta-feira (25), a Prefeitura de Jundia\u00ed, por meio da Unidade de Agroneg\u00f3cio, Abastecimento e Turismo (UGAAT), promove o 1\u00ba Festival de Pastel de Feira de Jundia\u00ed. O Festival ser\u00e1 realizado no Parque da Uva, junto \u00e0 FENS (Feira do Empreendedor, Neg\u00f3cios e Servi\u00e7os), entre 15h e 22h, e o p\u00fablico poder\u00e1 provar past\u00e9is e caldos de cana de 8 barracas das feiras de Jundia\u00ed. A entrada \u00e9 gratuita.<\/p>\n\n\n\n<p>\u201cO objetivo do 1\u00ba Festival do Pastel de Feira \u00e9 homenagear os feirantes com um dos produtos mais representativos da feira, que \u00e9 o pastel, juntamente com o caldo de cana, que \u00e9 prefer\u00eancia nacional\u201d, disse o gestor de Agroneg\u00f3cio, Abastecimento e Turismo, Eduardo Alvarez. N\u00e3o haver\u00e1 competi\u00e7\u00e3o para escolher o preferido.<\/p>\n\n\n<div class=\"wp-block-image\">\n<figure class=\"aligncenter\"><img decoding=\"async\" src=\"https:\/\/jundiai.sp.gov.br\/noticias\/wp-content\/uploads\/sites\/32\/2023\/08\/feira_livre_vianelo-307-1-1280x854.jpg\" alt=\"\" class=\"wp-image-325049\" \/><figcaption class=\"wp-element-caption\">P\u00fablico poder\u00e1 provar past\u00e9is e caldos de cana de 8 barracas das feiras de Jundia\u00ed<\/figcaption><\/figure>\n<\/div>\n\n\n<p>Atualmente, s\u00e3o 18 empresas de feirantes atendendo com 60 barracas de past\u00e9is nas 35 feiras livres e varej\u00f5es da cidade. Aproximadamente, 8.000 past\u00e9is s\u00e3o vendidos, por dia, em Jundia\u00ed. O setor emprega cerca de 150 pessoas na cidade.<\/p>\n\n\n\n<p>Segundo a diretora de Abastecimento, Georgea Casoti, o festival deve receber grande p\u00fablico. \u201cAproveitamos a realiza\u00e7\u00e3o da Fens e colocamos o Festival do Pastel de Feira no mesmo evento. \u00c9 uma forma do p\u00fablico conhecer tamb\u00e9m todos os empreendedores e feirantes e ter o conforto de participar do Festival em local amplo e de f\u00e1cil acesso que \u00e9 o Parque da Uva\u201d, completou.<\/p>\n\n\n\n<p>O 1\u00ba Festival de Pastel de Feira de Jundia\u00ed encerra a programa\u00e7\u00e3o da Semana do Feirante de Jundia\u00ed. Lembrando que o Dia do Feirante \u00e9 comemorado no dia 25 de agosto. Segundo levantamento da Prefeitura, Jundia\u00ed conta com 35 feiras livres e varej\u00f5es, distribu\u00eddas em diversos pontos da cidade, al\u00e9m de 310 cadastros de feirantes no Departamento de Abastecimento. Para solicitar um ponto em feira em Jundia\u00ed, \u00e9 necess\u00e1rio acessar o site e encaminhar os documentos necess\u00e1rios para an\u00e1lise e aprova\u00e7\u00e3o.<\/p>\n\n\n\n<p><strong><em>Fonte \/ Imagem: Prefeitura de Jundia\u00ed<\/em><\/strong><\/p>\n","protected":false},"excerpt":{"rendered":"<p>P\u00fablico poder\u00e1 provar past\u00e9is e caldos de cana de 8 barracas das feiras de Jundia\u00ed<\/p>\n","protected":false},"author":24,"featured_media":113922,"comment_status":"closed","ping_status":"0","sticky":false,"template":"","format":"standard","meta":{"footnotes":""},"categories":[8356,1],"tags":[],"class_list":["post-113921","post","type-post","status-publish","format-standard","has-post-thumbnail","hentry","category-jundiai","category-noticias"],"_links":{"self":[{"href":"https:\/\/tvtecjundiai.com.br\/news\/wp-json\/wp\/v2\/posts\/113921","targetHints":{"allow":["GET"]}}],"collection":[{"href":"https:\/\/tvtecjundiai.com.br\/news\/wp-json\/wp\/v2\/posts"}],"about":[{"href":"https:\/\/tvtecjundiai.com.br\/news\/wp-json\/wp\/v2\/types\/post"}],"author":[{"embeddable":true,"href":"https:\/\/tvtecjundiai.com.br\/news\/wp-json\/wp\/v2\/users\/24"}],"replies":[{"embeddable":true,"href":"https:\/\/tvtecjundiai.com.br\/news\/wp-json\/wp\/v2\/comments?post=113921"}],"version-history":[{"count":1,"href":"https:\/\/tvtecjundiai.com.br\/news\/wp-json\/wp\/v2\/posts\/113921\/revisions"}],"predecessor-version":[{"id":113923,"href":"https:\/\/tvtecjundiai.com.br\/news\/wp-json\/wp\/v2\/posts\/113921\/revisions\/113923"}],"wp:featuredmedia":[{"embeddable":true,"href":"https:\/\/tvtecjundiai.com.br\/news\/wp-json\/wp\/v2\/media\/113922"}],"wp:attachment":[{"href":"https:\/\/tvtecjundiai.com.br\/news\/wp-json\/wp\/v2\/media?parent=113921"}],"wp:term":[{"taxonomy":"category","embeddable":true,"href":"https:\/\/tvtecjundiai.com.br\/news\/wp-json\/wp\/v2\/categories?post=113921"},{"taxonomy":"post_tag","embeddable":true,"href":"https:\/\/tvtecjundiai.com.br\/news\/wp-json\/wp\/v2\/tags?post=113921"}],"curies":[{"name":"wp","href":"https:\/\/api.w.org\/{rel}","templated":true}]}}