{"id":113948,"date":"2023-08-24T14:08:16","date_gmt":"2023-08-24T17:08:16","guid":{"rendered":"https:\/\/tvtecjundiai.com.br\/news\/?p=113948"},"modified":"2023-08-24T14:08:16","modified_gmt":"2023-08-24T17:08:16","slug":"prefeitura-e-childhood-alinham-parceria-para-rede-de-prevencao-a-violencia-contra-criancas","status":"publish","type":"post","link":"https:\/\/tvtecjundiai.com.br\/news\/2023\/08\/24\/prefeitura-e-childhood-alinham-parceria-para-rede-de-prevencao-a-violencia-contra-criancas\/","title":{"rendered":"Prefeitura e Childhood alinham parceria para rede de preven\u00e7\u00e3o \u00e0 viol\u00eancia contra crian\u00e7as"},"content":{"rendered":"\n<p>Nesta semana, o Prefeito Luiz Fernando Machado e gestores municipais se reuniram com integrantes da renomada associa\u00e7\u00e3o Childhood Brasil. O encontro teve como objetivo discutir parcerias para o aprimoramento das pol\u00edticas p\u00fablicas com foco na inf\u00e2ncia aplicadas no munic\u00edpio, principalmente no combate \u00e0 viol\u00eancia contra as crian\u00e7as.<\/p>\n\n\n\n<p>A Prefeitura est\u00e1, nesse momento, implementando projeto de um Centro de Refer\u00eancia para servi\u00e7o de atendimento a crian\u00e7as e adolescentes v\u00edtimas de viol\u00eancia, localizado na avenida Professora Danielle Louren\u00e7on, s\/n, no bairro Jardim Novo Horizonte. O novo equipamento est\u00e1 em fase final de licita\u00e7\u00e3o e a ideia \u00e9 contar com a ajuda da Childhood para cria\u00e7\u00e3o de protocolos e fluxos de atendimentos que assegurem assist\u00eancia completa \u00e0s crian\u00e7as, integrando os diversos servi\u00e7os j\u00e1 ofertados pelo munic\u00edpio.<\/p>\n\n\n\n<p>\u201cJundia\u00ed \u00e9 a Cidade das Crian\u00e7as e os investimentos em pol\u00edticas p\u00fablicas intersetoriais visam promover a redu\u00e7\u00e3o da desigualdade social. Sabemos quais s\u00e3o as potencialidades e as fraquezas do munic\u00edpio. Portanto, \u00e9 fundamental que os programas alcancem as crian\u00e7as, para que possamos avan\u00e7ar na escala do desenvolvimento\u201d, comenta o Prefeito Luiz Fernando Machado.<\/p>\n\n\n<div class=\"wp-block-image\">\n<figure class=\"aligncenter\"><img decoding=\"async\" src=\"https:\/\/jundiai.sp.gov.br\/noticias\/wp-content\/uploads\/sites\/32\/2023\/08\/encontro_childhood_brasil-13-3-1280x854.jpg\" alt=\"\" class=\"wp-image-325163\" \/><figcaption class=\"wp-element-caption\">Encontro visa fortalecer as pol\u00edticas para a inf\u00e2ncia desenvolvidas em Jundia\u00ed<\/figcaption><\/figure>\n<\/div>\n\n\n<p>Neste ano, Jundia\u00ed foi nomeada como sede da Rede Brasileira de Cidade das Crian\u00e7as. O reconhecimento veio ap\u00f3s a consolida\u00e7\u00e3o de pol\u00edticas e programas, como por exemplo o Cidade das Crian\u00e7as e Escola Inovadora, al\u00e9m de ferramentas como os Alertas da Inf\u00e2ncia, Observat\u00f3rio Jundia\u00ed, entre tantas outras. A cidade conta com a parceria de institui\u00e7\u00f5es como a Bernard Van Leer, Alana, Maria Cec\u00edlia Souto Vidigal, Rede Urban 95 e a pr\u00f3pria Rede de Cidade das Crian\u00e7as.<\/p>\n\n\n\n<p>\u201cAs crian\u00e7as s\u00e3o uma prioridade da gest\u00e3o e a parceria com a Childhood tem como objetivo qualificar ainda mais as pol\u00edticas da inf\u00e2ncia na cidade. A viol\u00eancia causa danos irrevers\u00edveis na forma\u00e7\u00e3o do ser humano e devemos atuar de forma intersetorial para realizar o acolhimento e a escuta qualificada das v\u00edtimas, al\u00e9m de trabalhar fortemente com a preven\u00e7\u00e3o\u201d, ressalta o Gestor de Governo e Finan\u00e7as, Jos\u00e9 Antonio Parimoschi.<\/p>\n\n\n\n<p>Tamb\u00e9m estiveram presentes o gestor Tiago Texera (Promo\u00e7\u00e3o de Sa\u00fade), Maria Brant (Assist\u00eancia e Desenvolvimento Social), al\u00e9m da Diretora do Departamento de Aten\u00e7\u00e3o Ambulatorial e Hospitalar, Daniele Evangelista, al\u00e9m da representante da Educa\u00e7\u00e3o, Adriana Faccioni.<\/p>\n\n\n\n<p><strong><em>Fonte \/ Imagem: Prefeitura de Jundia\u00ed<\/em><\/strong><\/p>\n","protected":false},"excerpt":{"rendered":"<p>Encontro visa fortalecer as pol\u00edticas para a inf\u00e2ncia desenvolvidas em Jundia\u00ed<\/p>\n","protected":false},"author":24,"featured_media":113949,"comment_status":"closed","ping_status":"0","sticky":false,"template":"","format":"standard","meta":{"footnotes":""},"categories":[8356,1],"tags":[],"class_list":["post-113948","post","type-post","status-publish","format-standard","has-post-thumbnail","hentry","category-jundiai","category-noticias"],"_links":{"self":[{"href":"https:\/\/tvtecjundiai.com.br\/news\/wp-json\/wp\/v2\/posts\/113948","targetHints":{"allow":["GET"]}}],"collection":[{"href":"https:\/\/tvtecjundiai.com.br\/news\/wp-json\/wp\/v2\/posts"}],"about":[{"href":"https:\/\/tvtecjundiai.com.br\/news\/wp-json\/wp\/v2\/types\/post"}],"author":[{"embeddable":true,"href":"https:\/\/tvtecjundiai.com.br\/news\/wp-json\/wp\/v2\/users\/24"}],"replies":[{"embeddable":true,"href":"https:\/\/tvtecjundiai.com.br\/news\/wp-json\/wp\/v2\/comments?post=113948"}],"version-history":[{"count":1,"href":"https:\/\/tvtecjundiai.com.br\/news\/wp-json\/wp\/v2\/posts\/113948\/revisions"}],"predecessor-version":[{"id":113950,"href":"https:\/\/tvtecjundiai.com.br\/news\/wp-json\/wp\/v2\/posts\/113948\/revisions\/113950"}],"wp:featuredmedia":[{"embeddable":true,"href":"https:\/\/tvtecjundiai.com.br\/news\/wp-json\/wp\/v2\/media\/113949"}],"wp:attachment":[{"href":"https:\/\/tvtecjundiai.com.br\/news\/wp-json\/wp\/v2\/media?parent=113948"}],"wp:term":[{"taxonomy":"category","embeddable":true,"href":"https:\/\/tvtecjundiai.com.br\/news\/wp-json\/wp\/v2\/categories?post=113948"},{"taxonomy":"post_tag","embeddable":true,"href":"https:\/\/tvtecjundiai.com.br\/news\/wp-json\/wp\/v2\/tags?post=113948"}],"curies":[{"name":"wp","href":"https:\/\/api.w.org\/{rel}","templated":true}]}}