{"id":114020,"date":"2023-08-26T12:18:38","date_gmt":"2023-08-26T15:18:38","guid":{"rendered":"https:\/\/tvtecjundiai.com.br\/news\/?p=114020"},"modified":"2023-08-26T12:18:42","modified_gmt":"2023-08-26T15:18:42","slug":"circuito-criancas-empreendedoras-e-elogiado-por-especialistas","status":"publish","type":"post","link":"https:\/\/tvtecjundiai.com.br\/news\/2023\/08\/26\/circuito-criancas-empreendedoras-e-elogiado-por-especialistas\/","title":{"rendered":"Circuito Crian\u00e7as Empreendedoras \u00e9 elogiado por especialistas"},"content":{"rendered":"\n<p>O circuito Crian\u00e7as Empreendedoras, iniciativa da Prefeitura de Jundia\u00ed na 3\u00aa FENS \u2013 Feira do Empreendedor, Neg\u00f3cios e Servi\u00e7os \u2013 \u00e9 visto com bons olhos por especialistas das \u00e1reas econ\u00f4mica e psicol\u00f3gica. A maior novidade da feira insere as crian\u00e7as de 3 a 12 anos no mundo do empreendedorismo, de forma l\u00fadica e divertida. O evento prossegue neste s\u00e1bado (26), das 10h \u00e0s 22h, e domingo (27), das 10h \u00e0s 20h. A entrada e o estacionamento s\u00e3o gratuitos, com v\u00e1rias atra\u00e7\u00f5es programadas.<\/p>\n\n\n\n<p>Com o dinheiro que ganham no circuito, as crian\u00e7as escolhem como gast\u00e1-lo: sal\u00e3o de beleza ou golfe<br>\u201cUm diferencial importante \u00e9 que estamos cuidando da base, ajudando a formar adultos mais conscientes no que se refere ao planejamento financeiro familiar. Estamos plantando agora um conhecimento que ter\u00e1 reflexos muito importantes no futuro\u201d, destacou o prefeito Luiz Fernando Machado.<\/p>\n\n\n\n<p>Desde o final de semana passado, quando a atra\u00e7\u00e3o teve in\u00edcio, aproximadamente 500 fam\u00edlias se inscreveram para participar. O circuito Crian\u00e7a Empreendedora \u00e9 totalmente gratuito e funciona a partir das 10h, neste s\u00e1bado (26) e domingo (27). A inscri\u00e7\u00e3o deve ser feita por meio de um link. \u201cAl\u00e9m de despertar o esp\u00edrito empreendedor, elas ter\u00e3o a oportunidade de praticar, no mundo real, conceitos como trabalho em equipe, comunica\u00e7\u00e3o, planejamento e responsabilidade\u201d, ressaltou Cristiano Lopes, gestor de Desenvolvimento Econ\u00f4mico, Ci\u00eancia e Tecnologia e idealizador da FENS.<\/p>\n\n\n\n<p><br>Messias Mercadante, economista: \u201cDespertar a iniciativa empreendedora nos jovens \u00e9 importante\u201d<br>Ainda segundo Cristiano, o circuito foi criado para estimular a criatividade, resolu\u00e7\u00e3o de problemas e pensamento cr\u00edtico, preparando os jovens para compreender conceitos empresariais b\u00e1sicos e desenvolver mentalidade empreendedora ao longo da vida. Para o economista e professor Messias Mercadante, a iniciativa \u00e9 muito importante. \u201cEssa a\u00e7\u00e3o \u00e9 da maior import\u00e2ncia, pois desperta no jovem uma iniciativa empreendedora, de como funcionam as empresas, a vis\u00e3o estrutural de um neg\u00f3cio empresarial com despesas, receitas e custos. A nossa juventude \u00e9 muito criativa, muito conectada \u00e0 internet, ent\u00e3o deve-se abrir portas importantes para que ela possa iniciar pequenos neg\u00f3cios e crescer no nosso pa\u00eds\u201d.<\/p>\n\n\n\n<p>\u201c\u00c9 fundamental que, no futuro, tenhamos cidad\u00e3os mais conscientes de sua participa\u00e7\u00e3o na constru\u00e7\u00e3o de um bom governo e de uma boa cidade. Ao pagar o IPTU, por exemplo, que se tenha a consci\u00eancia de que este imposto ajuda a financiar as despesas em \u00e1reas estrat\u00e9gicas para o desenvolvimento, como a educa\u00e7\u00e3o e a sa\u00fade\u201d, completou Jos\u00e9 Antonio Parimoschi, gestor de Governo e Finan\u00e7as.<\/p>\n\n\n\n<figure class=\"wp-block-image size-full\"><img loading=\"lazy\" decoding=\"async\" width=\"1030\" height=\"600\" src=\"https:\/\/tvtecjundiai.com.br\/news\/wp-content\/uploads\/sites\/2\/2023\/08\/natalia_felipe_fens.jpg\" alt=\"\" class=\"wp-image-114021\" srcset=\"https:\/\/tvtecjundiai.com.br\/news\/wp-content\/uploads\/sites\/2\/2023\/08\/natalia_felipe_fens.jpg 1030w, https:\/\/tvtecjundiai.com.br\/news\/wp-content\/uploads\/sites\/2\/2023\/08\/natalia_felipe_fens-300x175.jpg 300w, https:\/\/tvtecjundiai.com.br\/news\/wp-content\/uploads\/sites\/2\/2023\/08\/natalia_felipe_fens-768x447.jpg 768w\" sizes=\"auto, (max-width: 1030px) 100vw, 1030px\" \/><\/figure>\n\n\n\n<p>Efeitos positivos<\/p>\n\n\n\n<p>\u00c9 o caso de Felipe Dio Silva, de 4 anos, que esteve no circuito com a fam\u00edlia no primeiro final de semana da 3\u00aa FENS. A m\u00e3e dele, Carolina Dio Silva, explicou os efeitos positivos da brincadeira. \u201cAchei fant\u00e1stica a iniciativa desse espa\u00e7o para as crian\u00e7as praticarem o empreendedorismo na FENS, pois eu acredito nos efeitos positivos no futuro deles. Fiquei admirada n\u00e3o s\u00f3 pelo fato do meu filho administrar o dinheiro que ele recebeu no in\u00edcio, mas tamb\u00e9m pela habilidade de negociar o produto. Tenho tentado praticar isso em casa, tanto com o Felipe quanto com a Giovana, de 2 anos. Com o Felipe j\u00e1 estamos come\u00e7ando a fazer algumas atividades para que ele possa entender o valor do dinheiro, como conquist\u00e1-lo e administr\u00e1-lo para conquistar as coisas que ele quer\u201d.<\/p>\n\n\n\n<p>Nat\u00e1lia \u00e9 especialista em desenvolvimento infantil; Felipe negociou o produto e escolheu jogar golfe<br>A psic\u00f3loga cl\u00ednica Nat\u00e1lia de Oliveira Corr\u00eaa Rueda \u00e9 especialista em desenvolvimento infantil, oficinas das emo\u00e7\u00f5es e intelig\u00eancia social. Segundo ela, o circuito Crian\u00e7as Empreendedoras \u00e9 algo que agrega profundamente no futuro dos pequenos. \u201cEstimular a crian\u00e7a para desenvolver habilidades no mundo dos neg\u00f3cios pode ser uma troca significativa, pois de forma l\u00fadica ela ir\u00e1 adquirir uma vis\u00e3o de mundo mais ampla. Ela vai compreender melhor a din\u00e2mica da compra e venda. \u2018O que eu preciso fazer para ter dinheiro e comprar algo que eu gosto?\u2019 ou \u2018Tenho um hobby de construir coisas, ser\u00e1 que algu\u00e9m compraria o que eu produzo?\u2019. Diante desses questionamentos, podemos notar que existem diversos assuntos para abordar sobre o meio empreendedor com as crian\u00e7as e o circuito faz exatamente isso\u201d.<\/p>\n\n\n\n<p>Servi\u00e7o<\/p>\n\n\n\n<p>3\u00aa FENS \u2013 Feira do Empreendedor, Neg\u00f3cios e Servi\u00e7os<\/p>\n\n\n\n<p>Datas: 25, 26 e 27 de agosto<br>Hor\u00e1rios: Na sexta (25), das 12h \u00e0s 22h; s\u00e1bado (26), das 10h \u00e0s 22h; e domingo (27), das 10h \u00e0s<br>20h<br>Local: Parque Comendador Ant\u00f4nio Carbonari (avenida Jundia\u00ed, s\/n, Anhangaba\u00fa)<br>Entrada e estacionamento: gratuitos<br>Atra\u00e7\u00f5es: shows musicais, atra\u00e7\u00f5es culturais, pra\u00e7a de alimenta\u00e7\u00e3o<br>Crian\u00e7as Empreendedoras: s\u00e1bado (26) e domingo (27); hor\u00e1rios no link de inscri\u00e7\u00e3o \u2013 http:\/\/bit.ly\/3KHkv1H<br>Aceita animais de estima\u00e7\u00e3o? Sim, o evento \u00e9 pet friendly<\/p>\n\n\n\n<p><strong><em>Fonte: Prefeitura de Jundia\u00ed<\/em><\/strong><\/p>\n","protected":false},"excerpt":{"rendered":"<p>O evento prossegue neste s\u00e1bado (26), das 10h \u00e0s 22h, e domingo (27), das 10h \u00e0s 20h<\/p>\n","protected":false},"author":24,"featured_media":114022,"comment_status":"closed","ping_status":"0","sticky":false,"template":"","format":"standard","meta":{"footnotes":""},"categories":[29,8362,8411,8356],"tags":[],"class_list":["post-114020","post","type-post","status-publish","format-standard","has-post-thumbnail","hentry","category-destaque","category-empreendedorismo","category-governo-e-financas","category-jundiai"],"_links":{"self":[{"href":"https:\/\/tvtecjundiai.com.br\/news\/wp-json\/wp\/v2\/posts\/114020","targetHints":{"allow":["GET"]}}],"collection":[{"href":"https:\/\/tvtecjundiai.com.br\/news\/wp-json\/wp\/v2\/posts"}],"about":[{"href":"https:\/\/tvtecjundiai.com.br\/news\/wp-json\/wp\/v2\/types\/post"}],"author":[{"embeddable":true,"href":"https:\/\/tvtecjundiai.com.br\/news\/wp-json\/wp\/v2\/users\/24"}],"replies":[{"embeddable":true,"href":"https:\/\/tvtecjundiai.com.br\/news\/wp-json\/wp\/v2\/comments?post=114020"}],"version-history":[{"count":1,"href":"https:\/\/tvtecjundiai.com.br\/news\/wp-json\/wp\/v2\/posts\/114020\/revisions"}],"predecessor-version":[{"id":114023,"href":"https:\/\/tvtecjundiai.com.br\/news\/wp-json\/wp\/v2\/posts\/114020\/revisions\/114023"}],"wp:featuredmedia":[{"embeddable":true,"href":"https:\/\/tvtecjundiai.com.br\/news\/wp-json\/wp\/v2\/media\/114022"}],"wp:attachment":[{"href":"https:\/\/tvtecjundiai.com.br\/news\/wp-json\/wp\/v2\/media?parent=114020"}],"wp:term":[{"taxonomy":"category","embeddable":true,"href":"https:\/\/tvtecjundiai.com.br\/news\/wp-json\/wp\/v2\/categories?post=114020"},{"taxonomy":"post_tag","embeddable":true,"href":"https:\/\/tvtecjundiai.com.br\/news\/wp-json\/wp\/v2\/tags?post=114020"}],"curies":[{"name":"wp","href":"https:\/\/api.w.org\/{rel}","templated":true}]}}