{"id":114077,"date":"2023-08-28T10:52:20","date_gmt":"2023-08-28T13:52:20","guid":{"rendered":"https:\/\/tvtecjundiai.com.br\/news\/?p=114077"},"modified":"2023-08-28T10:52:21","modified_gmt":"2023-08-28T13:52:21","slug":"alunos-do-cmeja-fazem-visita-e-conhecem-estrutura-do-paco-municipal","status":"publish","type":"post","link":"https:\/\/tvtecjundiai.com.br\/news\/2023\/08\/28\/alunos-do-cmeja-fazem-visita-e-conhecem-estrutura-do-paco-municipal\/","title":{"rendered":"Alunos do CMEJA fazem visita e conhecem estrutura do Pa\u00e7o Municipal"},"content":{"rendered":"\n<p>40 alunos do Centro Municipal de Educa\u00e7\u00e3o de Jovens e Adultos \u2013 Dr. Andr\u00e9 Franco Montoro (CMEJA) visitaram o Pa\u00e7o Municipal, na semana passada. A atividade marcou o encerramento da 30\u00aa Semana de Preven\u00e7\u00e3o \u00e0s Defici\u00eancias, organizada pela Assessoria de Pol\u00edticas para a Pessoa com Defici\u00eancia \u2013 que est\u00e1 vinculada \u00e0 Unidade de Gest\u00e3o da Casa Civil (UGCC) \u2013 com o Atendimento Educacional Especializado (AEE) e o Conselho Municipal dos Direitos da Pessoa com Defici\u00eancia (CMDPCD).<\/p>\n\n\n\n<p>No audit\u00f3rio, os alunos acompanharam uma palestra ministrada pelo Assessor de Pol\u00edticas para a Pessoa com Defici\u00eancia, Marco Antonio dos Santos, sobre as pol\u00edticas p\u00fablicas desenvolvidas a PCD\u2019s na cidade de Jundia\u00ed, os servi\u00e7os oferecidos pelo Poder P\u00fablico dispon\u00edveis no Portal da Inclus\u00e3o, al\u00e9m da atua\u00e7\u00e3o do N\u00facleo de Apoio a Politicas P\u00fablicas (NAPP) no dia a dia da administra\u00e7\u00e3o. No fim do dia eles ainda conheceram o gabinete do Prefeito Luiz Fernando Machado.<\/p>\n\n\n<div class=\"wp-block-image\">\n<figure class=\"aligncenter\"><img decoding=\"async\" src=\"https:\/\/jundiai.sp.gov.br\/noticias\/wp-content\/uploads\/sites\/32\/2023\/08\/cmeja_semana_de_prevencao_as_deficiencias-12-1-1280x854.jpg\" alt=\"\" class=\"wp-image-325354\" \/><figcaption class=\"wp-element-caption\">Encontro teve como objetivo apresentar a estrutura e o trabalho desenvolvido pelos servidores p\u00fablicos<\/figcaption><\/figure>\n<\/div>\n\n\n<p>Ao longo da semana, Marco Antonio tamb\u00e9m ministrou palestras sobre os n\u00edveis e as formas de prevenir as defici\u00eancias. \u201cFoi uma semana bastante produtiva que se encerra com chave de ouro. Tive a oportunidade de passar bastante conhecimento a todos os alunos, que s\u00e3o multiplicadores da informa\u00e7\u00e3o. Essa \u00e9 mais uma atua\u00e7\u00e3o de Jundia\u00ed com o objetivo de tornar a cidade ainda mais inclusiva\u201d, ressaltou o Assessor.<\/p>\n\n\n\n<p>Para a presidente do CMDPCD, Kelly Cristina Melo, a\u00e7\u00f5es informativas como essas s\u00e3o essenciais para o desenvolvimento da sociedade. \u201cO conhecimento \u00e9 a melhor forma de esclarecer a popula\u00e7\u00e3o, quebrar preconceitos e auxiliar na preven\u00e7\u00e3o. Outra a\u00e7\u00e3o importante foi a visita ao Pa\u00e7o, pois aproxima as pessoas do Poder P\u00fablico e traz maior sensa\u00e7\u00e3o de pertencimento\u201d, explicou.<\/p>\n\n\n\n<p>Aluno do fundamental II, Jos\u00e9 Carlos Dion\u00edsio, de 43 anos, agradeceu a oportunidade de conhecer o Pa\u00e7o e assistir \u00e0s palestras. \u201cO aprendizado \u00e9 sempre importante. A\u00e7\u00f5es como essa fomentam a acessibilidade e trazem mais conhecimento para todos\u201d, avaliou.<\/p>\n\n\n\n<p><strong><em>Fonte \/ Imagem: Prefeitura de Jundia\u00ed<\/em><\/strong><\/p>\n","protected":false},"excerpt":{"rendered":"<p>Encontro teve como objetivo apresentar a estrutura e o trabalho desenvolvido pelos servidores p\u00fablicos<\/p>\n","protected":false},"author":24,"featured_media":114078,"comment_status":"closed","ping_status":"0","sticky":false,"template":"","format":"standard","meta":{"footnotes":""},"categories":[8356,1],"tags":[],"class_list":["post-114077","post","type-post","status-publish","format-standard","has-post-thumbnail","hentry","category-jundiai","category-noticias"],"_links":{"self":[{"href":"https:\/\/tvtecjundiai.com.br\/news\/wp-json\/wp\/v2\/posts\/114077","targetHints":{"allow":["GET"]}}],"collection":[{"href":"https:\/\/tvtecjundiai.com.br\/news\/wp-json\/wp\/v2\/posts"}],"about":[{"href":"https:\/\/tvtecjundiai.com.br\/news\/wp-json\/wp\/v2\/types\/post"}],"author":[{"embeddable":true,"href":"https:\/\/tvtecjundiai.com.br\/news\/wp-json\/wp\/v2\/users\/24"}],"replies":[{"embeddable":true,"href":"https:\/\/tvtecjundiai.com.br\/news\/wp-json\/wp\/v2\/comments?post=114077"}],"version-history":[{"count":1,"href":"https:\/\/tvtecjundiai.com.br\/news\/wp-json\/wp\/v2\/posts\/114077\/revisions"}],"predecessor-version":[{"id":114079,"href":"https:\/\/tvtecjundiai.com.br\/news\/wp-json\/wp\/v2\/posts\/114077\/revisions\/114079"}],"wp:featuredmedia":[{"embeddable":true,"href":"https:\/\/tvtecjundiai.com.br\/news\/wp-json\/wp\/v2\/media\/114078"}],"wp:attachment":[{"href":"https:\/\/tvtecjundiai.com.br\/news\/wp-json\/wp\/v2\/media?parent=114077"}],"wp:term":[{"taxonomy":"category","embeddable":true,"href":"https:\/\/tvtecjundiai.com.br\/news\/wp-json\/wp\/v2\/categories?post=114077"},{"taxonomy":"post_tag","embeddable":true,"href":"https:\/\/tvtecjundiai.com.br\/news\/wp-json\/wp\/v2\/tags?post=114077"}],"curies":[{"name":"wp","href":"https:\/\/api.w.org\/{rel}","templated":true}]}}