{"id":114082,"date":"2023-08-28T14:48:41","date_gmt":"2023-08-28T17:48:41","guid":{"rendered":"https:\/\/tvtecjundiai.com.br\/news\/?p=114082"},"modified":"2023-08-28T14:48:45","modified_gmt":"2023-08-28T17:48:45","slug":"agosto-termina-com-frio-e-pancadas-de-chuva-em-jundiai","status":"publish","type":"post","link":"https:\/\/tvtecjundiai.com.br\/news\/2023\/08\/28\/agosto-termina-com-frio-e-pancadas-de-chuva-em-jundiai\/","title":{"rendered":"Agosto termina com frio e pancadas de chuva em Jundia\u00ed"},"content":{"rendered":"\n<p>Uma frente fria intensa chegou \u00e0 regi\u00e3o de Jundia\u00ed, marcando o encerramento de agosto com temperaturas baixas e chuvas na cidade. De acordo com o portal meteorol\u00f3gico Climatempo, a previs\u00e3o para esta semana indica que Jundia\u00ed enfrentar\u00e1 dias predominantemente nublados com chuvas persistentes at\u00e9, pelo menos, quinta-feira (31), acompanhadas de temperaturas m\u00ednimas em torno de 11\u00b0C. <\/p>\n\n\n\n<p>Acompanhe a previs\u00e3o do tempo para Jundia\u00ed ao longo da semana:<\/p>\n\n\n\n<p><strong>Segunda-feira (28)<\/strong>: O dia ter\u00e1 intervalos de sol entre nuvens, com c\u00e9u nublado. A noite tamb\u00e9m apresentar\u00e1 muitas nuvens. As temperaturas oscilar\u00e3o entre 11\u00b0C (m\u00ednima) e 18\u00b0C \u200b\u200b(m\u00e1xima).<\/p>\n\n\n\n<p><strong>Ter\u00e7a-feira (29)<\/strong>: O sol surgir\u00e1 entre nuvens, mas chuvas intermitentes est\u00e3o previstas para a tarde e a noite. As temperaturas variam entre 12\u00b0C (m\u00ednima) e 20\u00b0C (m\u00e1xima).<\/p>\n\n\n\n<p><strong>Quarta-feira (30)<\/strong>: Novamente, o sol dividir\u00e1 espa\u00e7o com muitas nuvens, e pancadas de chuva est\u00e3o previstas para a tarde e a noite. As temperaturas permanecer\u00e3o entre 12\u00b0C (m\u00ednima) e 23\u00b0C (m\u00e1xima).<\/p>\n\n\n\n<p><strong>Quinta-feira (31)<\/strong>: Sol com muitas nuvens e pancadas de chuva \u00e0 tarde e \u00e0 noite. As temperaturas mostrar\u00e3o varia\u00e7\u00e3o entre 13\u00b0C (m\u00ednima) e 23\u00b0C (m\u00e1xima).<\/p>\n\n\n\n<p><strong>Sexta-feira (1\u00b0):<\/strong>\u00a0Dia de sol com algumas nuvens e n\u00e9voa ao amanhecer. A noite cont\u00e9m poucas nuvens. As temperaturas ter\u00e3o um intervalo de 13\u00b0C (m\u00ednima) a 27\u00b0C (m\u00e1xima).<\/p>\n\n\n<div class=\"wp-block-image\">\n<figure class=\"aligncenter size-full is-resized\"><img loading=\"lazy\" decoding=\"async\" src=\"https:\/\/tvtecjundiai.com.br\/news\/wp-content\/uploads\/sites\/2\/2023\/08\/WhatsApp-Image-2023-08-28-at-14.46.12.jpeg\" alt=\"\" class=\"wp-image-114084\" width=\"726\" height=\"545\" srcset=\"https:\/\/tvtecjundiai.com.br\/news\/wp-content\/uploads\/sites\/2\/2023\/08\/WhatsApp-Image-2023-08-28-at-14.46.12.jpeg 1024w, https:\/\/tvtecjundiai.com.br\/news\/wp-content\/uploads\/sites\/2\/2023\/08\/WhatsApp-Image-2023-08-28-at-14.46.12-300x225.jpeg 300w, https:\/\/tvtecjundiai.com.br\/news\/wp-content\/uploads\/sites\/2\/2023\/08\/WhatsApp-Image-2023-08-28-at-14.46.12-768x576.jpeg 768w\" sizes=\"auto, (max-width: 726px) 100vw, 726px\" \/><figcaption class=\"wp-element-caption\">De acordo com o Climatempo, Jundia\u00ed enfrentar\u00e1 dias nublados com chuvas at\u00e9, pelo menos, quinta-feira (31)<\/figcaption><\/figure>\n<\/div>\n\n\n<p>Outro destaque al\u00e9m da chuva \u00e9 a queda significativa nas temperaturas. Todas as capitais do Sudeste ter\u00e3o uma diminui\u00e7\u00e3o mais significativa tanto nas m\u00ednimas quanto nas temperaturas m\u00e1ximas. Depois de v\u00e1rios dias seguidos de calor\u00e3o, os term\u00f4metros na cidade de S\u00e3o Paulo, n\u00e3o v\u00e3o passar dos 16\/22\u00b0C nestes pr\u00f3ximos dias.<\/p>\n\n\n\n<p><strong><em>Fonte \/ Imagem: TVTEC Jundia\u00ed <\/em><\/strong><\/p>\n","protected":false},"excerpt":{"rendered":"<p>De acordo com o Climatempo, Jundia\u00ed enfrentar\u00e1 dias nublados com chuvas at\u00e9 quinta-feira (31)<\/p>\n","protected":false},"author":24,"featured_media":114084,"comment_status":"closed","ping_status":"0","sticky":false,"template":"","format":"standard","meta":{"footnotes":""},"categories":[3185,8356,1],"tags":[],"class_list":["post-114082","post","type-post","status-publish","format-standard","has-post-thumbnail","hentry","category-clima","category-jundiai","category-noticias"],"_links":{"self":[{"href":"https:\/\/tvtecjundiai.com.br\/news\/wp-json\/wp\/v2\/posts\/114082","targetHints":{"allow":["GET"]}}],"collection":[{"href":"https:\/\/tvtecjundiai.com.br\/news\/wp-json\/wp\/v2\/posts"}],"about":[{"href":"https:\/\/tvtecjundiai.com.br\/news\/wp-json\/wp\/v2\/types\/post"}],"author":[{"embeddable":true,"href":"https:\/\/tvtecjundiai.com.br\/news\/wp-json\/wp\/v2\/users\/24"}],"replies":[{"embeddable":true,"href":"https:\/\/tvtecjundiai.com.br\/news\/wp-json\/wp\/v2\/comments?post=114082"}],"version-history":[{"count":2,"href":"https:\/\/tvtecjundiai.com.br\/news\/wp-json\/wp\/v2\/posts\/114082\/revisions"}],"predecessor-version":[{"id":114085,"href":"https:\/\/tvtecjundiai.com.br\/news\/wp-json\/wp\/v2\/posts\/114082\/revisions\/114085"}],"wp:featuredmedia":[{"embeddable":true,"href":"https:\/\/tvtecjundiai.com.br\/news\/wp-json\/wp\/v2\/media\/114084"}],"wp:attachment":[{"href":"https:\/\/tvtecjundiai.com.br\/news\/wp-json\/wp\/v2\/media?parent=114082"}],"wp:term":[{"taxonomy":"category","embeddable":true,"href":"https:\/\/tvtecjundiai.com.br\/news\/wp-json\/wp\/v2\/categories?post=114082"},{"taxonomy":"post_tag","embeddable":true,"href":"https:\/\/tvtecjundiai.com.br\/news\/wp-json\/wp\/v2\/tags?post=114082"}],"curies":[{"name":"wp","href":"https:\/\/api.w.org\/{rel}","templated":true}]}}