{"id":114086,"date":"2023-08-28T16:10:00","date_gmt":"2023-08-28T19:10:00","guid":{"rendered":"https:\/\/tvtecjundiai.com.br\/news\/?p=114086"},"modified":"2023-08-28T16:10:01","modified_gmt":"2023-08-28T19:10:01","slug":"plataforma-de-alertas-da-infancia-recebera-melhorias","status":"publish","type":"post","link":"https:\/\/tvtecjundiai.com.br\/news\/2023\/08\/28\/plataforma-de-alertas-da-infancia-recebera-melhorias\/","title":{"rendered":"Plataforma de Alertas da Inf\u00e2ncia receber\u00e1 melhorias"},"content":{"rendered":"\n<p>Implantado pela Prefeitura em agosto de 2022, o sistema de Alertas Primeira Inf\u00e2ncia receber\u00e1 melhorias que tornar\u00e3o a plataforma mais funcional e assertiva. A novidade foi comunicada em reuni\u00e3o realizada no Pa\u00e7o Municipal, com representantes das Unidades de Gest\u00e3o de Governo e Finan\u00e7as (UGGF), Assist\u00eancia e Desenvolvimento Social (UGADS), Educa\u00e7\u00e3o (UGE) e Promo\u00e7\u00e3o de Sa\u00fade (UGPS).<\/p>\n\n\n\n<p>Algumas das melhorias apresentadas foram a possibilidade de criar a\u00e7\u00f5es personalizadas para cada tipo de alerta e o atendimento integrado da Assist\u00eancia Social com a Educa\u00e7\u00e3o e a Sa\u00fade. Ainda est\u00e3o em andamento novas atualiza\u00e7\u00f5es. Vale ressaltar que, desde a implanta\u00e7\u00e3o, o munic\u00edpio j\u00e1 realizou busca ativa e concluiu 3.333 alertas, sendo 1.033 na \u00e1rea da sa\u00fade, 1.285 na Social e 1.015 na educa\u00e7\u00e3o.<\/p>\n\n\n\n<p>\u201cO sistema de alertas possibilita que o Poder P\u00fablico atue de forma preventiva no combate \u00e0s principais causas que prejudicam o desenvolvimento das crian\u00e7as. Essa \u00e9 mais uma iniciativa vinculada ao Programa Cidade das Crian\u00e7as. Jundia\u00ed trata os investimentos na primeira inf\u00e2ncia como prioridade, com o objetivo de criar condi\u00e7\u00f5es favor\u00e1veis que resultem na redu\u00e7\u00e3o da desigualdade social\u201d, afirma o Gestor de Governo e Finan\u00e7as, Jos\u00e9 Antonio Parimoschi.<\/p>\n\n\n<div class=\"wp-block-image\">\n<figure class=\"aligncenter\"><img decoding=\"async\" src=\"https:\/\/jundiai.sp.gov.br\/noticias\/wp-content\/uploads\/sites\/32\/2023\/08\/apresentacao_das_melhorias_no_sistema_de_alertas-2-1280x854.jpg\" alt=\"\" class=\"wp-image-325429\" \/><figcaption class=\"wp-element-caption\">Sistema de Alertas da Inf\u00e2ncia foi implantado em agosto de 2022<\/figcaption><\/figure>\n<\/div>\n\n\n<p>At\u00e9 o momento, existem 14 alertas que englobam as \u00e1reas de sa\u00fade, educa\u00e7\u00e3o e assist\u00eancia social, para crian\u00e7as de 0 a 9 anos de idade. Eles identificam, por exemplo, crian\u00e7a em atraso na consulta puericultura, crian\u00e7a fora da escola e fora da creche e crian\u00e7as em territ\u00f3rio de vulnerabilidade.<\/p>\n\n\n\n<p>A plataforma em nuvem, de utiliza\u00e7\u00e3o exclusiva por servidores municipais treinados, foi desenvolvida pelo Instituto de Tecnologias Geo-Sociais (ITGS) e conta com apoio da Cia de Inform\u00e1tica de Jundia\u00ed (CIJUN). Ela seguir\u00e1 passando por constante atualiza\u00e7\u00e3o e aperfei\u00e7oamento para melhor utiliza\u00e7\u00e3o da administra\u00e7\u00e3o p\u00fablica.<\/p>\n\n\n\n<p class=\"has-text-align-left\"><strong><em>Fonte \/ Imagem: Prefeitura de Jundia\u00ed<\/em><\/strong><\/p>\n","protected":false},"excerpt":{"rendered":"<p>Fonte \/ Imagem: Prefeitura de Jundia\u00ed<\/p>\n","protected":false},"author":24,"featured_media":114087,"comment_status":"closed","ping_status":"0","sticky":false,"template":"","format":"standard","meta":{"footnotes":""},"categories":[8356,1],"tags":[],"class_list":["post-114086","post","type-post","status-publish","format-standard","has-post-thumbnail","hentry","category-jundiai","category-noticias"],"_links":{"self":[{"href":"https:\/\/tvtecjundiai.com.br\/news\/wp-json\/wp\/v2\/posts\/114086","targetHints":{"allow":["GET"]}}],"collection":[{"href":"https:\/\/tvtecjundiai.com.br\/news\/wp-json\/wp\/v2\/posts"}],"about":[{"href":"https:\/\/tvtecjundiai.com.br\/news\/wp-json\/wp\/v2\/types\/post"}],"author":[{"embeddable":true,"href":"https:\/\/tvtecjundiai.com.br\/news\/wp-json\/wp\/v2\/users\/24"}],"replies":[{"embeddable":true,"href":"https:\/\/tvtecjundiai.com.br\/news\/wp-json\/wp\/v2\/comments?post=114086"}],"version-history":[{"count":1,"href":"https:\/\/tvtecjundiai.com.br\/news\/wp-json\/wp\/v2\/posts\/114086\/revisions"}],"predecessor-version":[{"id":114088,"href":"https:\/\/tvtecjundiai.com.br\/news\/wp-json\/wp\/v2\/posts\/114086\/revisions\/114088"}],"wp:featuredmedia":[{"embeddable":true,"href":"https:\/\/tvtecjundiai.com.br\/news\/wp-json\/wp\/v2\/media\/114087"}],"wp:attachment":[{"href":"https:\/\/tvtecjundiai.com.br\/news\/wp-json\/wp\/v2\/media?parent=114086"}],"wp:term":[{"taxonomy":"category","embeddable":true,"href":"https:\/\/tvtecjundiai.com.br\/news\/wp-json\/wp\/v2\/categories?post=114086"},{"taxonomy":"post_tag","embeddable":true,"href":"https:\/\/tvtecjundiai.com.br\/news\/wp-json\/wp\/v2\/tags?post=114086"}],"curies":[{"name":"wp","href":"https:\/\/api.w.org\/{rel}","templated":true}]}}