{"id":114093,"date":"2023-08-28T17:20:00","date_gmt":"2023-08-28T20:20:00","guid":{"rendered":"https:\/\/tvtecjundiai.com.br\/news\/?p=114093"},"modified":"2023-08-28T17:20:00","modified_gmt":"2023-08-28T20:20:00","slug":"mes-do-patrimonio-promove-roda-de-conversa-com-participantes-da-rota-afro","status":"publish","type":"post","link":"https:\/\/tvtecjundiai.com.br\/news\/2023\/08\/28\/mes-do-patrimonio-promove-roda-de-conversa-com-participantes-da-rota-afro\/","title":{"rendered":"M\u00eas do Patrim\u00f4nio promove roda de conversa com participantes da Rota Afro"},"content":{"rendered":"\n<p>Como parte da programa\u00e7\u00e3o da \u00faltima semana desta edi\u00e7\u00e3o do&nbsp;<a href=\"https:\/\/cultura.jundiai.sp.gov.br\/mesdopatrimonio\/\" target=\"_blank\" rel=\"noreferrer noopener\">M\u00eas do Patrim\u00f4nio Hist\u00f3rico e Cultural<\/a>, a Unidade de Gest\u00e3o de Cultura (UGC) tem realizado rodas de conversa com os segmentos que j\u00e1 participaram das viv\u00eancias da&nbsp;<a href=\"https:\/\/cultura.jundiai.sp.gov.br\/festivais-e-programas\/rota-afro\/\" target=\"_blank\" rel=\"noreferrer noopener\">Rota Afro<\/a>, iniciativa da Prefeitura com foco na preserva\u00e7\u00e3o e democratiza\u00e7\u00e3o da Mem\u00f3ria da Popula\u00e7\u00e3o Negra do Munic\u00edpio.<\/p>\n\n\n\n<p>Entre os grupos previstos, est\u00e3o os de alunos e educadores de escolas da rede municipal e estadual de ensino, de cursos da Fatec Jundia\u00ed e de segmentos da sociedade. Mediada por Denilson Andr\u00e9 e Val\u00e9ria de Paula, a atividade teve como objetivo escutar e avaliar as contribui\u00e7\u00f5es e cr\u00edticas dos participantes, por segmento, a fim de aprimorar a organiza\u00e7\u00e3o das viv\u00eancias.<\/p>\n\n\n\n<p>O diretor do Departamento de Patrim\u00f4nio Hist\u00f3rico da UGC, Elizeu Marcos Franco, ressaltou a import\u00e2ncia da iniciativa. \u201cAssim como o M\u00eas do Patrim\u00f4nio como um todo, a Rota \u00e9 uma das a\u00e7\u00f5es de educa\u00e7\u00e3o patrimonial promovidas pela Cultura. E as primeiras impress\u00f5es deste di\u00e1logo foram muito positivas, refor\u00e7ando a necessidade de se continuar e ampliar este tipo de a\u00e7\u00e3o\u201d, comentou.<\/p>\n\n\n<div class=\"wp-block-image\">\n<figure class=\"aligncenter is-resized\"><img loading=\"lazy\" decoding=\"async\" src=\"https:\/\/jundiai.sp.gov.br\/noticias\/wp-content\/uploads\/sites\/32\/2023\/08\/rota_afro_emeb_carlos_foot_patrimonio-44-1-1280x843.jpg\" alt=\"\" class=\"wp-image-325452\" width=\"840\" height=\"553\" \/><figcaption class=\"wp-element-caption\">Roda de conversa come\u00e7ou com os alunos da Emeb Carlos Foot<\/figcaption><\/figure>\n<\/div>\n\n\n<p>Na manh\u00e3 desta segunda-feira (28) foi a vez das turmas dos quartos anos da EMEB Carlos Foot Guimar\u00e3es, do Jardim Santa Gertrudes, que compartilharam suas impress\u00f5es sobre a viv\u00eancia.<\/p>\n\n\n\n<p>Os alunos do 4\u202f\u00b0C, da professora F\u00e1tima Bittencourt, entregaram os desenhos que fizeram sobre a Rota. Pedro Sanches, de nove anos, destacou a encena\u00e7\u00e3o em frente \u00e0 locomotiva no Espa\u00e7o Expressa (antigo Complexo Fepasa), o Museu Ferrovi\u00e1rio, o Jardim Bot\u00e2nico e o Clube 28 de setembro. \u201cO que mais me marcou na visita foi o teatro na locomotiva. Eles apareceram do nada, deram at\u00e9 um susto com um barulh\u00e3o na roda do trem, para mostrar a rotina dos trabalhadores\u201d.<\/p>\n\n\n\n<p>J\u00e1 para a turma do 4\u00ba B tamb\u00e9m foi o teatro o que mais chamou aten\u00e7\u00e3o. \u201cEles me diziam \u2018professora, isto aqui \u00e9 como uma novela ao vivo\u2019\u201d, comentou a educadora Regina Ferreira.<\/p>\n\n\n\n<p>A aluna Maria Fernanda Santos, tamb\u00e9m de nove anos, at\u00e9 trouxe para a aula o ingresso que recebeu durante a visita ao Museu pelo elenco da Rota. \u201cGuardei o ingresso, pois elas me disseram que era para levar para casa e convidar os pais para voltarmos ao Museu. E aprendi tamb\u00e9m sobre o per\u00edodo da escravid\u00e3o e sobre como \u00e9 muito feio discriminar as pessoas\u201d.<\/p>\n\n\n\n<p><strong>Mais M\u00eas do Patrim\u00f4nio<\/strong><br>O encerramento da programa\u00e7\u00e3o desta edi\u00e7\u00e3o do M\u00eas ser\u00e1&nbsp;<a href=\"https:\/\/jundiai.sp.gov.br\/noticias\/2023\/08\/25\/patrimonios-da-cidade-sao-o-tema-da-nova-exposicao-da-pinacoteca-municipal\/\">nesta quinta-feira (31), \u00e0s 19h, com a vernissage de \u201cMem\u00f3rias da Terra Querida, Jundia\u00ed\u201d<\/a>, em que o artista visual Luca Ferrari traz xilogravuras e linoleogravuras de importantes patrim\u00f4nios materiais do Munic\u00edpio.<\/p>\n\n\n\n<p><strong><em>Fonte \/ Imagem: Prefeitura de Jundia\u00ed<\/em><\/strong><\/p>\n","protected":false},"excerpt":{"rendered":"<p>Roda de conversa come\u00e7ou com os alunos da Emeb Carlos Foot<\/p>\n","protected":false},"author":24,"featured_media":114094,"comment_status":"closed","ping_status":"0","sticky":false,"template":"","format":"standard","meta":{"footnotes":""},"categories":[8356,1],"tags":[],"class_list":["post-114093","post","type-post","status-publish","format-standard","has-post-thumbnail","hentry","category-jundiai","category-noticias"],"_links":{"self":[{"href":"https:\/\/tvtecjundiai.com.br\/news\/wp-json\/wp\/v2\/posts\/114093","targetHints":{"allow":["GET"]}}],"collection":[{"href":"https:\/\/tvtecjundiai.com.br\/news\/wp-json\/wp\/v2\/posts"}],"about":[{"href":"https:\/\/tvtecjundiai.com.br\/news\/wp-json\/wp\/v2\/types\/post"}],"author":[{"embeddable":true,"href":"https:\/\/tvtecjundiai.com.br\/news\/wp-json\/wp\/v2\/users\/24"}],"replies":[{"embeddable":true,"href":"https:\/\/tvtecjundiai.com.br\/news\/wp-json\/wp\/v2\/comments?post=114093"}],"version-history":[{"count":1,"href":"https:\/\/tvtecjundiai.com.br\/news\/wp-json\/wp\/v2\/posts\/114093\/revisions"}],"predecessor-version":[{"id":114095,"href":"https:\/\/tvtecjundiai.com.br\/news\/wp-json\/wp\/v2\/posts\/114093\/revisions\/114095"}],"wp:featuredmedia":[{"embeddable":true,"href":"https:\/\/tvtecjundiai.com.br\/news\/wp-json\/wp\/v2\/media\/114094"}],"wp:attachment":[{"href":"https:\/\/tvtecjundiai.com.br\/news\/wp-json\/wp\/v2\/media?parent=114093"}],"wp:term":[{"taxonomy":"category","embeddable":true,"href":"https:\/\/tvtecjundiai.com.br\/news\/wp-json\/wp\/v2\/categories?post=114093"},{"taxonomy":"post_tag","embeddable":true,"href":"https:\/\/tvtecjundiai.com.br\/news\/wp-json\/wp\/v2\/tags?post=114093"}],"curies":[{"name":"wp","href":"https:\/\/api.w.org\/{rel}","templated":true}]}}