{"id":114102,"date":"2023-08-29T09:34:46","date_gmt":"2023-08-29T12:34:46","guid":{"rendered":"https:\/\/tvtecjundiai.com.br\/news\/?p=114102"},"modified":"2023-08-29T09:40:21","modified_gmt":"2023-08-29T12:40:21","slug":"jundiai-e-medalhista-na-olimpiada-internacional-mathematiques-sans-frontnieres-2023","status":"publish","type":"post","link":"https:\/\/tvtecjundiai.com.br\/news\/2023\/08\/29\/jundiai-e-medalhista-na-olimpiada-internacional-mathematiques-sans-frontnieres-2023\/","title":{"rendered":"Jundia\u00ed \u00e9 medalhista na Olimp\u00edada Internacional \u2018Math\u00e9matiques Sans Frontni\u00e8res 2023\u2019"},"content":{"rendered":"\n<p>A Educa\u00e7\u00e3o Municipal de Jundia\u00ed foi mais uma vez medalhista em evento internacional. Dessa vez, quem conquistou o p\u00f3dio foram os alunos dos 4\u00ba anos e 5\u00ba anos da EMEB Prof\u00aa Marina de Almeida Carvalho Rinaldo, na Olimp\u00edada Internacional \u2018Math\u00e9matiques Sans Frontni\u00e8res 2023\u2019 (OIMSF).&nbsp;<\/p>\n\n\n\n<p>A prova que \u00e9 feita em grupo, tem quest\u00f5es em portugu\u00eas, ingl\u00eas e espanhol e precisa ser respondida de forma discursiva. \u201c Essa \u00e9 uma prova diferente e os alunos s\u00e3o premiados por desempenho. N\u00f3s ganhamos nas etapas regional e nacional. Estamos esperando o resultado para a etapa internacional\u201d, detalhou a diretora da EMEB Marina, Marina Formis de Oliveira.&nbsp;<\/p>\n\n\n<div class=\"wp-block-image\">\n<figure class=\"aligncenter\"><img decoding=\"async\" src=\"https:\/\/jundiai.sp.gov.br\/noticias\/wp-content\/uploads\/sites\/32\/2023\/08\/matematica-1.jpg\" alt=\"\" class=\"wp-image-325485\" \/><figcaption class=\"wp-element-caption\">Alunos do 4\u00b0 ano A foram medalhistas de bronze<\/figcaption><\/figure>\n<\/div>\n\n\n<p>Ao todo foram 13 alunos da EMEB Marina que ganharam medalhas, s\u00e3o eles: Yasmim Kyara Magalh\u00e3es, Adrian Gabriel Rodrigues, Murilo Medeiros Silveira, Yohan Moreira da Silva Vieira, Pedro Machado Pereira, Laura Emily Cavalcante Paix\u00e3o e Isaac Henrique Torres dos Santos, ambos do 5\u00ba A, eles receberam a medalha de prata. Al\u00e9m dos seis alunos do 4\u00ba A, medalhistas de bronze, Manuella Coelho Leal, Beatriz Louren\u00e7o Martins, Lav\u00ednia Baldam Rosa, Lucas Tolentin Rosa, Gustavo Teodoro Marques e Djulia Clara Krupek de Lima.<\/p>\n\n\n\n<p>Os professores e alunos receberam a not\u00edcia com muita alegria. A professora de Matem\u00e1tica do 5\u00ba A, Pamela Guimar\u00e3es contou para os alunos assim que eles chegaram na escola. \u201cEu preparei uma surpresa para os alunos, e, quando eles chegaram na sala, at\u00e9 se emocionaram\u201d, explicou.&nbsp;<\/p>\n\n\n\n<p>\u201cEu me preparei bem, mas n\u00e3o acreditava muito no meu potencial. Fiquei muito emocionado quando recebi a noticia. Quando cheguei em casa encontrei meus pais super orgulhosos de mim. Foi muito legal\u201d contou o aluno do 4\u00ba ano, Lucas Tolentino Rosa.<\/p>\n\n\n\n<p>Toda a prepara\u00e7\u00e3o antes da prova foi realizada em sala de aula, com ajuda dos jogos do MenteInovadora, projeto desenvolvido dentro do Programa Escola Inovadora com o objetivo de ensinar a resolu\u00e7\u00e3o de problemas de forma l\u00fadica.&nbsp;<\/p>\n\n\n<div class=\"wp-block-image\">\n<figure class=\"aligncenter\"><img decoding=\"async\" src=\"https:\/\/jundiai.sp.gov.br\/noticias\/wp-content\/uploads\/sites\/32\/2023\/08\/matematica-2-1280x932.jpg\" alt=\"\" class=\"wp-image-325487\" \/><figcaption class=\"wp-element-caption\">Alunos do 5\u00baano A receberam a medalha de prata.<\/figcaption><\/figure>\n<\/div>\n\n\n<p>\u201c\u00c9 uma honra mais uma vez receber esse pr\u00eamio por meio dos nossos alunos. O Programa Escola Inovadora preza por cada conquista, e est\u00e1 diariamente em busca de novos incentivos para os estudantes da rede municipal de ensino, pensando sempre na qualidade das aprendizagens\u201d, explica a Gestora de Educa\u00e7\u00e3o, Vast\u00ed Ferrari Marques.<\/p>\n","protected":false},"excerpt":{"rendered":"<p>Quem conquistou o p\u00f3dio foram os alunos da EMEB Prof\u00aa Marina de Almeida Carvalho Rinaldo<\/p>\n","protected":false},"author":24,"featured_media":114104,"comment_status":"closed","ping_status":"0","sticky":false,"template":"","format":"standard","meta":{"footnotes":""},"categories":[8356,1],"tags":[],"class_list":["post-114102","post","type-post","status-publish","format-standard","has-post-thumbnail","hentry","category-jundiai","category-noticias"],"_links":{"self":[{"href":"https:\/\/tvtecjundiai.com.br\/news\/wp-json\/wp\/v2\/posts\/114102","targetHints":{"allow":["GET"]}}],"collection":[{"href":"https:\/\/tvtecjundiai.com.br\/news\/wp-json\/wp\/v2\/posts"}],"about":[{"href":"https:\/\/tvtecjundiai.com.br\/news\/wp-json\/wp\/v2\/types\/post"}],"author":[{"embeddable":true,"href":"https:\/\/tvtecjundiai.com.br\/news\/wp-json\/wp\/v2\/users\/24"}],"replies":[{"embeddable":true,"href":"https:\/\/tvtecjundiai.com.br\/news\/wp-json\/wp\/v2\/comments?post=114102"}],"version-history":[{"count":1,"href":"https:\/\/tvtecjundiai.com.br\/news\/wp-json\/wp\/v2\/posts\/114102\/revisions"}],"predecessor-version":[{"id":114106,"href":"https:\/\/tvtecjundiai.com.br\/news\/wp-json\/wp\/v2\/posts\/114102\/revisions\/114106"}],"wp:featuredmedia":[{"embeddable":true,"href":"https:\/\/tvtecjundiai.com.br\/news\/wp-json\/wp\/v2\/media\/114104"}],"wp:attachment":[{"href":"https:\/\/tvtecjundiai.com.br\/news\/wp-json\/wp\/v2\/media?parent=114102"}],"wp:term":[{"taxonomy":"category","embeddable":true,"href":"https:\/\/tvtecjundiai.com.br\/news\/wp-json\/wp\/v2\/categories?post=114102"},{"taxonomy":"post_tag","embeddable":true,"href":"https:\/\/tvtecjundiai.com.br\/news\/wp-json\/wp\/v2\/tags?post=114102"}],"curies":[{"name":"wp","href":"https:\/\/api.w.org\/{rel}","templated":true}]}}