{"id":11416,"date":"2018-05-30T15:34:47","date_gmt":"2018-05-30T18:34:47","guid":{"rendered":"https:\/\/tvtecjundiai.com.br\/news\/?p=11416"},"modified":"2018-05-30T15:34:47","modified_gmt":"2018-05-30T18:34:47","slug":"circulacao-de-caminhoes-com-combustivel-ja-chega-a-60-diz-associacao","status":"publish","type":"post","link":"https:\/\/tvtecjundiai.com.br\/news\/2018\/05\/30\/circulacao-de-caminhoes-com-combustivel-ja-chega-a-60-diz-associacao\/","title":{"rendered":"Circula\u00e7\u00e3o de caminh\u00f5es com combust\u00edvel j\u00e1 chega a 60%, diz associa\u00e7\u00e3o"},"content":{"rendered":"<div id=\"attachment_11417\" style=\"width: 375px\" class=\"wp-caption alignright\"><a href=\"https:\/\/tvtecjundiai.com.br\/news\/wp-content\/uploads\/sites\/2\/2018\/05\/rj_tnrgo_abr3005183132.jpg\"><img loading=\"lazy\" decoding=\"async\" aria-describedby=\"caption-attachment-11417\" class=\"wp-image-11417 size-full\" src=\"https:\/\/tvtecjundiai.com.br\/news\/wp-content\/uploads\/sites\/2\/2018\/05\/rj_tnrgo_abr3005183132.jpg\" alt=\"\" width=\"365\" height=\"243\" srcset=\"https:\/\/tvtecjundiai.com.br\/news\/wp-content\/uploads\/sites\/2\/2018\/05\/rj_tnrgo_abr3005183132.jpg 365w, https:\/\/tvtecjundiai.com.br\/news\/wp-content\/uploads\/sites\/2\/2018\/05\/rj_tnrgo_abr3005183132-300x200.jpg 300w\" sizes=\"auto, (max-width: 365px) 100vw, 365px\" \/><\/a><p id=\"caption-attachment-11417\" class=\"wp-caption-text\">Situa\u00e7\u00e3o nos postos revendedores come\u00e7a a ser normalizada <em>(T\u00e2nia R\u00eago\/Ag\u00eancia Brasil)<\/em><\/p><\/div>\n<p>A Associa\u00e7\u00e3o Nacional das Distribuidoras de Combust\u00edvel, Lubrificantes, Log\u00edstica e Conveni\u00eancia (Plural) informou, nesta quarta-feira (30), que o abastecimento dos postos de combust\u00edveis do pa\u00eds come\u00e7a a voltar \u00e0 normalidade. Segundo a entidade, que representa o segmento de refino de petr\u00f3leo e armazenamento e distribui\u00e7\u00e3o de combust\u00edveis e biocombust\u00edveis, a circula\u00e7\u00e3o de caminh\u00f5es-tanque j\u00e1 chega a 60% da movimenta\u00e7\u00e3o habitual nas regi\u00f5es Norte, Nordeste e Sudeste.<\/p>\n<p>A Federa\u00e7\u00e3o Nacional do Com\u00e9rcio de Combust\u00edveis e de Lubrificantes (Fecombust\u00edveis) tamb\u00e9m informou que\u00a0a situa\u00e7\u00e3o nos postos revendedores come\u00e7a a ser normalizada.<\/p>\n<p>Segundo a Petrobras, a paralisa\u00e7\u00e3o de 72 horas dos petroleiros, que iniciou hoje\u00a0n\u00e3o ter\u00e1 impactos na produ\u00e7\u00e3o de combust\u00edvel no pa\u00eds.\u00a0\u201cEstamos observando e trabalhando para evitar qualquer impacto na produ\u00e7\u00e3o\u201d, disse o diretor executivo da Petrobras, Nelson Luiz Silva.<\/p>\n<p><strong>Aeroportos<\/strong><\/p>\n<p>Ainda de acordo com a Plural, as opera\u00e7\u00f5es\u00a0est\u00e3o sendo gradualmente\u00a0normalizadas nos principais aeroportos, possibilitando o restabelecimento da malha a\u00e9rea.\u00a0Respons\u00e1vel pela gest\u00e3o de\u00a054 aeroportos brasileiros, a Empresa Brasileira de Infraestrutura Aeroportu\u00e1ria (Infraero) afirma que ainda falta combust\u00edvel em nove localidades: Bel\u00e9m (PA), no aeroporto Brigadeiro Prot\u00e1sio de Oliveira;\u00a0Campina Grande (PB); Imperatriz (MA); Juazeiro do Norte (CE); Londrina (PR); Montes Claros (MG); Palmas (TO); S\u00e3o Jos\u00e9 dos Campos (SP) e Uberl\u00e2ndia (MG).<\/p>\n<p>Dos 555 voos programados para decolar de aeroportos administrados pela estatal, entre a 0h e as 12h de\u00a0hoje, 33 voos, que representa 6% do total, foram cancelados pelos mais diversos motivos. \u00c0s 12h, 10 voos estavam atrasados.<\/p>\n<p>Tamb\u00e9m em nota, o Minist\u00e9rio dos Transportes, Portos e Avia\u00e7\u00e3o Civil\u00a0e\u00a0a Ag\u00eancia Nacional de Avia\u00e7\u00e3o Civil (Anac) informaram que est\u00e3o acompanhando o abastecimento dos aeroportos afim de evitar preju\u00edzos \u00e0s opera\u00e7\u00f5es durante o feriado\u00a0facultativo\u00a0de Corpus Christi. A\u00a0Anac\u00a0recomenda aos passageiros com voos marcados para os pr\u00f3ximos dias que consultem as empresas a\u00e9reas antes de se deslocarem para os aeroportos e verifiquem qual \u00e9 a situa\u00e7\u00e3o do seu voo.<\/p>\n<p><em><strong>Fonte: Ag\u00eancia Brasil<\/strong><\/em><\/p>\n","protected":false},"excerpt":{"rendered":"<p>Paralisa\u00e7\u00e3o dos petroleiros n\u00e3o ter\u00e1 impactos na produ\u00e7\u00e3o de combust\u00edvel no pa\u00eds<\/p>\n","protected":false},"author":10,"featured_media":11417,"comment_status":"closed","ping_status":"closed","sticky":false,"template":"","format":"standard","meta":{"footnotes":""},"categories":[2834,2829],"tags":[1903,2274,5,15],"class_list":["post-11416","post","type-post","status-publish","format-standard","has-post-thumbnail","hentry","category-cidades","category-economia","tag-brasil","tag-combustivel","tag-jundiai","tag-tvtec"],"_links":{"self":[{"href":"https:\/\/tvtecjundiai.com.br\/news\/wp-json\/wp\/v2\/posts\/11416","targetHints":{"allow":["GET"]}}],"collection":[{"href":"https:\/\/tvtecjundiai.com.br\/news\/wp-json\/wp\/v2\/posts"}],"about":[{"href":"https:\/\/tvtecjundiai.com.br\/news\/wp-json\/wp\/v2\/types\/post"}],"author":[{"embeddable":true,"href":"https:\/\/tvtecjundiai.com.br\/news\/wp-json\/wp\/v2\/users\/10"}],"replies":[{"embeddable":true,"href":"https:\/\/tvtecjundiai.com.br\/news\/wp-json\/wp\/v2\/comments?post=11416"}],"version-history":[{"count":1,"href":"https:\/\/tvtecjundiai.com.br\/news\/wp-json\/wp\/v2\/posts\/11416\/revisions"}],"predecessor-version":[{"id":11418,"href":"https:\/\/tvtecjundiai.com.br\/news\/wp-json\/wp\/v2\/posts\/11416\/revisions\/11418"}],"wp:featuredmedia":[{"embeddable":true,"href":"https:\/\/tvtecjundiai.com.br\/news\/wp-json\/wp\/v2\/media\/11417"}],"wp:attachment":[{"href":"https:\/\/tvtecjundiai.com.br\/news\/wp-json\/wp\/v2\/media?parent=11416"}],"wp:term":[{"taxonomy":"category","embeddable":true,"href":"https:\/\/tvtecjundiai.com.br\/news\/wp-json\/wp\/v2\/categories?post=11416"},{"taxonomy":"post_tag","embeddable":true,"href":"https:\/\/tvtecjundiai.com.br\/news\/wp-json\/wp\/v2\/tags?post=11416"}],"curies":[{"name":"wp","href":"https:\/\/api.w.org\/{rel}","templated":true}]}}