{"id":114193,"date":"2023-08-31T09:43:53","date_gmt":"2023-08-31T12:43:53","guid":{"rendered":"https:\/\/tvtecjundiai.com.br\/news\/?p=114193"},"modified":"2023-08-31T09:43:56","modified_gmt":"2023-08-31T12:43:56","slug":"pesquisa-sobre-o-centro-da-cidade-de-jundiai-e-prorrogada-ate-10-de-setembro","status":"publish","type":"post","link":"https:\/\/tvtecjundiai.com.br\/news\/2023\/08\/31\/pesquisa-sobre-o-centro-da-cidade-de-jundiai-e-prorrogada-ate-10-de-setembro\/","title":{"rendered":"Pesquisa sobre o Centro da cidade de Jundia\u00ed \u00e9 prorrogada at\u00e9 10 de setembro"},"content":{"rendered":"\n<p>A Prefeitura de Jundia\u00ed, por meio das Unidades de Gest\u00e3o de Planejamento Urbano e Meio Ambiente (UGPUMA) e Mobilidade e Transporte (UGMT), ampliou at\u00e9 o dia 10 de setembro o per\u00edodo de participa\u00e7\u00e3o da popula\u00e7\u00e3o na pesquisa on-line sobre a percep\u00e7\u00e3o dos moradores e usu\u00e1rios do Centro. A partir das respostas, ser\u00e3o balizadas as a\u00e7\u00f5es em andamento e as futuras do Plano Estrat\u00e9gico de Requalifica\u00e7\u00e3o do Centro. Cerca de 1.700 respostas j\u00e1 foram coletadas.<\/p>\n\n\n\n<p>A pesquisa, que pode ser respondida atrav\u00e9s&nbsp;<a href=\"https:\/\/docs.google.com\/forms\/d\/e\/1FAIpQLSdE8y1DMZtuzSKlcunmQcWm4zmuJy-XUGGRyIuyCOYEpvvIGQ\/viewform?vc=0&amp;c=0&amp;w=1&amp;flr=0\">deste link<\/a>, tem por objetivo ampliar a participa\u00e7\u00e3o e os m\u00faltiplos olhares para o tema. Os resultados preliminares ser\u00e3o divulgados na Semana da Mobilidade, entre 18 a 25 de setembro, assim como o lan\u00e7amento da macroestrutura do&nbsp;Programa Ativa! Centro, que prop\u00f5e a\u00e7\u00f5es integradas de desenho urbano e seguran\u00e7a vi\u00e1ria, para um percurso mais seguro para pedestres e ciclistas.&nbsp;Os dados coletados na pesquisa ser\u00e3o utilizados de forma an\u00f4nima, n\u00e3o sendo necess\u00e1ria a identifica\u00e7\u00e3o para participar. Se o morador desejar e tiver interesse em receber mais informa\u00e7\u00f5es sobre os projetos em desenvolvimento, h\u00e1 a possibilidade de deixar o contato.<\/p>\n\n\n\n<figure class=\"wp-block-image\"><img decoding=\"async\" src=\"https:\/\/jundiai.sp.gov.br\/noticias\/wp-content\/uploads\/sites\/32\/2023\/08\/ugpuma-acao-no-terminal-central-sobre-pesquisa-do-centro_fm_-38-1280x854.jpg\" alt=\"\" class=\"wp-image-325695\" \/><figcaption class=\"wp-element-caption\">Pesquisa sobre o centro j\u00e1 teve a\u00e7\u00f5es realizadas nos Terminais de \u00f4nibus<\/figcaption><\/figure>\n\n\n\n<p>\u201cNosso objetivo tamb\u00e9m, com a pesquisa, \u00e9 saber qual a percep\u00e7\u00e3o da popula\u00e7\u00e3o sobre o Centro, visando propor a\u00e7\u00f5es de melhoria da mobilidade urbana e de qualifica\u00e7\u00e3o do espa\u00e7o p\u00fablico para valoriza\u00e7\u00e3o da economia local e foco na atratividade&nbsp;de pessoas ao Centro da Cidade\u201d, disse o gestor da UGPUMA, Sin\u00e9sio Scarabello Filho.&nbsp;<\/p>\n\n\n\n<p>O Plano Estrat\u00e9gico de Requalifica\u00e7\u00e3o do Centro prev\u00ea interven\u00e7\u00f5es em diversos aspectos, como urban\u00edstico, sa\u00fade, mobilidade, paisagismo, a\u00e7\u00f5es culturais, melhoria da seguran\u00e7a e valoriza\u00e7\u00e3o do com\u00e9rcio local. Uma das interven\u00e7\u00f5es previstas no Projeto de Requalifica\u00e7\u00e3o Urbana \u00e9 a reforma da Pra\u00e7a D. Pedro II (\u201cPra\u00e7a das Rosas\u201d), em frente ao Hospital S\u00e3o Vicente, que j\u00e1 foi iniciada.&nbsp;<\/p>\n\n\n\n<p>\u201cO trabalho de requalifica\u00e7\u00e3o deve ser cont\u00ednuo e desenvolvido de maneira intersetorial, sendo essencial a participa\u00e7\u00e3o da sociedade.&nbsp;A execu\u00e7\u00e3o das obras ser\u00e1 dividida em fases compostas pelas pra\u00e7as e seus entornos que contemplar\u00e1 tamb\u00e9m o vi\u00e1rio. O objetivo \u00e9 que as pessoas tenham vontade de viver o Centro como um grande parque que agrega valores de um centro de compras, gastronomia, servi\u00e7os, conviv\u00eancia e proximidade com o nosso rico patrim\u00f4nio hist\u00f3rico e cultural dos edif\u00edcios e do pr\u00f3prio s\u00edtio\u201d, disse a diretora de Projetos Urbanos, Paula Siqueira. Para d\u00favidas a respeito da pesquisa, as pessoas podem entrar em contato pelo telefone (11) 4589-8561, na Unidade de Planejamento Urbano e Meio Ambiente.<\/p>\n\n\n\n<figure class=\"wp-block-image\"><img decoding=\"async\" src=\"https:\/\/jundiai.sp.gov.br\/noticias\/wp-content\/uploads\/sites\/32\/2023\/08\/obras-de-revitalizacao-da-praca-dom-pedro_fm_-23-2-1280x854.jpg\" alt=\"\" class=\"wp-image-325674\" \/><figcaption class=\"wp-element-caption\">Obras da Pra\u00e7a Dom Pedro II (Pra\u00e7a das Rosas) est\u00e3o em andamento<\/figcaption><\/figure>\n\n\n\n<p><\/p>\n\n\n\n<p>Fonte \/ Imagem: Prefeitura de Jundia\u00ed <\/p>\n","protected":false},"excerpt":{"rendered":"<p>Pesquisa sobre o centro j\u00e1 teve a\u00e7\u00f5es realizadas nos Terminais de \u00f4nibus<\/p>\n","protected":false},"author":24,"featured_media":114194,"comment_status":"closed","ping_status":"0","sticky":false,"template":"","format":"standard","meta":{"footnotes":""},"categories":[8356],"tags":[],"class_list":["post-114193","post","type-post","status-publish","format-standard","has-post-thumbnail","hentry","category-jundiai"],"_links":{"self":[{"href":"https:\/\/tvtecjundiai.com.br\/news\/wp-json\/wp\/v2\/posts\/114193","targetHints":{"allow":["GET"]}}],"collection":[{"href":"https:\/\/tvtecjundiai.com.br\/news\/wp-json\/wp\/v2\/posts"}],"about":[{"href":"https:\/\/tvtecjundiai.com.br\/news\/wp-json\/wp\/v2\/types\/post"}],"author":[{"embeddable":true,"href":"https:\/\/tvtecjundiai.com.br\/news\/wp-json\/wp\/v2\/users\/24"}],"replies":[{"embeddable":true,"href":"https:\/\/tvtecjundiai.com.br\/news\/wp-json\/wp\/v2\/comments?post=114193"}],"version-history":[{"count":1,"href":"https:\/\/tvtecjundiai.com.br\/news\/wp-json\/wp\/v2\/posts\/114193\/revisions"}],"predecessor-version":[{"id":114195,"href":"https:\/\/tvtecjundiai.com.br\/news\/wp-json\/wp\/v2\/posts\/114193\/revisions\/114195"}],"wp:featuredmedia":[{"embeddable":true,"href":"https:\/\/tvtecjundiai.com.br\/news\/wp-json\/wp\/v2\/media\/114194"}],"wp:attachment":[{"href":"https:\/\/tvtecjundiai.com.br\/news\/wp-json\/wp\/v2\/media?parent=114193"}],"wp:term":[{"taxonomy":"category","embeddable":true,"href":"https:\/\/tvtecjundiai.com.br\/news\/wp-json\/wp\/v2\/categories?post=114193"},{"taxonomy":"post_tag","embeddable":true,"href":"https:\/\/tvtecjundiai.com.br\/news\/wp-json\/wp\/v2\/tags?post=114193"}],"curies":[{"name":"wp","href":"https:\/\/api.w.org\/{rel}","templated":true}]}}