{"id":114201,"date":"2023-08-31T09:50:01","date_gmt":"2023-08-31T12:50:01","guid":{"rendered":"https:\/\/tvtecjundiai.com.br\/news\/?p=114201"},"modified":"2023-08-31T09:50:05","modified_gmt":"2023-08-31T12:50:05","slug":"prefeitura-de-jundiai-promove-encontro-sobre-politicas-publicas-para-a-superacao-da-pobreza","status":"publish","type":"post","link":"https:\/\/tvtecjundiai.com.br\/news\/2023\/08\/31\/prefeitura-de-jundiai-promove-encontro-sobre-politicas-publicas-para-a-superacao-da-pobreza\/","title":{"rendered":"Prefeitura de Jundia\u00ed promove encontro sobre pol\u00edticas p\u00fablicas para a supera\u00e7\u00e3o da pobreza"},"content":{"rendered":"\n<p>Nesta quarta-feira (30), a Prefeitura de Jundia\u00ed, por meio da Unidade de Gest\u00e3o de Assist\u00eancia e Desenvolvimento Social (UGADS), promoveu um encontro sobre a constru\u00e7\u00e3o de pol\u00edticas p\u00fablicas para a supera\u00e7\u00e3o da pobreza. Os convidados foram o professor e pesquisador Ricardo Paes de Barros, um dos criadores do programa Bolsa Fam\u00edlia; a ex-secret\u00e1ria estadual de Desenvolvimento Social e professora do Insper, Laura Muller Machado; e a mestranda em pol\u00edticas sociais, Laura Abreu.<\/p>\n\n\n\n<p>Na visita, foi discutido um modelo de assist\u00eancia social que combina o programa de transfer\u00eancia de renda do governo federal, com foco em quem mais precisa, com um acompanhamento individualizado das fam\u00edlias vulner\u00e1veis por agentes p\u00fablicos. \u201cA ideia dessa proposta \u00e9 que as pessoas voltem a ter prosperidade, a sonhar com uma vida melhor e mostrar que, com o devido apoio do poder p\u00fablico, esse sonho pode ser concretizado\u201d, disse o professor Ricardo Paes de Barros. A visita faz parte de um interc\u00e2mbio para estudos de implanta\u00e7\u00e3o de um novo programa municipal de supera\u00e7\u00e3o da pobreza.<\/p>\n\n\n\n<figure class=\"wp-block-image\"><img decoding=\"async\" src=\"https:\/\/jundiai.sp.gov.br\/noticias\/wp-content\/uploads\/sites\/32\/2023\/08\/palestra-do-professor-ricardo-paes-de-barros-e-laura-muller-machado-sobre-a-erradicacao-da-pobreza_fm_-28-1280x854.jpg\" alt=\"\" class=\"wp-image-325679\" \/><figcaption class=\"wp-element-caption\">Professor Ricardo Paes de Barros falou sobre pol\u00edticas p\u00fablicas para a supera\u00e7\u00e3o da pobreza<\/figcaption><\/figure>\n\n\n\n<p>\u201cEssa troca de experi\u00eancias faz parte de uma s\u00e9rie de iniciativas que estamos tomando para um percurso que tra\u00e7amos para a supera\u00e7\u00e3o da pobreza em Jundia\u00ed. \u00c9 nesse sentido que convidamos especialistas para trazer cases de sucesso e sugest\u00f5es que podemos trilhar\u201d, disse a gestora de Assist\u00eancia e Desenvolvimento Social, Maria Brant.<\/p>\n\n\n\n<p>Atualmente, Jundia\u00ed tem 16.297 fam\u00edlias inscritas no Cad\u00fanico e 6.687 fam\u00edlias benefici\u00e1rias do Bolsa Fam\u00edlia. \u201cN\u00f3s queremos estabelecer instrumentos inovadores para que tenhamos pol\u00edticas p\u00fablicas cada vez mais efetivas para combater a pobreza na nossa cidade, entre eles a inclus\u00e3o produtiva e a transfer\u00eancia de renda. E tamb\u00e9m ampliar os investimentos na crian\u00e7a desde os primeiros anos de vida, que \u00e9 uma medida que tem contribu\u00eddo para a redu\u00e7\u00e3o das desigualdades sociais ao longo do tempo e garantia da sustentabilidade econ\u00f4mica do munic\u00edpio\u201d, refor\u00e7ou o gestor de Governo e Finan\u00e7as, Jos\u00e9 Antonio Parimoschi.<\/p>\n\n\n\n<p>Nos \u00faltimos meses, Jundia\u00ed refor\u00e7ou v\u00e1rias pol\u00edticas p\u00fablicas de Assist\u00eancia Social, como<br>Tamb\u00e9m participaram do encontro a gestora de Educa\u00e7\u00e3o, Vast\u00ed Ferrari Marques. E demais diretores e servidores das Unidades de Gest\u00e3o da Assist\u00eancia e Desenvolvimento Social (UGADS), Governo e Finan\u00e7as (UGGF), Educa\u00e7\u00e3o (UGE) e Casa Civil (UGCC).<\/p>\n\n\n\n<figure class=\"wp-block-image\"><img decoding=\"async\" src=\"https:\/\/jundiai.sp.gov.br\/noticias\/wp-content\/uploads\/sites\/32\/2023\/08\/palestra-do-professor-ricardo-paes-de-barros-e-laura-muller-machado-sobre-a-erradicacao-da-pobreza_fm_-92-1-1280x854.jpg\" alt=\"\" class=\"wp-image-325680\" \/><figcaption class=\"wp-element-caption\">Pesquisadores tamb\u00e9m participaram de encontro com gestores<\/figcaption><\/figure>\n\n\n\n<p><\/p>\n\n\n\n<p>Fonte \/ Imagem: Prefeitura de Jundia\u00ed <\/p>\n","protected":false},"excerpt":{"rendered":"<p>Professor Ricardo Paes de Barros falou sobre pol\u00edticas p\u00fablicas para a supera\u00e7\u00e3o da pobreza<\/p>\n","protected":false},"author":24,"featured_media":114202,"comment_status":"closed","ping_status":"0","sticky":false,"template":"","format":"standard","meta":{"footnotes":""},"categories":[8392],"tags":[],"class_list":["post-114201","post","type-post","status-publish","format-standard","has-post-thumbnail","hentry","category-assistencia-social"],"_links":{"self":[{"href":"https:\/\/tvtecjundiai.com.br\/news\/wp-json\/wp\/v2\/posts\/114201","targetHints":{"allow":["GET"]}}],"collection":[{"href":"https:\/\/tvtecjundiai.com.br\/news\/wp-json\/wp\/v2\/posts"}],"about":[{"href":"https:\/\/tvtecjundiai.com.br\/news\/wp-json\/wp\/v2\/types\/post"}],"author":[{"embeddable":true,"href":"https:\/\/tvtecjundiai.com.br\/news\/wp-json\/wp\/v2\/users\/24"}],"replies":[{"embeddable":true,"href":"https:\/\/tvtecjundiai.com.br\/news\/wp-json\/wp\/v2\/comments?post=114201"}],"version-history":[{"count":1,"href":"https:\/\/tvtecjundiai.com.br\/news\/wp-json\/wp\/v2\/posts\/114201\/revisions"}],"predecessor-version":[{"id":114203,"href":"https:\/\/tvtecjundiai.com.br\/news\/wp-json\/wp\/v2\/posts\/114201\/revisions\/114203"}],"wp:featuredmedia":[{"embeddable":true,"href":"https:\/\/tvtecjundiai.com.br\/news\/wp-json\/wp\/v2\/media\/114202"}],"wp:attachment":[{"href":"https:\/\/tvtecjundiai.com.br\/news\/wp-json\/wp\/v2\/media?parent=114201"}],"wp:term":[{"taxonomy":"category","embeddable":true,"href":"https:\/\/tvtecjundiai.com.br\/news\/wp-json\/wp\/v2\/categories?post=114201"},{"taxonomy":"post_tag","embeddable":true,"href":"https:\/\/tvtecjundiai.com.br\/news\/wp-json\/wp\/v2\/tags?post=114201"}],"curies":[{"name":"wp","href":"https:\/\/api.w.org\/{rel}","templated":true}]}}