{"id":114351,"date":"2023-09-05T14:45:40","date_gmt":"2023-09-05T17:45:40","guid":{"rendered":"https:\/\/tvtecjundiai.com.br\/news\/?p=114351"},"modified":"2023-09-05T14:45:41","modified_gmt":"2023-09-05T17:45:41","slug":"sesc-jundiai-divulga-programacao-musical-para-setembro","status":"publish","type":"post","link":"https:\/\/tvtecjundiai.com.br\/news\/2023\/09\/05\/sesc-jundiai-divulga-programacao-musical-para-setembro\/","title":{"rendered":"Sesc Jundia\u00ed divulga programa\u00e7\u00e3o musical para setembro"},"content":{"rendered":"\n<p>O m\u00eas de setembro traz uma programa\u00e7\u00e3o musical diversificada e emocionante ao Sesc Jundia\u00ed, prometendo agradar a todos os amantes da m\u00fasica.<\/p>\n\n\n\n<p>No feriado de 7 de setembro, quinta-feira, Charles Gavin, baterista dos Tit\u00e3s e renomado produtor musical, se juntar\u00e1 aos m\u00fasicos do coletivo Sete Cabe\u00e7as para apresentar o projeto &#8220;Revisitando Ac\u00fasticos&#8221;. O repert\u00f3rio baseia-se em discos com sonoridade ac\u00fastica produzidos pela MTV nos anos 2000. O grupo inclui talentosos m\u00fasicos como Luiz Brasil, Drenna, Cris Caffarelli, Daniela Spielmann, Pedro Coelho e Felipe Ventura.<\/p>\n\n\n<div class=\"wp-block-image\">\n<figure class=\"aligncenter size-full is-resized\"><img loading=\"lazy\" decoding=\"async\" src=\"https:\/\/tvtecjundiai.com.br\/news\/wp-content\/uploads\/sites\/2\/2023\/09\/image-7.png\" alt=\"\" class=\"wp-image-114368\" width=\"736\" height=\"488\" srcset=\"https:\/\/tvtecjundiai.com.br\/news\/wp-content\/uploads\/sites\/2\/2023\/09\/image-7.png 1024w, https:\/\/tvtecjundiai.com.br\/news\/wp-content\/uploads\/sites\/2\/2023\/09\/image-7-300x199.png 300w, https:\/\/tvtecjundiai.com.br\/news\/wp-content\/uploads\/sites\/2\/2023\/09\/image-7-768x510.png 768w\" sizes=\"auto, (max-width: 736px) 100vw, 736px\" \/><figcaption class=\"wp-element-caption\">Charles Gavin, baterista dos Tit\u00e3s, se juntar\u00e1 aos m\u00fasicos do coletivo Sete Cabe\u00e7as<\/figcaption><\/figure>\n<\/div>\n\n\n<p>No s\u00e1bado, dia 9, a artista Ceumar apresentar\u00e1 o show &#8220;Espiral&#8221;, com um repert\u00f3rio que abrange desde suas ra\u00edzes mais \u00edntimas at\u00e9 novos horizontes musicais. Ela interpretar\u00e1 can\u00e7\u00f5es criadas em parceria com renomados compositores, como Juliano Holanda, C\u00e9sar Lacerda e outros, al\u00e9m de m\u00fasicas in\u00e9ditas de S\u00e9rgio Perer\u00ea e PC Silva, e uma interpreta\u00e7\u00e3o especial do samba &#8220;Espiral de Ilus\u00e3o&#8221;, de Criolo.<\/p>\n\n\n\n<p>Em 10 de setembro, o grupo &#8220;Zabal\u00ea&#8221;, composto por vocais e instrumentistas, apresentar\u00e1 um repert\u00f3rio que homenageia mestres da m\u00fasica popular brasileira. Noel Rosa, Cartola, Portela, Tom Jobim, Candeia, Mangueira e Chico Buarque s\u00e3o alguns dos artistas que fazem parte deste cativante repert\u00f3rio.<\/p>\n\n\n\n<p>Em 17 de setembro, o &#8220;Bando de R\u00e9gia&#8221; chega ao Sesc com o show &#8220;Forr\u00f3 sem Fronteiras&#8221;. Formado em 2017, o grupo combina o forr\u00f3 de raiz com influ\u00eancias musicais ecl\u00e9ticas de seus membros, criando vers\u00f5es \u00fanicas de can\u00e7\u00f5es tradicionais.<\/p>\n\n\n\n<p>No dia 22, sexta-feira, o trio &#8220;Gilsons&#8221;, composto por Jos\u00e9, Francisco (filho de Preta) e Jo\u00e3o, netos de Gilberto Gil, se apresenta. Al\u00e9m de seu sucesso digital, o grupo j\u00e1 participou de importantes festivais no Brasil, incluindo Rock in Rio e Lollapalooza. Recentemente, colaboraram com o Baiana System e o Tropikilazz no single &#8220;Presente&#8221;.<\/p>\n\n\n<div class=\"wp-block-image\">\n<figure class=\"aligncenter size-full is-resized\"><img loading=\"lazy\" decoding=\"async\" src=\"https:\/\/tvtecjundiai.com.br\/news\/wp-content\/uploads\/sites\/2\/2023\/09\/image-8.png\" alt=\"\" class=\"wp-image-114370\" width=\"769\" height=\"510\" srcset=\"https:\/\/tvtecjundiai.com.br\/news\/wp-content\/uploads\/sites\/2\/2023\/09\/image-8.png 1024w, https:\/\/tvtecjundiai.com.br\/news\/wp-content\/uploads\/sites\/2\/2023\/09\/image-8-300x199.png 300w, https:\/\/tvtecjundiai.com.br\/news\/wp-content\/uploads\/sites\/2\/2023\/09\/image-8-768x510.png 768w\" sizes=\"auto, (max-width: 769px) 100vw, 769px\" \/><figcaption class=\"wp-element-caption\">No dia 22, sexta-feira, o trio &#8220;Gilsons&#8221; se apresenta<\/figcaption><\/figure>\n<\/div>\n\n\n<p>Em 24 de setembro, o &#8220;Trio A Corda Piaba&#8221;, formado por S\u00e9rgio Turc\u00e3o, Daniel Francisc\u00e3o e Marcel Sturion, apresentar\u00e1 um repert\u00f3rio variado que percorre as can\u00e7\u00f5es da MPB de Z\u00e9 Rodrix, S\u00e1 &amp; Guarabira, Z\u00e9 Geraldo, Z\u00e9 Ramalho, Geraldo Azevedo, Edu Lobo, Clube da Esquina, m\u00fasica estradeira e rock rural. A instrumenta\u00e7\u00e3o inclui viola, viol\u00e3o de 7 cordas, baixo vertical e bateria.<\/p>\n\n\n\n<p>No dia 28, quinta-feira, o p\u00fablico poder\u00e1 conferir o show &#8220;Armoriando&#8221; do &#8220;Duo Ana de Oliveira e S\u00e9rgio Raz&#8221;, com um \u00e1lbum que atualiza o legado do Movimento Armorial. A base sonora \u00e9 o violino de Ana de Oliveira e a viola de 12 cordas de S\u00e9rgio Raz, com composi\u00e7\u00f5es de artistas como Ant\u00f4nio Madureira, Cl\u00f3vis Pereira, Guerra-Peixe e Jarbas Maciel.<\/p>\n\n\n<div class=\"wp-block-image\">\n<figure class=\"aligncenter size-full is-resized\"><img loading=\"lazy\" decoding=\"async\" src=\"https:\/\/tvtecjundiai.com.br\/news\/wp-content\/uploads\/sites\/2\/2023\/09\/image-9.png\" alt=\"\" class=\"wp-image-114372\" width=\"730\" height=\"484\" srcset=\"https:\/\/tvtecjundiai.com.br\/news\/wp-content\/uploads\/sites\/2\/2023\/09\/image-9.png 1024w, https:\/\/tvtecjundiai.com.br\/news\/wp-content\/uploads\/sites\/2\/2023\/09\/image-9-300x199.png 300w, https:\/\/tvtecjundiai.com.br\/news\/wp-content\/uploads\/sites\/2\/2023\/09\/image-9-768x510.png 768w\" sizes=\"auto, (max-width: 730px) 100vw, 730px\" \/><figcaption class=\"wp-element-caption\"> Sesc Jundia\u00ed apresentar\u00e1 Zeca Baleiro em 1\u00ba de outubro<\/figcaption><\/figure>\n<\/div>\n\n\n<p>E para fechar o m\u00eas com chave de ouro, em 1\u00ba de outubro, o Sesc Jundia\u00ed apresentar\u00e1 Zeca Baleiro, um artista plural que celebra seus 26 anos de carreira, oferecendo uma mistura de ritmos e refer\u00eancias musicais diversas.<\/p>\n\n\n\n<h3 class=\"wp-block-heading\" id=\"h-servico\"><strong>Servi\u00e7o:<\/strong><\/h3>\n\n\n\n<h4 class=\"wp-block-heading\"><strong>Sete Cabe\u00e7as<\/strong>&nbsp;\u2013&nbsp;<strong>Revisitando Ac\u00fasticos<\/strong><\/h4>\n\n\n\n<p>Dia 7\/9, quinta, 17h30<br>\u00c1rea de Conviv\u00eancia | Livre | Gr\u00e1tis<br>Dura\u00e7\u00e3o estimada: 90 minutos<\/p>\n\n\n\n<h4 class=\"wp-block-heading\"><strong>Ceumar<\/strong>&nbsp;<strong>\u2013 Espiral<\/strong><\/h4>\n\n\n\n<p>Dia 9\/9, s\u00e1bado, 19h<br>Teatro | 220 lugares | 14 anos<br>R$ 40 (inteira) \/ R$ 20 (meia) \/ R$ 12 (Credencial Plena)<br>Dispon\u00edvel nas bilheterias do Sesc ou pelo&nbsp;<a target=\"_blank\" href=\"https:\/\/centralrelacionamento.sescsp.org.br\/?path=bilheteria\" rel=\"noreferrer noopener\">https:\/\/centralrelacionamento.sescsp.org.br<\/a>&nbsp;e pelo app Credencial Sesc SP<\/p>\n\n\n\n<h4 class=\"wp-block-heading\"><strong>Zabal\u00ea<\/strong><\/h4>\n\n\n\n<p>Dia 10\/9, domingo, das 17h<br>\u00c1rea de Conviv\u00eancia | Livre | Gr\u00e1tis<\/p>\n\n\n\n<h4 class=\"wp-block-heading\"><strong>Bando de R\u00e9gia \u2013 Forr\u00f3 sem Fronteiras<\/strong><\/h4>\n\n\n\n<p>Dia 17\/9, domingo, 17h30<br>\u00c1rea de Conviv\u00eancia | Livre | Gr\u00e1tis<\/p>\n\n\n\n<h4 class=\"wp-block-heading\"><strong>Gilsons<\/strong><\/h4>\n\n\n\n<p>Dia 22\/9, sexta, 20h<br>Gin\u00e1sio | 700 lugares | 14 anos<br>R$ 40 (inteira) \/ R$ 20 (meia) \/ R$ 12 (Credencial Plena)<br>Venda de ingressos &nbsp;<br>Dispon\u00edvel pelo&nbsp;<a target=\"_blank\" href=\"https:\/\/centralrelacionamento.sescsp.org.br\/?path=bilheteria\" rel=\"noreferrer noopener\">https:\/\/centralrelacionamento.sescsp.org.br<\/a>&nbsp;e pelo app Credencial Sesc SP: a partir de 12\/9, \u00e0s 17h. Presencial a partir de 13\/9, \u00e0s 17h<\/p>\n\n\n\n<h4 class=\"wp-block-heading\"><strong>Trio a Corda Piaba<\/strong><\/h4>\n\n\n\n<p>Dia 24\/9, domingo, 17h30<br>\u00c1rea de Conviv\u00eancia | Livre | Gr\u00e1tis<br>Dura\u00e7\u00e3o estimada: 90 minutos<\/p>\n\n\n\n<h4 class=\"wp-block-heading\"><strong>Duo Ana de Oliveira e S\u00e9rgio Raz \u2013 Armoriando | Lan\u00e7amento Selo Sesc<\/strong><\/h4>\n\n\n\n<p>Dia 28\/9, quinta, 20h<br>Teatro | 220 lugares | 14 anos<br>R$ 30 (inteira) \/ R$ 15 (meia) \/ R$ 10 (Credencial Plena)<br>Venda de ingressos &nbsp;<br>Dispon\u00edvel pelo&nbsp;<a target=\"_blank\" href=\"https:\/\/centralrelacionamento.sescsp.org.br\/?path=bilheteria\" rel=\"noreferrer noopener\">https:\/\/centralrelacionamento.sescsp.org.br<\/a>&nbsp;e pelo app Credencial Sesc SP: a partir de 19\/9, \u00e0s 17h. Presencial a partir de 20\/9, \u00e0s 17h<\/p>\n\n\n\n<h4 class=\"wp-block-heading\"><strong>Zeca Baleiro<\/strong><\/h4>\n\n\n\n<p>Dia 1\/10, domingo, 17h30<br>Gin\u00e1sio | 700 lugares | 14 anos<br>R$ 40 (inteira) \/ R$ 20 (meia) \/ R$ 12 (Credencial Plena)<br>Dispon\u00edvel pelo\u00a0<a rel=\"noreferrer noopener\" href=\"https:\/\/centralrelacionamento.sescsp.org.br\/?path=bilheteria\" target=\"_blank\">https:\/\/centralrelacionamento.sescsp.org.br<\/a>\u00a0e pelo app Credencial Sesc SP: a partir de 19\/9, \u00e0s 17h. Presencial a partir de 20\/9, \u00e0s 17h<\/p>\n\n\n\n<p><strong><em>Fonte \/ Imagem: Sesc Jundia\u00ed<\/em><\/strong><\/p>\n\n\n\n<p><\/p>\n\n\n\n<p><\/p>\n","protected":false},"excerpt":{"rendered":"<p>Os ingressos est\u00e3o \u00e0 venda online e nas bilheteiras do Sesc. <\/p>\n","protected":false},"author":24,"featured_media":114368,"comment_status":"closed","ping_status":"0","sticky":false,"template":"","format":"standard","meta":{"footnotes":""},"categories":[8356,8354,1],"tags":[],"class_list":["post-114351","post","type-post","status-publish","format-standard","has-post-thumbnail","hentry","category-jundiai","category-lazer","category-noticias"],"_links":{"self":[{"href":"https:\/\/tvtecjundiai.com.br\/news\/wp-json\/wp\/v2\/posts\/114351","targetHints":{"allow":["GET"]}}],"collection":[{"href":"https:\/\/tvtecjundiai.com.br\/news\/wp-json\/wp\/v2\/posts"}],"about":[{"href":"https:\/\/tvtecjundiai.com.br\/news\/wp-json\/wp\/v2\/types\/post"}],"author":[{"embeddable":true,"href":"https:\/\/tvtecjundiai.com.br\/news\/wp-json\/wp\/v2\/users\/24"}],"replies":[{"embeddable":true,"href":"https:\/\/tvtecjundiai.com.br\/news\/wp-json\/wp\/v2\/comments?post=114351"}],"version-history":[{"count":6,"href":"https:\/\/tvtecjundiai.com.br\/news\/wp-json\/wp\/v2\/posts\/114351\/revisions"}],"predecessor-version":[{"id":114373,"href":"https:\/\/tvtecjundiai.com.br\/news\/wp-json\/wp\/v2\/posts\/114351\/revisions\/114373"}],"wp:featuredmedia":[{"embeddable":true,"href":"https:\/\/tvtecjundiai.com.br\/news\/wp-json\/wp\/v2\/media\/114368"}],"wp:attachment":[{"href":"https:\/\/tvtecjundiai.com.br\/news\/wp-json\/wp\/v2\/media?parent=114351"}],"wp:term":[{"taxonomy":"category","embeddable":true,"href":"https:\/\/tvtecjundiai.com.br\/news\/wp-json\/wp\/v2\/categories?post=114351"},{"taxonomy":"post_tag","embeddable":true,"href":"https:\/\/tvtecjundiai.com.br\/news\/wp-json\/wp\/v2\/tags?post=114351"}],"curies":[{"name":"wp","href":"https:\/\/api.w.org\/{rel}","templated":true}]}}