{"id":114388,"date":"2023-09-05T17:19:23","date_gmt":"2023-09-05T20:19:23","guid":{"rendered":"https:\/\/tvtecjundiai.com.br\/news\/?p=114388"},"modified":"2023-09-05T17:19:34","modified_gmt":"2023-09-05T20:19:34","slug":"jundiai-conquista-selo-que-consolida-as-boas-praticas-em-cidade-inteligente","status":"publish","type":"post","link":"https:\/\/tvtecjundiai.com.br\/news\/2023\/09\/05\/jundiai-conquista-selo-que-consolida-as-boas-praticas-em-cidade-inteligente\/","title":{"rendered":"Jundia\u00ed conquista selo que consolida as boas pr\u00e1ticas em cidade inteligente"},"content":{"rendered":"\n<p>No segundo dia de atividades no Connected Smart Cities, Jundia\u00ed foi destaque novamente e conquistou o Selo Connected Smart Cities n\u00edvel prata. O reconhecimento indica que a cidade tem boas pr\u00e1ticas em cidades inteligentes, se destaca pelo planejamento integrado e monitoramento constante da execu\u00e7\u00e3o dos projetos, al\u00e9m de incentivar o desenvolvimento dos munic\u00edpios no tema.<\/p>\n\n\n\n<p>Para receber o selo, Jundia\u00ed passou por uma avalia\u00e7\u00e3o de a\u00e7\u00f5es e n\u00edveis de envolvimento em seis diferentes dimens\u00f5es: Planejamento da Cidade Inteligente, Governan\u00e7a da Cidade Inteligente, Tend\u00eancia de evolu\u00e7\u00e3o no Ranking Connected Smart Cities, Planejamento de Infraestruturas e Servi\u00e7os de TIC, Maturidade para Parcerias e Ecossistema de Inova\u00e7\u00e3o. Os crit\u00e9rios foram definidos pela Plataforma Connected Smart Cities e Spin \u2013 Solu\u00e7\u00f5es P\u00fablicas inteligentes.<\/p>\n\n\n\n<figure class=\"wp-block-image\"><img decoding=\"async\" src=\"https:\/\/jundiai.sp.gov.br\/noticias\/wp-content\/uploads\/sites\/32\/2023\/09\/whatsapp-image-2023-09-05-at-15-38-55-1-1280x960.jpeg\" alt=\"\" class=\"wp-image-326036\" \/><figcaption class=\"wp-element-caption\">Jundia\u00ed conquistou o selo Connected Smart Cities n\u00edvel prata em evento de cidades inteligentes<\/figcaption><\/figure>\n\n\n\n<p>\u201cA tecnologia \u00e9 uma ferramenta transformadora e fundamental para garantir a qualidade do servi\u00e7o p\u00fablico prestado \u00e0 popula\u00e7\u00e3o. Em Jundia\u00ed, trilhamos um caminho de Cidades Inteligentes desde o in\u00edcio da gest\u00e3o e realizamos investimentos de acordo com as principais demandas da cidade, buscando a assertividade e a transforma\u00e7\u00e3o na vida das pessoas\u201d, afirma o Prefeito Luiz Fernando Machado.<\/p>\n\n\n\n<p>Algumas das principais tecnologias que facilitam o dia a dia da popula\u00e7\u00e3o s\u00e3o a teleinterconsulta com especialistas em 100% da rede de UBS, telediagn\u00f3stico, os 14 Alertas da Inf\u00e2ncia, o APP Jundia\u00ed que agiliza a presta\u00e7\u00e3o dos servi\u00e7os municipais, o Observat\u00f3rio Jundia\u00ed, as c\u00e2meras de monitoramento, al\u00e9m das tecnologias nas escolas, com tablets, chromebooks, lousas digitais, rob\u00f4s, al\u00e9m de material maker e FabLab. A cidade ainda disp\u00f5e de uma infovia digital com 500km de fibra \u00f3ptica.<\/p>\n\n\n\n<figure class=\"wp-block-image\"><img decoding=\"async\" src=\"https:\/\/jundiai.sp.gov.br\/noticias\/wp-content\/uploads\/sites\/32\/2023\/09\/whatsapp-image-2023-09-05-at-13-51-18-1-1280x960.jpeg\" alt=\"\" class=\"wp-image-326037\" \/><figcaption class=\"wp-element-caption\">Jones Martins representou Jundia\u00ed em novo painel no Connected Smart Cities<\/figcaption><\/figure>\n\n\n\n<p><strong>E mais<br><\/strong>Ap\u00f3s o recebimento do selo que reconheceu diversas cidades por suas iniciativas inovadoras, o Gestor Adjunto de Finan\u00e7as, Jones Martins, participou de um painel com outros munic\u00edpios de destaque. Ele dividiu o palco com os prefeitos Rog\u00e9rio Cruz (Goi\u00e2nia) e Isael Domingues (Pindamonhangaba), al\u00e9m do Secret\u00e1rio de Planejamento de Joinville, Marcel Virmond.<\/p>\n\n\n\n<p>\u201cO compartilhamento de boas pr\u00e1ticas e inova\u00e7\u00f5es com cidades inovadoras \u00e9 fundamental para trazer novas tecnologias e contribuir com o desenvolvimento de Jundia\u00ed. A nossa premia\u00e7\u00e3o demonstra que estamos no caminho certo e buscamos sempre o melhor para a nossa popula\u00e7\u00e3o\u201d, ressalta Jones Martins, que lembrou o fato de Jundia\u00ed ocupar a 4\u00aa posi\u00e7\u00e3o de cidade mais inteligente do Estado, entre os munic\u00edpios entre 100 mil e 500 mil habitantes.<\/p>\n\n\n\n<figure class=\"wp-block-image\"><img decoding=\"async\" src=\"https:\/\/jundiai.sp.gov.br\/noticias\/wp-content\/uploads\/sites\/32\/2023\/09\/painel-connected-smart-cities-2023-jose-antonio-parimoschi_fm_-97-2-1280x854.jpg\" alt=\"\" class=\"wp-image-326014\" \/><figcaption class=\"wp-element-caption\">Jundia\u00ed montou um estande para divulga\u00e7\u00e3o das boas pr\u00e1ticas aplicadas no munic\u00edpio<\/figcaption><\/figure>\n\n\n\n<p><strong>Estande<br><\/strong>Devido \u00e0s inova\u00e7\u00f5es aplicadas no munic\u00edpio e por ser refer\u00eancia nacional no assunto, a Prefeitura de Jundia\u00ed organizou um estande no evento, para demonstrar as boas pr\u00e1ticas tecnol\u00f3gicas da gest\u00e3o. Foram apresentadas tecnologias em diversas \u00e1reas, com destaque para o Observat\u00f3rio Jundia\u00ed, Jundia\u00ed Empreendedora, Alertas da Inf\u00e2ncia, Certifica\u00e7\u00e3o da ABNT, APP Jundia\u00ed, entre outras.<\/p>\n\n\n\n<p><\/p>\n\n\n\n<p>Fonte \/ Imagem: Prefeitura de Jundia\u00ed<\/p>\n","protected":false},"excerpt":{"rendered":"<p>Jones Martins representou Jundia\u00ed em novo painel no Connected Smart Cities<\/p>\n","protected":false},"author":24,"featured_media":114389,"comment_status":"closed","ping_status":"0","sticky":false,"template":"","format":"standard","meta":{"footnotes":""},"categories":[8356],"tags":[],"class_list":["post-114388","post","type-post","status-publish","format-standard","has-post-thumbnail","hentry","category-jundiai"],"_links":{"self":[{"href":"https:\/\/tvtecjundiai.com.br\/news\/wp-json\/wp\/v2\/posts\/114388","targetHints":{"allow":["GET"]}}],"collection":[{"href":"https:\/\/tvtecjundiai.com.br\/news\/wp-json\/wp\/v2\/posts"}],"about":[{"href":"https:\/\/tvtecjundiai.com.br\/news\/wp-json\/wp\/v2\/types\/post"}],"author":[{"embeddable":true,"href":"https:\/\/tvtecjundiai.com.br\/news\/wp-json\/wp\/v2\/users\/24"}],"replies":[{"embeddable":true,"href":"https:\/\/tvtecjundiai.com.br\/news\/wp-json\/wp\/v2\/comments?post=114388"}],"version-history":[{"count":1,"href":"https:\/\/tvtecjundiai.com.br\/news\/wp-json\/wp\/v2\/posts\/114388\/revisions"}],"predecessor-version":[{"id":114390,"href":"https:\/\/tvtecjundiai.com.br\/news\/wp-json\/wp\/v2\/posts\/114388\/revisions\/114390"}],"wp:featuredmedia":[{"embeddable":true,"href":"https:\/\/tvtecjundiai.com.br\/news\/wp-json\/wp\/v2\/media\/114389"}],"wp:attachment":[{"href":"https:\/\/tvtecjundiai.com.br\/news\/wp-json\/wp\/v2\/media?parent=114388"}],"wp:term":[{"taxonomy":"category","embeddable":true,"href":"https:\/\/tvtecjundiai.com.br\/news\/wp-json\/wp\/v2\/categories?post=114388"},{"taxonomy":"post_tag","embeddable":true,"href":"https:\/\/tvtecjundiai.com.br\/news\/wp-json\/wp\/v2\/tags?post=114388"}],"curies":[{"name":"wp","href":"https:\/\/api.w.org\/{rel}","templated":true}]}}