{"id":114401,"date":"2023-09-06T10:45:24","date_gmt":"2023-09-06T13:45:24","guid":{"rendered":"https:\/\/tvtecjundiai.com.br\/news\/?p=114401"},"modified":"2023-09-06T10:45:30","modified_gmt":"2023-09-06T13:45:30","slug":"familias-acompanhadas-pela-assistencia-social-conhecem-o-circo-stankowich","status":"publish","type":"post","link":"https:\/\/tvtecjundiai.com.br\/news\/2023\/09\/06\/familias-acompanhadas-pela-assistencia-social-conhecem-o-circo-stankowich\/","title":{"rendered":"Fam\u00edlias acompanhadas pela Assist\u00eancia Social conhecem o Circo Stankowich"},"content":{"rendered":"\n<p>A tarde desta ter\u00e7a-feira (05) foi de divers\u00e3o e arte para cerca de 900 pessoas acompanhadas pela Unidade de Gest\u00e3o de Assist\u00eancia e Desenvolvimento Social (UGADS). As fam\u00edlias assistiram, gratuitamente, a um espet\u00e1culo do Circo Stankowich, que est\u00e1 situado no espa\u00e7o de eventos ao lado do Terminal Vila Hortol\u00e2ndia, na Cidade Administrativa.<\/p>\n\n\n\n<p>\u201cDesde crian\u00e7a eu n\u00e3o vou ao circo. Estou muito feliz com essa oportunidade\u201d, disse a dona F\u00e1tima Aparecida Mateus, moradora do Jardim S\u00e3o Camilo. A visita contou com fam\u00edlias acompanhadas por toda a Rede Socioassistencial do Munic\u00edpio, como os Centros de Refer\u00eancia da Assist\u00eancia Social (CRAS), o Centro de Refer\u00eancia Especializado de Assist\u00eancia Social (CREAS), os Centros de Conviv\u00eancia do Idoso (CCI), Centro Dia da Pessoa com Defici\u00eancia e toda a rede de organiza\u00e7\u00f5es da Sociedade Civil parceiras da Unidade de Gest\u00e3o. As fam\u00edlias acompanharam v\u00e1rios n\u00fameros, como o malabarismo, ilusionismo, as brincadeiras do palha\u00e7o e o globo da morte.<\/p>\n\n\n\n<p>\u201cEssa possibilidade de abrir, em parceria com o Munic\u00edpio, uma sess\u00e3o gratuita para as fam\u00edlias assistidas pela UGADS, \u00e9 muito importante. As pessoas se engajam com a a\u00e7\u00e3o, que representa uma fuga da rotina e oportunidade de aproxima\u00e7\u00e3o das atividades culturais. Por isso agradecemos muito ao Circo Stankowich, que realizou essa iniciativa\u201d, disse a gestora de Assist\u00eancia e Desenvolvimento Social, Maria Brant.<\/p>\n\n\n\n<figure class=\"wp-block-gallery has-nested-images columns-default is-cropped wp-block-gallery-1 is-layout-flex wp-block-gallery-is-layout-flex\">\n<figure class=\"wp-block-image size-large\"><img loading=\"lazy\" decoding=\"async\" width=\"1200\" height=\"801\" data-id=\"114407\" src=\"https:\/\/tvtecjundiai.com.br\/news\/wp-content\/uploads\/sites\/2\/2023\/09\/circo-stankowich_ugads-39-1280x854-1-1-1200x801.jpg\" alt=\"\" class=\"wp-image-114407\" srcset=\"https:\/\/tvtecjundiai.com.br\/news\/wp-content\/uploads\/sites\/2\/2023\/09\/circo-stankowich_ugads-39-1280x854-1-1-1200x801.jpg 1200w, https:\/\/tvtecjundiai.com.br\/news\/wp-content\/uploads\/sites\/2\/2023\/09\/circo-stankowich_ugads-39-1280x854-1-1-300x200.jpg 300w, https:\/\/tvtecjundiai.com.br\/news\/wp-content\/uploads\/sites\/2\/2023\/09\/circo-stankowich_ugads-39-1280x854-1-1-768x512.jpg 768w, https:\/\/tvtecjundiai.com.br\/news\/wp-content\/uploads\/sites\/2\/2023\/09\/circo-stankowich_ugads-39-1280x854-1-1.jpg 1280w\" sizes=\"auto, (max-width: 1200px) 100vw, 1200px\" \/><figcaption class=\"wp-element-caption\">Fam\u00edlias assistidas pela UGADS lotaram o Circo Stankowich<\/figcaption><\/figure>\n\n\n\n<figure class=\"wp-block-image size-large\"><img loading=\"lazy\" decoding=\"async\" width=\"1200\" height=\"801\" data-id=\"114405\" src=\"https:\/\/tvtecjundiai.com.br\/news\/wp-content\/uploads\/sites\/2\/2023\/09\/circo-stankowich_ugads-96-1280x854-2-1200x801.jpg\" alt=\"\" class=\"wp-image-114405\" srcset=\"https:\/\/tvtecjundiai.com.br\/news\/wp-content\/uploads\/sites\/2\/2023\/09\/circo-stankowich_ugads-96-1280x854-2-1200x801.jpg 1200w, https:\/\/tvtecjundiai.com.br\/news\/wp-content\/uploads\/sites\/2\/2023\/09\/circo-stankowich_ugads-96-1280x854-2-300x200.jpg 300w, https:\/\/tvtecjundiai.com.br\/news\/wp-content\/uploads\/sites\/2\/2023\/09\/circo-stankowich_ugads-96-1280x854-2-768x512.jpg 768w, https:\/\/tvtecjundiai.com.br\/news\/wp-content\/uploads\/sites\/2\/2023\/09\/circo-stankowich_ugads-96-1280x854-2.jpg 1280w\" sizes=\"auto, (max-width: 1200px) 100vw, 1200px\" \/><figcaption class=\"wp-element-caption\">O n\u00famero do globo da morte levantou o p\u00fablico<\/figcaption><\/figure>\n<\/figure>\n\n\n\n<p>A a\u00e7\u00e3o foi realizada a partir de uma articula\u00e7\u00e3o da Unidade de Gest\u00e3o da Casa Civil (UGCC) com o Circo Stankowich. \u201cO circo est\u00e1 instalado numa \u00e1rea p\u00fablica. E n\u00f3s entendemos que \u00e9 fundamental uma contrapartida ao Munic\u00edpio, como essa que promovemos hoje. \u00c9 um dia que proporciona \u00e0s fam\u00edlias e \u00e0s crian\u00e7as um momento l\u00fadico e de divers\u00e3o. E projetos como esses est\u00e3o em conson\u00e2ncia com o programa Cidade das Crian\u00e7as, que pensa a crian\u00e7a em sua integralidade\u201d, refor\u00e7ou o gestor da Casa Civil, Gustavo Maryssael.<\/p>\n\n\n\n<p>Ao final da sess\u00e3o, muita gente saiu emocionada. \u201cFoi muito legal. Eu nunca tinha ido ao circo e gostei muito\u201d, disse o pequeno Nicollas Rafael, de 8 anos, que estava com a fam\u00edlia. Os amigos Frederico J\u00fanior e Samuel Biasotto, do Almerinda Chaves, tamb\u00e9m gostaram muito. \u201c\u00c9 muito divertido e os shows s\u00e3o muito bonitos\u201d, disseram.<\/p>\n\n\n<div class=\"wp-block-image\">\n<figure class=\"aligncenter size-large is-resized\"><img loading=\"lazy\" decoding=\"async\" src=\"https:\/\/tvtecjundiai.com.br\/news\/wp-content\/uploads\/sites\/2\/2023\/09\/circo-stankowich_ugads-117-2-1280x854-1-1200x801.jpg\" alt=\"\" class=\"wp-image-114408\" width=\"731\" height=\"488\" srcset=\"https:\/\/tvtecjundiai.com.br\/news\/wp-content\/uploads\/sites\/2\/2023\/09\/circo-stankowich_ugads-117-2-1280x854-1-1200x801.jpg 1200w, https:\/\/tvtecjundiai.com.br\/news\/wp-content\/uploads\/sites\/2\/2023\/09\/circo-stankowich_ugads-117-2-1280x854-1-300x200.jpg 300w, https:\/\/tvtecjundiai.com.br\/news\/wp-content\/uploads\/sites\/2\/2023\/09\/circo-stankowich_ugads-117-2-1280x854-1-768x512.jpg 768w, https:\/\/tvtecjundiai.com.br\/news\/wp-content\/uploads\/sites\/2\/2023\/09\/circo-stankowich_ugads-117-2-1280x854-1.jpg 1280w\" sizes=\"auto, (max-width: 731px) 100vw, 731px\" \/><\/figure>\n<\/div>\n\n\n<p><strong><em>Fonte \/ Imagem: Prefeitura de Jundia\u00ed<\/em><\/strong><\/p>\n","protected":false},"excerpt":{"rendered":"<p>As fam\u00edlias assistiram, gratuitamente, a um espet\u00e1culo do Circo Stankowich<\/p>\n","protected":false},"author":24,"featured_media":114407,"comment_status":"closed","ping_status":"0","sticky":false,"template":"","format":"standard","meta":{"footnotes":""},"categories":[8356,8354,1],"tags":[],"class_list":["post-114401","post","type-post","status-publish","format-standard","has-post-thumbnail","hentry","category-jundiai","category-lazer","category-noticias"],"_links":{"self":[{"href":"https:\/\/tvtecjundiai.com.br\/news\/wp-json\/wp\/v2\/posts\/114401","targetHints":{"allow":["GET"]}}],"collection":[{"href":"https:\/\/tvtecjundiai.com.br\/news\/wp-json\/wp\/v2\/posts"}],"about":[{"href":"https:\/\/tvtecjundiai.com.br\/news\/wp-json\/wp\/v2\/types\/post"}],"author":[{"embeddable":true,"href":"https:\/\/tvtecjundiai.com.br\/news\/wp-json\/wp\/v2\/users\/24"}],"replies":[{"embeddable":true,"href":"https:\/\/tvtecjundiai.com.br\/news\/wp-json\/wp\/v2\/comments?post=114401"}],"version-history":[{"count":1,"href":"https:\/\/tvtecjundiai.com.br\/news\/wp-json\/wp\/v2\/posts\/114401\/revisions"}],"predecessor-version":[{"id":114409,"href":"https:\/\/tvtecjundiai.com.br\/news\/wp-json\/wp\/v2\/posts\/114401\/revisions\/114409"}],"wp:featuredmedia":[{"embeddable":true,"href":"https:\/\/tvtecjundiai.com.br\/news\/wp-json\/wp\/v2\/media\/114407"}],"wp:attachment":[{"href":"https:\/\/tvtecjundiai.com.br\/news\/wp-json\/wp\/v2\/media?parent=114401"}],"wp:term":[{"taxonomy":"category","embeddable":true,"href":"https:\/\/tvtecjundiai.com.br\/news\/wp-json\/wp\/v2\/categories?post=114401"},{"taxonomy":"post_tag","embeddable":true,"href":"https:\/\/tvtecjundiai.com.br\/news\/wp-json\/wp\/v2\/tags?post=114401"}],"curies":[{"name":"wp","href":"https:\/\/api.w.org\/{rel}","templated":true}]}}