{"id":114410,"date":"2023-09-06T10:50:57","date_gmt":"2023-09-06T13:50:57","guid":{"rendered":"https:\/\/tvtecjundiai.com.br\/news\/?p=114410"},"modified":"2023-09-06T10:51:53","modified_gmt":"2023-09-06T13:51:53","slug":"jundiai-recebe-o-maior-festival-de-cerveja-artesanal-do-brasil","status":"publish","type":"post","link":"https:\/\/tvtecjundiai.com.br\/news\/2023\/09\/06\/jundiai-recebe-o-maior-festival-de-cerveja-artesanal-do-brasil\/","title":{"rendered":"Jundia\u00ed recebe o maior festival de cerveja artesanal do Brasil neste fim de semana"},"content":{"rendered":"\n<p>A partir desta quinta-feira, 7 de setembro, a \u00e1rea externa da Galeria Carrefour Jundia\u00ed entra na rota do maior festival de cerveja artesanal itinerante do Brasil. O Beerland permanece no local durante todo o feriado prolongado, de quinta a domingo (10). S\u00e3o diversas variedades especiais de cerveja como a Witbier de Maracuj\u00e1, Amora, Laranja e Lim\u00e3o e a IPA com Jack Daniels, as mais tradicionais como Pilsen, IPA, APA, Black e Vinho tamb\u00e9m fazem parte de um cat\u00e1logo com 16 estilos diferentes que totalizam mais de 10 mil litros servidos em cada evento. Comidas e outras bebidas tamb\u00e9m estar\u00e3o dispon\u00edveis e shows ao vivo com muito Rock&#8217;n Roll.<\/p>\n\n\n\n<p>Al\u00e9m do cuidado de atender a todos os gostos nos comes e bebes, o Beerland tamb\u00e9m busca atender a todos os p\u00fablicos nas atividades de lazer. Por exemplo, no espa\u00e7o destinado \u00e0s cervejas e seus apreciadores, no s\u00e1bado e no domingo, acontece a competi\u00e7\u00e3o&nbsp;<strong>\u201cQuem bebe mais r\u00e1pido um litro de chopp\u201d<\/strong>. O vencedor ganha 200 reais, a caneca personalizada de 1 litro de chopp reabastecida e um kit exclusivo da cervejaria Doutor Chopp. Contudo, o festival tamb\u00e9m conta com um completo espa\u00e7o kids de brinquedos infl\u00e1veis e cen\u00e1rios instagram\u00e1veis espalhados pelo evento.<\/p>\n\n\n\n<p>As del\u00edcias gastron\u00f4micas dever\u00e3o surpreender o p\u00fablico pela variedade de sabores presentes, contando com food trucks especializados em frutos do mar, at\u00e9 mesmo a cl\u00e1ssica culin\u00e1ria brasileira, com direito a torresmo raiz, costela no bafo, espetinhos, hamb\u00fargueres artesanais, feij\u00e3o tropeiro, e muito mais.<\/p>\n\n\n\n<p>Na quinta (7), um show ac\u00fastico de pop rock com Thisway abre a programa\u00e7\u00e3o musical, seguido pela PJ 90, banda cover do Pearl Jam. Sexta-feira (8), um show cover de Raul Seixas com o Bando do Raul \u00e9 quem embala os cervejeiros. No s\u00e1bado (9), dividem o palco Valvulados &amp; Carburados com rock dos anos 80 e 90, Deloreans80 com mais flashbacks cl\u00e1ssicos e o dia termina com o Molina&#8217;s Creedence Cover Brasil. No \u00faltimo dia, domingo (10), as divas do rock ganham uma homenagem no show de Jo\u00e3o Carllos &amp; Giselle Vergna, Amazai traz o raggae para a Beerland e o Foo Five encerra a programa\u00e7\u00e3o com seu tributo ao Foo Fighters Cover.<\/p>\n\n\n\n<p><strong>Servi\u00e7o<\/strong><\/p>\n\n\n\n<p><strong>Beerland&nbsp;<\/strong>Jundia\u00ed<br><strong>Local:<\/strong>&nbsp;Galeria Carrefour Jundia\u00ed<br><strong>Data:<\/strong>&nbsp;7 a 10 de setembro (quinta a domingo)<br><strong>Hor\u00e1rio:&nbsp;<\/strong>Das 12h \u00e0s 22h<br><strong>Endere\u00e7o:<\/strong>&nbsp;Estacionamento da Galeria Carrefour Jundia\u00ed &#8211; Avenida Prof\u00aa Maria do Carmo Guimar\u00e3es Pellegrini,800 Jundia\u00ed\/ SP<br><strong>Entrada:&nbsp;<\/strong>Gratuita<\/p>\n\n\n<div class=\"wp-block-image\">\n<figure class=\"aligncenter size-full is-resized\"><img loading=\"lazy\" decoding=\"async\" src=\"https:\/\/tvtecjundiai.com.br\/news\/wp-content\/uploads\/sites\/2\/2023\/09\/image-11.png\" alt=\"\" class=\"wp-image-114411\" width=\"646\" height=\"431\" srcset=\"https:\/\/tvtecjundiai.com.br\/news\/wp-content\/uploads\/sites\/2\/2023\/09\/image-11.png 610w, https:\/\/tvtecjundiai.com.br\/news\/wp-content\/uploads\/sites\/2\/2023\/09\/image-11-300x200.png 300w\" sizes=\"auto, (max-width: 646px) 100vw, 646px\" \/><figcaption class=\"wp-element-caption\">Comidas e outras bebidas tamb\u00e9m estar\u00e3o dispon\u00edveis e shows ao vivo com muito Rock&#8217;n Roll.<\/figcaption><\/figure>\n<\/div>\n\n\n<p><strong>Programa\u00e7\u00e3o:<\/strong><\/p>\n\n\n\n<p><strong>07\/09 &#8211;&nbsp;<\/strong>Quinta-feira<\/p>\n\n\n\n<p><strong>16h&nbsp;<\/strong>\u2013 ThisWay (pop rock ac\u00fastico)<\/p>\n\n\n\n<p><strong>20h&nbsp;<\/strong>\u2013 PJ 90 (Pearl Jam Cover)<\/p>\n\n\n\n<p><strong>08\/09 \u2013&nbsp;Sexta-feira<\/strong><\/p>\n\n\n\n<p><strong>20h&nbsp;<\/strong>\u2013 Bando do Raul (Raul Seixas Cover)<\/p>\n\n\n\n<p><strong>09\/09<\/strong>&nbsp;\u2013&nbsp;S\u00e1bado<\/p>\n\n\n\n<p><strong>14h&nbsp;<\/strong>\u2013 Valvulados &amp; Carburados (rock anos 80 e 90)<\/p>\n\n\n\n<p><strong>16h&nbsp;<\/strong>\u2013 Deloreans80 (flashback)<\/p>\n\n\n\n<p><strong>20h&nbsp;<\/strong>\u2013 Molina&#8217;s Creedence Cover Brasil (Creedence Cover)<\/p>\n\n\n\n<p><strong>10\/09<\/strong>&nbsp;\u2013&nbsp;Domingo<\/p>\n\n\n\n<p><strong>13h&nbsp;<\/strong>\u2013 Jo\u00e3o Carllos &amp; Giselle Vergna (Tributo \u00e0s Divas Rock)<\/p>\n\n\n\n<p><strong>16h&nbsp;<\/strong>\u2013 Amazai (reggae)<\/p>\n\n\n\n<p><strong>19h&nbsp;<\/strong>\u2013 Foo Five (Foo Fighters Cover)<\/p>\n\n\n\n<p><strong><em>Fonte \/ Imagem: Portal da Cidade Louveira<\/em><\/strong><\/p>\n","protected":false},"excerpt":{"rendered":"<p>Comidas e outras bebidas tamb\u00e9m estar\u00e3o dispon\u00edveis e shows ao vivo com muito Rock&#8217;n Roll<\/p>\n","protected":false},"author":24,"featured_media":114411,"comment_status":"closed","ping_status":"0","sticky":false,"template":"","format":"standard","meta":{"footnotes":""},"categories":[8356,8354,1],"tags":[],"class_list":["post-114410","post","type-post","status-publish","format-standard","has-post-thumbnail","hentry","category-jundiai","category-lazer","category-noticias"],"_links":{"self":[{"href":"https:\/\/tvtecjundiai.com.br\/news\/wp-json\/wp\/v2\/posts\/114410","targetHints":{"allow":["GET"]}}],"collection":[{"href":"https:\/\/tvtecjundiai.com.br\/news\/wp-json\/wp\/v2\/posts"}],"about":[{"href":"https:\/\/tvtecjundiai.com.br\/news\/wp-json\/wp\/v2\/types\/post"}],"author":[{"embeddable":true,"href":"https:\/\/tvtecjundiai.com.br\/news\/wp-json\/wp\/v2\/users\/24"}],"replies":[{"embeddable":true,"href":"https:\/\/tvtecjundiai.com.br\/news\/wp-json\/wp\/v2\/comments?post=114410"}],"version-history":[{"count":2,"href":"https:\/\/tvtecjundiai.com.br\/news\/wp-json\/wp\/v2\/posts\/114410\/revisions"}],"predecessor-version":[{"id":114413,"href":"https:\/\/tvtecjundiai.com.br\/news\/wp-json\/wp\/v2\/posts\/114410\/revisions\/114413"}],"wp:featuredmedia":[{"embeddable":true,"href":"https:\/\/tvtecjundiai.com.br\/news\/wp-json\/wp\/v2\/media\/114411"}],"wp:attachment":[{"href":"https:\/\/tvtecjundiai.com.br\/news\/wp-json\/wp\/v2\/media?parent=114410"}],"wp:term":[{"taxonomy":"category","embeddable":true,"href":"https:\/\/tvtecjundiai.com.br\/news\/wp-json\/wp\/v2\/categories?post=114410"},{"taxonomy":"post_tag","embeddable":true,"href":"https:\/\/tvtecjundiai.com.br\/news\/wp-json\/wp\/v2\/tags?post=114410"}],"curies":[{"name":"wp","href":"https:\/\/api.w.org\/{rel}","templated":true}]}}