{"id":114415,"date":"2023-09-06T10:57:22","date_gmt":"2023-09-06T13:57:22","guid":{"rendered":"https:\/\/tvtecjundiai.com.br\/news\/?p=114415"},"modified":"2023-09-06T10:57:22","modified_gmt":"2023-09-06T13:57:22","slug":"turismo-de-jundiai-tem-opcoes-para-toda-a-familia-no-feriado-da-independencia","status":"publish","type":"post","link":"https:\/\/tvtecjundiai.com.br\/news\/2023\/09\/06\/turismo-de-jundiai-tem-opcoes-para-toda-a-familia-no-feriado-da-independencia\/","title":{"rendered":"Turismo de Jundia\u00ed tem op\u00e7\u00f5es para toda a fam\u00edlia no feriado da Independ\u00eancia"},"content":{"rendered":"\n<p>No dia 7 de setembro de 1822, D. Pedro 1\u00ba proclamou o grito de independ\u00eancia \u00e0s margens do rio Ipiranga e o Brasil se consolidou como uma na\u00e7\u00e3o independente. Desde 1946, por lei federal, a data \u00e9 feriado nacional. Comemorado nesta quinta-feira (07), muitas pessoas emendam e aproveitam as atra\u00e7\u00f5es do turismo de Jundia\u00ed para um momento de descontra\u00e7\u00e3o em fam\u00edlia ou mesmo de descanso e contato com a natureza.<\/p>\n\n\n\n<p>E para o feriado prolongado pelo final de semana da Independ\u00eancia, o Departamento de Turismo, ligado \u00e0 Unidade de Gest\u00e3o de Agroneg\u00f3cio, Abastecimento e Turismo (UGAAT) de Jundia\u00ed, preparou a segunda rota com 40 op\u00e7\u00f5es de turismo e lazer imperd\u00edveis para se fazer na cidade, mesmo para quem vai trabalhar. No feriado da Padroeira, dia 15 de agosto, o Departamento tamb\u00e9m preparou uma lista, que pode ser conferida&nbsp;<a href=\"https:\/\/jundiai.sp.gov.br\/noticias\/2023\/08\/10\/final-de-semana-prolongado-pelo-feriado-da-padroeira-movimenta-turismo-de-jundiai\/\" target=\"_blank\" rel=\"noreferrer noopener\">neste link<\/a>.<\/p>\n\n\n<div class=\"wp-block-image\">\n<figure class=\"aligncenter\"><img decoding=\"async\" src=\"https:\/\/jundiai.sp.gov.br\/noticias\/wp-content\/uploads\/sites\/32\/2023\/09\/cafe-colonial-bela-mattina-16-1280x853.jpg\" alt=\"\" class=\"wp-image-325965\" \/><figcaption class=\"wp-element-caption\">Caf\u00e9 colonial \u00e9 uma das op\u00e7\u00f5es para curtir o feriado<\/figcaption><\/figure>\n<\/div>\n\n\n<p>Segundo dados da Prefeitura, Jundia\u00ed recebe mais de 1 milh\u00e3o de visitantes por ano, com consumo m\u00e9dio de US$ 70 por pessoa\/por dia. A variedade de atra\u00e7\u00f5es de turismo rural e interesses pelas rotas da cidade podem ser conferidas no site do Turismo Jundia\u00ed. \u201cAtrav\u00e9s de diversos programas de incentivo ao agroneg\u00f3cio e de preserva\u00e7\u00e3o da natureza, temos auxiliado os produtores rurais a se fixarem no campo, e isso passa pela oferta de servi\u00e7os de apoio especializado e programas de incentivo. Por isso, Jundia\u00ed \u00e9 uma das cidades mais importantes do estado na oferta de turismo rural\u201d, lembra o gestor da UGAAT, Eduardo Alvarez.<\/p>\n\n\n\n<p>\u201cA diversifica\u00e7\u00e3o do nosso turismo, que hoje contempla tanto espa\u00e7os p\u00fablicos quanto op\u00e7\u00f5es gastron\u00f4micas, amplia as op\u00e7\u00f5es para os visitantes e distribui melhor o fluxo que a cidade recebe, trazendo mais desenvolvimento para as v\u00e1rias regi\u00f5es e bairros\u201d, refor\u00e7a a diretora de Turismo, Marcela Moro. Jundia\u00ed, atualmente, tem oito rotas tur\u00edsticas diversificadas espalhadas pela cidade.<\/p>\n\n\n\n<p>A lista cont\u00e9m visitas a espa\u00e7os p\u00fablicos, como conhecer a hist\u00f3ria da antiga F\u00e1brica de Tecidos Argos, na Biblioteca Municipal Professor Nelson Foot ou pedalar pela Rota das Frutas, que tem in\u00edcio no Parque da Cidade. E tamb\u00e9m conhecer caf\u00e9s, restaurantes, bares e vin\u00edcolas de Jundia\u00ed, e degustar tudo o que a cidade tem de melhor.<\/p>\n\n\n<div class=\"wp-block-image\">\n<figure class=\"aligncenter\"><img decoding=\"async\" src=\"https:\/\/jundiai.sp.gov.br\/noticias\/wp-content\/uploads\/sites\/32\/2023\/09\/biblioteca-publica-municipal-professor-nelson-foot-106-1280x854.jpg\" alt=\"\" class=\"wp-image-325967\" \/><figcaption class=\"wp-element-caption\">Biblioteca Municipal Nelson Foot \u00e9 um incentivo \u00e0 leitura nos dias de folga<\/figcaption><\/figure>\n<\/div>\n\n\n<p><strong>40 op\u00e7\u00f5es de turismo e lazer para se fazer em Jundia\u00ed no feriado<\/strong><\/p>\n\n\n\n<ol class=\"wp-block-list\">\n<li>Tomar um Caf\u00e9 da Manh\u00e3 Rural na Quinta dos Alves<\/li>\n\n\n\n<li>Fazer a visita monitorada e degustar as deliciosas cervejas da Giffa Cervejaria<\/li>\n\n\n\n<li>Passear de trenzinho na Adega Marquesin<\/li>\n\n\n\n<li>Degustar os ch\u00e1s da Art-Box<\/li>\n\n\n\n<li>Comprar um fetuccini de vinho na Tre Sorelle e preparar uma bela massa<\/li>\n\n\n\n<li>Experimentar o suco de uva da Marquesa de Santos, na Vin\u00edcola Oliveira<\/li>\n\n\n\n<li>Fazer uma trilha na Fazenda Japiap\u00e9<\/li>\n\n\n\n<li>Experimentar um tortei de ab\u00f3bora no Restaurante Villa Brunholi<\/li>\n\n\n\n<li>Comprar queijos de cabra e doce de leite no Capril Capriol\u00eas<\/li>\n\n\n\n<li>Conhecer a ONG Mata Ciliar<\/li>\n\n\n\n<li>Experimentar o vinho de Niagara premiado da Adega Martins<\/li>\n\n\n\n<li>Fazer um colha e pague de frutas no S\u00edtio Michelin<\/li>\n\n\n\n<li>Comer um delicioso e tradicional Torresmo no Bar do Pedro<\/li>\n\n\n\n<li>Receber uma massagem relaxante nos Jardins do Restaurante Rosas do Horto<\/li>\n\n\n\n<li>Se deliciar com um piquenique com vinhos na Adega Santa Cec\u00edlia<\/li>\n\n\n\n<li>Se servir dos diferentes tipos de chope e curtir uma boa m\u00fasica no Open Tap<\/li>\n\n\n\n<li>Conhecer o ponto mais alto da Rota da Terra Nova, no alto do morro da Light, onde \u00e9 poss\u00edvel apreciar as belezas da Serra do Japi.<\/li>\n\n\n\n<li>Pedalar pela Rota das Frutas, que tem in\u00edcio no Parque da Cidade<\/li>\n\n\n\n<li>Comprar as lindas pe\u00e7as do artesanato do Jundia\u00ed Feito \u00e0 M\u00e3o na Pra\u00e7a da Matriz, sempre na primeira semana do m\u00eas.<\/li>\n\n\n\n<li>Conhecer o casar\u00e3o, do s\u00e9culo XIX, na Fazenda Ribeir\u00e3o<\/li>\n\n\n\n<li>Experimentar os morangos deliciosos do Bendito Quintal<\/li>\n\n\n\n<li>Participar de uma experi\u00eancia de observa\u00e7\u00e3o de astros no S\u00edtio Serra das Paineiras<\/li>\n\n\n\n<li>Conhecer a produ\u00e7\u00e3o de caf\u00e9 do Espa\u00e7o Carpe Diem<\/li>\n\n\n\n<li>Comer um risoto tradicional no Restaurante Spiandorello<\/li>\n\n\n\n<li>Comprar diversas del\u00edcias de Jundia\u00ed no Emp\u00f3rio Terra da Uva, no Mercad\u00e3o da Ferrovi\u00e1rios<\/li>\n\n\n\n<li>Conhecer o Museu do Caf\u00e9, na Fazenda Nossa Senhora da Concei\u00e7\u00e3o<\/li>\n\n\n\n<li>Fazer uma visita \u00e0 sede da Funda\u00e7\u00e3o Serra do Japi<\/li>\n\n\n\n<li>Visitar as tradicionais Festas da Toca, Roseira, Caxambu, Terra Nova e Cidade Nova<\/li>\n\n\n\n<li>Conhecer a cripta da Catedral Nossa Senhora do Desterro<\/li>\n\n\n\n<li>Experimentar o P\u00e3o de Uva da Maziero P\u00e3es<\/li>\n\n\n\n<li>Provar as deliciosas geleias e biscoitinhos artesanais da Adega e S\u00edtio Vendramin<\/li>\n\n\n\n<li>Vir para Jundia\u00ed, pelo Expresso Tur\u00edstico, revivendo a hist\u00f3ria do transporte ferrovi\u00e1rio<\/li>\n\n\n\n<li>Degustar os v\u00e1rios tipos de mel comercializados pelo Api\u00e1rio Rozati, que fica pr\u00f3ximo \u00e0 Esta\u00e7\u00e3o Ferrovi\u00e1ria<\/li>\n\n\n\n<li>Conhecer a hist\u00f3ria da Adega do Portugu\u00eas, \u00fanica vin\u00edcola com propriet\u00e1rios de origem portuguesa na cidade<\/li>\n\n\n\n<li>Comprar uma sidra da Cereser, diretamente na Casa Cereser, junto \u00e0 F\u00e1brica da empresa<\/li>\n\n\n\n<li>Fazer uma harmoniza\u00e7\u00e3o de cervejas na Academia Jundiaiense de Cerveja e Malte<\/li>\n\n\n\n<li>Experimentar um bombom de vinho da D\u2019viez Chocolates<\/li>\n\n\n\n<li>Tomar um caf\u00e9 mo\u00eddo na hora, no Vilarez Emp\u00f3rio do Caf\u00e9, no Mercad\u00e3o da Ferrovi\u00e1rios<\/li>\n\n\n\n<li>Caminhar pela Rua Bar\u00e3o de Jundia\u00ed, observando os diversos pr\u00e9dios com arquitetura de \u00e9poca<\/li>\n\n\n\n<li>Conhecer a hist\u00f3ria da antiga F\u00e1brica de Tecidos Argos, na Biblioteca Municipal Professor Nelson Foot.<\/li>\n<\/ol>\n\n\n<div class=\"wp-block-image\">\n<figure class=\"aligncenter\"><img decoding=\"async\" src=\"https:\/\/jundiai.sp.gov.br\/noticias\/wp-content\/uploads\/sites\/32\/2023\/09\/celebracao-padroeira-de-jundiai-catedral-nossa-senhora-do-desterro-luiz-fernando-machado_fm_-226-1280x854.jpg\" alt=\"\" class=\"wp-image-325968\" \/><figcaption class=\"wp-element-caption\">Conhecer a Catedral Nossa Senhora do Desterro e a cripta \u00e9 uma das op\u00e7\u00f5es para conhecer mais o patrim\u00f4nio hist\u00f3rico e religioso de Jundia\u00ed<\/figcaption><\/figure>\n<\/div>\n\n\n<p><strong><em>Fonte \/ Imagem: Prefeitura de Jundia\u00ed<\/em><\/strong><\/p>\n","protected":false},"excerpt":{"rendered":"<p>Comemorado nesta quinta-feira (07), muitas pessoas emendam e aproveitam as atra\u00e7\u00f5es do turismo de Jundia\u00ed <\/p>\n","protected":false},"author":24,"featured_media":114416,"comment_status":"closed","ping_status":"0","sticky":false,"template":"","format":"standard","meta":{"footnotes":""},"categories":[8356,8354,1],"tags":[],"class_list":["post-114415","post","type-post","status-publish","format-standard","has-post-thumbnail","hentry","category-jundiai","category-lazer","category-noticias"],"_links":{"self":[{"href":"https:\/\/tvtecjundiai.com.br\/news\/wp-json\/wp\/v2\/posts\/114415","targetHints":{"allow":["GET"]}}],"collection":[{"href":"https:\/\/tvtecjundiai.com.br\/news\/wp-json\/wp\/v2\/posts"}],"about":[{"href":"https:\/\/tvtecjundiai.com.br\/news\/wp-json\/wp\/v2\/types\/post"}],"author":[{"embeddable":true,"href":"https:\/\/tvtecjundiai.com.br\/news\/wp-json\/wp\/v2\/users\/24"}],"replies":[{"embeddable":true,"href":"https:\/\/tvtecjundiai.com.br\/news\/wp-json\/wp\/v2\/comments?post=114415"}],"version-history":[{"count":1,"href":"https:\/\/tvtecjundiai.com.br\/news\/wp-json\/wp\/v2\/posts\/114415\/revisions"}],"predecessor-version":[{"id":114417,"href":"https:\/\/tvtecjundiai.com.br\/news\/wp-json\/wp\/v2\/posts\/114415\/revisions\/114417"}],"wp:featuredmedia":[{"embeddable":true,"href":"https:\/\/tvtecjundiai.com.br\/news\/wp-json\/wp\/v2\/media\/114416"}],"wp:attachment":[{"href":"https:\/\/tvtecjundiai.com.br\/news\/wp-json\/wp\/v2\/media?parent=114415"}],"wp:term":[{"taxonomy":"category","embeddable":true,"href":"https:\/\/tvtecjundiai.com.br\/news\/wp-json\/wp\/v2\/categories?post=114415"},{"taxonomy":"post_tag","embeddable":true,"href":"https:\/\/tvtecjundiai.com.br\/news\/wp-json\/wp\/v2\/tags?post=114415"}],"curies":[{"name":"wp","href":"https:\/\/api.w.org\/{rel}","templated":true}]}}