{"id":114431,"date":"2023-09-06T11:53:38","date_gmt":"2023-09-06T14:53:38","guid":{"rendered":"https:\/\/tvtecjundiai.com.br\/news\/?p=114431"},"modified":"2023-09-06T11:53:39","modified_gmt":"2023-09-06T14:53:39","slug":"academia-jundiaiense-de-letras-promove-leitura-de-poemas-de-manoel-de-barros","status":"publish","type":"post","link":"https:\/\/tvtecjundiai.com.br\/news\/2023\/09\/06\/academia-jundiaiense-de-letras-promove-leitura-de-poemas-de-manoel-de-barros\/","title":{"rendered":"Academia Jundiaiense de Letras promove leitura de poemas de Manoel de Barros"},"content":{"rendered":"\n<p>A Academia Jundiaiense de Letras (AJL) convida entusiastas da poesia e literatura para um evento especial neste s\u00e1bado (09), \u00e0s 11h. A acad\u00eamica e escritora Mara Ligia Biancardi conduzir\u00e1 uma leitura de poemas de Manoel de Barros, bem como textos de escritores locais.<\/p>\n\n\n\n<p>O evento acontecer\u00e1 na Biblioteca P\u00fablica Municipal Prof. Nelson Foot, na Av. Dr. Cavalcanti, 396, na Vila Arens, Jundia\u00ed. Para tornar a ocasi\u00e3o ainda mais interativa, os participantes s\u00e3o convidados a trazer um poema de sua pr\u00f3pria autoria para compartilhar com o p\u00fablico.<\/p>\n\n\n\n<p>A leitura de poemas promete ser uma oportunidade enriquecedora para mergulhar nas poesias de Manoel de Barros e apreciar o talento dos escritores da regi\u00e3o. A entrada \u00e9 gratuita.<\/p>\n\n\n<div class=\"wp-block-image\">\n<figure class=\"aligncenter size-large is-resized\"><img loading=\"lazy\" decoding=\"async\" src=\"https:\/\/tvtecjundiai.com.br\/news\/wp-content\/uploads\/sites\/2\/2023\/09\/WhatsApp-Image-2023-09-06-at-10.49.16-960x960.jpeg\" alt=\"\" class=\"wp-image-114437\" width=\"575\" height=\"575\" srcset=\"https:\/\/tvtecjundiai.com.br\/news\/wp-content\/uploads\/sites\/2\/2023\/09\/WhatsApp-Image-2023-09-06-at-10.49.16-960x960.jpeg 960w, https:\/\/tvtecjundiai.com.br\/news\/wp-content\/uploads\/sites\/2\/2023\/09\/WhatsApp-Image-2023-09-06-at-10.49.16-300x300.jpeg 300w, https:\/\/tvtecjundiai.com.br\/news\/wp-content\/uploads\/sites\/2\/2023\/09\/WhatsApp-Image-2023-09-06-at-10.49.16-100x100.jpeg 100w, https:\/\/tvtecjundiai.com.br\/news\/wp-content\/uploads\/sites\/2\/2023\/09\/WhatsApp-Image-2023-09-06-at-10.49.16-768x768.jpeg 768w, https:\/\/tvtecjundiai.com.br\/news\/wp-content\/uploads\/sites\/2\/2023\/09\/WhatsApp-Image-2023-09-06-at-10.49.16.jpeg 1280w\" sizes=\"auto, (max-width: 575px) 100vw, 575px\" \/><\/figure>\n<\/div>\n\n\n<p><strong><em>Fonte \/ Imagem: TVTEC Jundia\u00ed<\/em><\/strong><\/p>\n","protected":false},"excerpt":{"rendered":"<p>O evento acontecer\u00e1 na Biblioteca P\u00fablica Municipal Prof. Nelson Foot<\/p>\n","protected":false},"author":24,"featured_media":114438,"comment_status":"closed","ping_status":"0","sticky":false,"template":"","format":"standard","meta":{"footnotes":""},"categories":[8356,8354,1],"tags":[],"class_list":["post-114431","post","type-post","status-publish","format-standard","has-post-thumbnail","hentry","category-jundiai","category-lazer","category-noticias"],"_links":{"self":[{"href":"https:\/\/tvtecjundiai.com.br\/news\/wp-json\/wp\/v2\/posts\/114431","targetHints":{"allow":["GET"]}}],"collection":[{"href":"https:\/\/tvtecjundiai.com.br\/news\/wp-json\/wp\/v2\/posts"}],"about":[{"href":"https:\/\/tvtecjundiai.com.br\/news\/wp-json\/wp\/v2\/types\/post"}],"author":[{"embeddable":true,"href":"https:\/\/tvtecjundiai.com.br\/news\/wp-json\/wp\/v2\/users\/24"}],"replies":[{"embeddable":true,"href":"https:\/\/tvtecjundiai.com.br\/news\/wp-json\/wp\/v2\/comments?post=114431"}],"version-history":[{"count":1,"href":"https:\/\/tvtecjundiai.com.br\/news\/wp-json\/wp\/v2\/posts\/114431\/revisions"}],"predecessor-version":[{"id":114439,"href":"https:\/\/tvtecjundiai.com.br\/news\/wp-json\/wp\/v2\/posts\/114431\/revisions\/114439"}],"wp:featuredmedia":[{"embeddable":true,"href":"https:\/\/tvtecjundiai.com.br\/news\/wp-json\/wp\/v2\/media\/114438"}],"wp:attachment":[{"href":"https:\/\/tvtecjundiai.com.br\/news\/wp-json\/wp\/v2\/media?parent=114431"}],"wp:term":[{"taxonomy":"category","embeddable":true,"href":"https:\/\/tvtecjundiai.com.br\/news\/wp-json\/wp\/v2\/categories?post=114431"},{"taxonomy":"post_tag","embeddable":true,"href":"https:\/\/tvtecjundiai.com.br\/news\/wp-json\/wp\/v2\/tags?post=114431"}],"curies":[{"name":"wp","href":"https:\/\/api.w.org\/{rel}","templated":true}]}}