{"id":114885,"date":"2023-09-20T10:22:22","date_gmt":"2023-09-20T13:22:22","guid":{"rendered":"https:\/\/tvtecjundiai.com.br\/news\/?p=114885"},"modified":"2023-09-20T10:22:26","modified_gmt":"2023-09-20T13:22:26","slug":"experiencias-da-dae-jundiai-rendem-elogios-dos-participantes","status":"publish","type":"post","link":"https:\/\/tvtecjundiai.com.br\/news\/2023\/09\/20\/experiencias-da-dae-jundiai-rendem-elogios-dos-participantes\/","title":{"rendered":"Experi\u00eancias da DAE Jundia\u00ed rendem elogios dos participantes"},"content":{"rendered":"\n<p>Os trabalhos t\u00e9cnicos coordenados pela equipe da DAE Jundia\u00ed nesta ter\u00e7a-feira (19), durante o primeiro dia de apresenta\u00e7\u00f5es do 51\u00ba Congresso Nacional de Saneamento da Assemae, em Po\u00e7os de Caldas (MG), conquistaram o interesse do p\u00fablico. O evento segue at\u00e9 a pr\u00f3xima sexta-feira (22) e destaca as a\u00e7\u00f5es da DAE, incluindo o complexo de parques administrado pela empresa \u2013 Parque da Cidade e Mundo das Crian\u00e7as.<\/p>\n\n\n\n<p>Temas como tecnologia mobile, reutiliza\u00e7\u00e3o de res\u00edduos s\u00f3lidos, reuso indireto de \u00e1gua pot\u00e1vel, governan\u00e7a e recursos humanos, sob a \u00f3tica do saneamento, foram debatidos. Poliana Canassa, colaboradora de uma consultoria de Campinas, elogiou a palestra do servidor Vitor Arantes e as iniciativas da DAE com foco na economia circular.<\/p>\n\n\n\n<p>\u201cA abordagem foi interessante porque mostrou que a empresa se preocupa com o reuso e o remanufatura antes de buscar a reciclagem, que \u00e9 um processo que tamb\u00e9m gera custos e gastos de energia\u201d, avaliou Poliana.<\/p>\n\n\n\n<p>Heloise Fernandes da Silva, que atua na Semasa (Servi\u00e7o Municipal de \u00c1gua, Saneamento B\u00e1sico e Infraestrutura) de Itaja\u00ed, em Santa Catarina, quer fazer mais um contato com a DAE depois de assistir \u00e0 palestra do diretor superintendente de Gest\u00e3o, Evandro Biancarelli. Ele falou sobre governan\u00e7a e ferramentas que trazem transpar\u00eancia e confiabilidade ao processo de registro de reuni\u00f5es.<\/p>\n\n\n\n<p>\u201cAtuo na assessoria de Governan\u00e7a da Semasa, que foi criada recentemente, e sentimos que faltam processos para garantir mais confiabilidade e seguran\u00e7a da informa\u00e7\u00e3o. Farei contato com a DAE Jundia\u00ed para obter mais dados e trazer esta experi\u00eancia.\u201d<\/p>\n\n\n\n<p>Fabricio Jacques Vieira, da Universidade Federal de Santa Catarina, tamb\u00e9m assistiu \u00e0 palestra do superintendente. A agilidade do sistema foi o que mais chamou sua aten\u00e7\u00e3o. \u201cIsso contribui para a desburocratiza\u00e7\u00e3o\u201d, definiu.<\/p>\n\n\n\n<p>A apresenta\u00e7\u00e3o de trabalhos t\u00e9cnicos e a participa\u00e7\u00e3o em mesas redondas segue nesta quarta (20) e quinta-feira (21). Na pauta desta quarta, educa\u00e7\u00e3o ambiental, Lei Geral de Prote\u00e7\u00e3o de Dados, riscos corporativos, Plano de Seguran\u00e7a da \u00c1gua, parcerias p\u00fablico-privadas, parques da DAE, programa \u00c1guas de Jundia\u00ed, ESG e contrata\u00e7\u00e3o de consultorias.<\/p>\n\n\n\n<p><strong><em>Assessoria de Comunica\u00e7\u00e3o \u2013 DAE Jundia\u00ed<\/em><\/strong><\/p>\n\n\n\n<p><strong><em>Fotos: DAE Jundia\u00ed<\/em><\/strong><\/p>\n\n\n\n<figure class=\"wp-block-image\"><img decoding=\"async\" src=\"https:\/\/jundiai.sp.gov.br\/noticias\/wp-content\/uploads\/sites\/32\/2023\/09\/palestra-vitor-assemae-1280x720.jpeg\" alt=\"\" class=\"wp-image-327083\" \/><figcaption class=\"wp-element-caption\">O servidor Vitor Arantes falou sobre as iniciativas da DAE com foco na economia circular<\/figcaption><\/figure>\n\n\n\n<figure class=\"wp-block-image\"><img decoding=\"async\" src=\"https:\/\/jundiai.sp.gov.br\/noticias\/wp-content\/uploads\/sites\/32\/2023\/09\/heloise-semasa-1-1280x960.jpeg\" alt=\"\" class=\"wp-image-327085\" \/><figcaption class=\"wp-element-caption\">Heloise Fernandes, da Semasa, j\u00e1 avisou que entrar\u00e1 em contato com a DAE para saber sobre a confiabilidade e seguran\u00e7a da informa\u00e7\u00e3o<\/figcaption><\/figure>\n\n\n\n<p><\/p>\n\n\n\n<p>Fonte \/ Imagem: Prefeitura de Jundia\u00ed <\/p>\n","protected":false},"excerpt":{"rendered":"<p>O evento segue at\u00e9 a pr\u00f3xima sexta-feira (22) <\/p>\n","protected":false},"author":24,"featured_media":114886,"comment_status":"closed","ping_status":"0","sticky":false,"template":"","format":"standard","meta":{"footnotes":""},"categories":[8406],"tags":[],"class_list":["post-114885","post","type-post","status-publish","format-standard","has-post-thumbnail","hentry","category-dae-dae"],"_links":{"self":[{"href":"https:\/\/tvtecjundiai.com.br\/news\/wp-json\/wp\/v2\/posts\/114885","targetHints":{"allow":["GET"]}}],"collection":[{"href":"https:\/\/tvtecjundiai.com.br\/news\/wp-json\/wp\/v2\/posts"}],"about":[{"href":"https:\/\/tvtecjundiai.com.br\/news\/wp-json\/wp\/v2\/types\/post"}],"author":[{"embeddable":true,"href":"https:\/\/tvtecjundiai.com.br\/news\/wp-json\/wp\/v2\/users\/24"}],"replies":[{"embeddable":true,"href":"https:\/\/tvtecjundiai.com.br\/news\/wp-json\/wp\/v2\/comments?post=114885"}],"version-history":[{"count":1,"href":"https:\/\/tvtecjundiai.com.br\/news\/wp-json\/wp\/v2\/posts\/114885\/revisions"}],"predecessor-version":[{"id":114887,"href":"https:\/\/tvtecjundiai.com.br\/news\/wp-json\/wp\/v2\/posts\/114885\/revisions\/114887"}],"wp:featuredmedia":[{"embeddable":true,"href":"https:\/\/tvtecjundiai.com.br\/news\/wp-json\/wp\/v2\/media\/114886"}],"wp:attachment":[{"href":"https:\/\/tvtecjundiai.com.br\/news\/wp-json\/wp\/v2\/media?parent=114885"}],"wp:term":[{"taxonomy":"category","embeddable":true,"href":"https:\/\/tvtecjundiai.com.br\/news\/wp-json\/wp\/v2\/categories?post=114885"},{"taxonomy":"post_tag","embeddable":true,"href":"https:\/\/tvtecjundiai.com.br\/news\/wp-json\/wp\/v2\/tags?post=114885"}],"curies":[{"name":"wp","href":"https:\/\/api.w.org\/{rel}","templated":true}]}}