{"id":114907,"date":"2023-09-20T17:28:49","date_gmt":"2023-09-20T20:28:49","guid":{"rendered":"https:\/\/tvtecjundiai.com.br\/news\/?p=114907"},"modified":"2023-09-20T17:29:39","modified_gmt":"2023-09-20T20:29:39","slug":"114907","status":"publish","type":"post","link":"https:\/\/tvtecjundiai.com.br\/news\/2023\/09\/20\/114907\/","title":{"rendered":"Candidatos habilitados ao Conselho Tutelar s\u00e3o apresentados em Jundia\u00ed"},"content":{"rendered":"\n<p>A Comiss\u00e3o Especial Eleitoral do Conselho Municipal dos Direitos da Crian\u00e7a e do Adolescente (CMDCA) apresentou a lista dos 27 candidatos habilitados \u00e0s vagas para compor o Conselho Tutelar. A elei\u00e7\u00e3o est\u00e1 marcada para o dia 1\u00ba de outubro de 2023, das 08h \u00e0s 17h, e ser\u00e1 aberta a todos os moradores com inscri\u00e7\u00e3o eleitoral em Jundia\u00ed. Tomar\u00e3o posse 15 membros titulares e os suplentes para compor os tr\u00eas Conselhos Tutelares do munic\u00edpio. A nova gest\u00e3o far\u00e1 a composi\u00e7\u00e3o de 2024 a 2028.<\/p>\n\n\n\n<p>A elei\u00e7\u00e3o contar\u00e1 com tr\u00eas pontos de vota\u00e7\u00e3o: o SESI 409 (Ses\u00e3o), Av. Ant\u00f4nio Segre, para eleitores da 424\u00aa Zona Eleitoral; o Centro Municipal de Educa\u00e7\u00e3o de Jovens e Adultos (CMEJA), no Complexo Argos, para eleitores da 281\u00aa Zona Eleitoral; e na EMEB Geraldo Pinto Duarte Paes, no Eloy Chaves, para quem vota na Zona Eleitoral 65\u00aa. Os eleitores devem levar um documento pessoal com foto e o t\u00edtulo de eleitor. A apura\u00e7\u00e3o ser\u00e1 realizada no Complexo Argos.<\/p>\n\n\n\n<figure class=\"wp-block-image\"><img decoding=\"async\" src=\"https:\/\/jundiai.sp.gov.br\/noticias\/wp-content\/uploads\/sites\/32\/2023\/09\/reuniao_pre_eleicao_conselho_tutelar_pa-17-1280x854.jpg\" alt=\"\" class=\"wp-image-327125\" \/><figcaption class=\"wp-element-caption\">Candidatos participaram de encontro na \u00faltima semana para a defini\u00e7\u00e3o sobre o processo eleitoral<\/figcaption><\/figure>\n\n\n\n<p>Mais informa\u00e7\u00f5es sobre o processo eleitoral est\u00e3o no edital de convoca\u00e7\u00e3o do processo presente na Imprensa Oficial do Munic\u00edpio de Jundia\u00ed, Edi\u00e7\u00e3o Extra 5250, de 30 de mar\u00e7o de 2023, a partir da p\u00e1gina 41. O acesso pode ser realizado por meio&nbsp;<a rel=\"noreferrer noopener\" href=\"https:\/\/imprensaoficial.jundiai.sp.gov.br\/edicao-extra-5250\/\" target=\"_blank\">deste link<\/a>.<\/p>\n\n\n\n<p><strong>Candidatos Habilitados<br><\/strong>M\u00e1rio Martini \u2013 07<br>Adilson Santo de Azevedo \u2013 10<br>Alberto Francs Hanai \u2013 39<br>Amanda de Almeida \u2013 26<br>Ana Paula da Silva- 32<br>Ana Paula do Nascimento Correa \u2013 25<br>Andresa Nicolino \u2013 43<br>B\u00e1rbara Guimar\u00e3es Ikuhara \u2013 14<br>Cl\u00e1udia Dattilio Quiero \u2013 23<br>Claudia Tofoli Hon\u00f3rio \u2013 45<br>Cleunice Santos Guedes- 04<br>Dagmar Ribeiro Imidio Pavan \u2013 31<br>Daniella de Oliveira Damasceno \u2013 19<br>Elisangela Viel Ferro \u2013 21<br>Emily Cristina Bachiega Santana de Souza \u2013 13<br>Fabiana Ang\u00e9lica de Souza Menezes \u2013 18<br>Glaucia do Amaral Brunelli \u2013 09<br>Helena Silva Santos \u2013 03<br>Jacqueline Beltrami da Costa \u2013 01<br>Juliana Bortolasi Machado \u2013 06<br>Maria Julia Maranzato Alves Sim\u00e3o \u2013 11<br>Mayara Suelen Lopes \u2013 48<br>Neli Dolores Miam \u2013 02<br>Rosana Rossi \u2013 35<br>Roseli Alves de Pontes \u2013 29<br>Sabrina Agnes de Almeida Bernardino \u2013 40<br>Thiago Calheiro Costa \u2013 24<\/p>\n\n\n\n<p>Fonte \/ Imagem: Prefeitura de Jundia\u00ed<\/p>\n","protected":false},"excerpt":{"rendered":"<p>Candidatos participaram de encontro na \u00faltima semana para a defini\u00e7\u00e3o sobre o processo eleitoral<\/p>\n","protected":false},"author":24,"featured_media":114908,"comment_status":"closed","ping_status":"0","sticky":false,"template":"","format":"standard","meta":{"footnotes":""},"categories":[1],"tags":[],"class_list":["post-114907","post","type-post","status-publish","format-standard","has-post-thumbnail","hentry","category-noticias"],"_links":{"self":[{"href":"https:\/\/tvtecjundiai.com.br\/news\/wp-json\/wp\/v2\/posts\/114907","targetHints":{"allow":["GET"]}}],"collection":[{"href":"https:\/\/tvtecjundiai.com.br\/news\/wp-json\/wp\/v2\/posts"}],"about":[{"href":"https:\/\/tvtecjundiai.com.br\/news\/wp-json\/wp\/v2\/types\/post"}],"author":[{"embeddable":true,"href":"https:\/\/tvtecjundiai.com.br\/news\/wp-json\/wp\/v2\/users\/24"}],"replies":[{"embeddable":true,"href":"https:\/\/tvtecjundiai.com.br\/news\/wp-json\/wp\/v2\/comments?post=114907"}],"version-history":[{"count":2,"href":"https:\/\/tvtecjundiai.com.br\/news\/wp-json\/wp\/v2\/posts\/114907\/revisions"}],"predecessor-version":[{"id":114910,"href":"https:\/\/tvtecjundiai.com.br\/news\/wp-json\/wp\/v2\/posts\/114907\/revisions\/114910"}],"wp:featuredmedia":[{"embeddable":true,"href":"https:\/\/tvtecjundiai.com.br\/news\/wp-json\/wp\/v2\/media\/114908"}],"wp:attachment":[{"href":"https:\/\/tvtecjundiai.com.br\/news\/wp-json\/wp\/v2\/media?parent=114907"}],"wp:term":[{"taxonomy":"category","embeddable":true,"href":"https:\/\/tvtecjundiai.com.br\/news\/wp-json\/wp\/v2\/categories?post=114907"},{"taxonomy":"post_tag","embeddable":true,"href":"https:\/\/tvtecjundiai.com.br\/news\/wp-json\/wp\/v2\/tags?post=114907"}],"curies":[{"name":"wp","href":"https:\/\/api.w.org\/{rel}","templated":true}]}}