{"id":114968,"date":"2023-09-22T09:56:13","date_gmt":"2023-09-22T12:56:13","guid":{"rendered":"https:\/\/tvtecjundiai.com.br\/news\/?p=114968"},"modified":"2023-09-22T09:56:13","modified_gmt":"2023-09-22T12:56:13","slug":"forum-da-saude-termina-com-premiacao-dos-melhores-trabalhos-dos-profissionais","status":"publish","type":"post","link":"https:\/\/tvtecjundiai.com.br\/news\/2023\/09\/22\/forum-da-saude-termina-com-premiacao-dos-melhores-trabalhos-dos-profissionais\/","title":{"rendered":"F\u00f3rum da Sa\u00fade termina com premia\u00e7\u00e3o dos melhores trabalhos dos profissionais"},"content":{"rendered":"\n<p>Na noite desta quarta-feira (20), foi encerrado o II F\u00f3rum da Sa\u00fade \u201cSOMOS SUS\u201d, evento promovido pela Unidade de Gest\u00e3o de Promo\u00e7\u00e3o de Sa\u00fade (UGPS), no Parque da Uva, com o objetivo de promover a valoriza\u00e7\u00e3o e integra\u00e7\u00e3o dos servidores, assim como compartilhar e premiar experi\u00eancias exitosas na \u00e1rea.<\/p>\n\n\n\n<p>\u201cO SUS, em 2023, est\u00e1 completando 35 anos. \u00c9 uma alegria muito grande trabalhar e ampliar os investimentos em Sa\u00fade ano ap\u00f3s ano. Esperamos que, nesse f\u00f3rum, possamos ter trazido mais conforto, leveza e capacita\u00e7\u00e3o para os trabalhadores que se dedicam muito no cuidado di\u00e1rio \u00e0 popula\u00e7\u00e3o\u201d, disse o gestor de Sa\u00fade, Tiago Texera.<\/p>\n\n\n<div class=\"wp-block-image\">\n<figure class=\"aligncenter size-large\"><img loading=\"lazy\" decoding=\"async\" width=\"1200\" height=\"801\" src=\"https:\/\/tvtecjundiai.com.br\/news\/wp-content\/uploads\/sites\/2\/2023\/09\/premiacao_2_forum_da_saude_somos_todos_sus_pa-49-1200x801.jpg\" alt=\"\" class=\"wp-image-114969\" srcset=\"https:\/\/tvtecjundiai.com.br\/news\/wp-content\/uploads\/sites\/2\/2023\/09\/premiacao_2_forum_da_saude_somos_todos_sus_pa-49-1200x801.jpg 1200w, https:\/\/tvtecjundiai.com.br\/news\/wp-content\/uploads\/sites\/2\/2023\/09\/premiacao_2_forum_da_saude_somos_todos_sus_pa-49-300x200.jpg 300w, https:\/\/tvtecjundiai.com.br\/news\/wp-content\/uploads\/sites\/2\/2023\/09\/premiacao_2_forum_da_saude_somos_todos_sus_pa-49-768x512.jpg 768w, https:\/\/tvtecjundiai.com.br\/news\/wp-content\/uploads\/sites\/2\/2023\/09\/premiacao_2_forum_da_saude_somos_todos_sus_pa-49.jpg 1280w\" sizes=\"auto, (max-width: 1200px) 100vw, 1200px\" \/><figcaption class=\"wp-element-caption\">Premia\u00e7\u00e3o do F\u00f3rum da Sa\u00fade lotou Parque da Uva<\/figcaption><\/figure>\n<\/div>\n\n\n<p>No encerramento, tamb\u00e9m foram premiados projetos apresentados pelos trabalhadores da rede. Pelo j\u00fari t\u00e9cnico, o projeto vencedor foi o trabalho \u201cElabora\u00e7\u00e3o e implanta\u00e7\u00e3o do receitu\u00e1rio do brincar nos servi\u00e7os da rede de sa\u00fade de Jundia\u00ed\u201d, de Gabriela Tripicchoo Gon\u00e7alves e Gerusa Moura de Oliveira Cardoso. J\u00e1 pelo j\u00fari popular, o trabalho \u201cGrupo Viva Melhor: um relato de experi\u00eancias exitosas na UBS Esplanada sobre acompanhamento de pacientes que usam psicotr\u00f3picos\u201d, de Viviane Roque, Fabiana Montoro Novo e Fernanda Fumagalli Bifani foi o vencedor. E na mostra fotogr\u00e1fica de experi\u00eancias inovadoras, a vencedora foi Thais Dainez Souza, com \u201cSexta no Centro: a Luta Antimanicomial ocupando a cidade\u201d.<\/p>\n\n\n\n<p>O f\u00f3rum contou com dois dias de atividades, com imers\u00e3o dos profissionais em momentos de cuidado e incentivo ao est\u00edmulo da ado\u00e7\u00e3o de pr\u00e1ticas que levem a melhoria da qualidade de vida. Entre elas, destaque para a dan\u00e7a circular, alongamento, limpeza de pele, avalia\u00e7\u00e3o capilar, ioga, aromaterapia, e quick massage.<\/p>\n\n\n<div class=\"wp-block-image\">\n<figure class=\"aligncenter size-large\"><img loading=\"lazy\" decoding=\"async\" width=\"1200\" height=\"801\" src=\"https:\/\/tvtecjundiai.com.br\/news\/wp-content\/uploads\/sites\/2\/2023\/09\/premiacao_2_forum_da_saude_somos_todos_sus_pa-35-1200x801.jpg\" alt=\"\" class=\"wp-image-114974\" srcset=\"https:\/\/tvtecjundiai.com.br\/news\/wp-content\/uploads\/sites\/2\/2023\/09\/premiacao_2_forum_da_saude_somos_todos_sus_pa-35-1200x801.jpg 1200w, https:\/\/tvtecjundiai.com.br\/news\/wp-content\/uploads\/sites\/2\/2023\/09\/premiacao_2_forum_da_saude_somos_todos_sus_pa-35-300x200.jpg 300w, https:\/\/tvtecjundiai.com.br\/news\/wp-content\/uploads\/sites\/2\/2023\/09\/premiacao_2_forum_da_saude_somos_todos_sus_pa-35-768x512.jpg 768w, https:\/\/tvtecjundiai.com.br\/news\/wp-content\/uploads\/sites\/2\/2023\/09\/premiacao_2_forum_da_saude_somos_todos_sus_pa-35.jpg 1280w\" sizes=\"auto, (max-width: 1200px) 100vw, 1200px\" \/><figcaption class=\"wp-element-caption\">Gestores e vereadores do munic\u00edpio enalteceram a import\u00e2ncia dos profissionais da sa\u00fade<\/figcaption><\/figure>\n<\/div>\n\n\n<p>\u201cAno que vem passaremos de R$ 1 bilh\u00e3o em investimentos anuais na sa\u00fade p\u00fablica de Jundia\u00ed. E o f\u00f3rum foi muito importante para integrar cada vez mais o time da sa\u00fade, que proporciona um atendimento que \u00e9 refer\u00eancia para o Brasil inteiro\u201d, afirmou o gestor de Governo e Finan\u00e7as, Jos\u00e9 Ant\u00f4nio Parimoschi, que representou o prefeito Luiz Fernando Machado.No encerramento do f\u00f3rum, tamb\u00e9m estiveram presentes o presidente da C\u00e2mara Municipal, Ant\u00f4nio Carlos Albino, e os vereadores C\u00edcero da Sa\u00fade, Edicarlos Vieira, Dika Xique Xique e Daniel Lemos.<\/p>\n\n\n\n<p><strong><em>Fonte \/ Imagem: Prefeitura de Jundia\u00ed<\/em><\/strong><\/p>\n","protected":false},"excerpt":{"rendered":"<p>Na noite desta quarta-feira (20), foi encerrado o II F\u00f3rum da Sa\u00fade \u201cSOMOS SUS\u201d, evento promovido pela Unidade de Gest\u00e3o de Promo\u00e7\u00e3o de Sa\u00fade (UGPS), no Parque da Uva<\/p>\n","protected":false},"author":34,"featured_media":114969,"comment_status":"closed","ping_status":"0","sticky":false,"template":"","format":"standard","meta":{"footnotes":""},"categories":[1],"tags":[],"class_list":["post-114968","post","type-post","status-publish","format-standard","has-post-thumbnail","hentry","category-noticias"],"_links":{"self":[{"href":"https:\/\/tvtecjundiai.com.br\/news\/wp-json\/wp\/v2\/posts\/114968","targetHints":{"allow":["GET"]}}],"collection":[{"href":"https:\/\/tvtecjundiai.com.br\/news\/wp-json\/wp\/v2\/posts"}],"about":[{"href":"https:\/\/tvtecjundiai.com.br\/news\/wp-json\/wp\/v2\/types\/post"}],"author":[{"embeddable":true,"href":"https:\/\/tvtecjundiai.com.br\/news\/wp-json\/wp\/v2\/users\/34"}],"replies":[{"embeddable":true,"href":"https:\/\/tvtecjundiai.com.br\/news\/wp-json\/wp\/v2\/comments?post=114968"}],"version-history":[{"count":1,"href":"https:\/\/tvtecjundiai.com.br\/news\/wp-json\/wp\/v2\/posts\/114968\/revisions"}],"predecessor-version":[{"id":114975,"href":"https:\/\/tvtecjundiai.com.br\/news\/wp-json\/wp\/v2\/posts\/114968\/revisions\/114975"}],"wp:featuredmedia":[{"embeddable":true,"href":"https:\/\/tvtecjundiai.com.br\/news\/wp-json\/wp\/v2\/media\/114969"}],"wp:attachment":[{"href":"https:\/\/tvtecjundiai.com.br\/news\/wp-json\/wp\/v2\/media?parent=114968"}],"wp:term":[{"taxonomy":"category","embeddable":true,"href":"https:\/\/tvtecjundiai.com.br\/news\/wp-json\/wp\/v2\/categories?post=114968"},{"taxonomy":"post_tag","embeddable":true,"href":"https:\/\/tvtecjundiai.com.br\/news\/wp-json\/wp\/v2\/tags?post=114968"}],"curies":[{"name":"wp","href":"https:\/\/api.w.org\/{rel}","templated":true}]}}