{"id":114971,"date":"2023-09-22T09:43:52","date_gmt":"2023-09-22T12:43:52","guid":{"rendered":"https:\/\/tvtecjundiai.com.br\/news\/?p=114971"},"modified":"2023-09-22T09:43:52","modified_gmt":"2023-09-22T12:43:52","slug":"morre-walewska-oliveira-ex-jogadora-de-volei-e-campea-olimpica","status":"publish","type":"post","link":"https:\/\/tvtecjundiai.com.br\/news\/2023\/09\/22\/morre-walewska-oliveira-ex-jogadora-de-volei-e-campea-olimpica\/","title":{"rendered":"Morre Walewska Oliveira, ex-jogadora de v\u00f4lei e campe\u00e3 ol\u00edmpica"},"content":{"rendered":"\n<p>A ex-jogadora de v\u00f4lei e campe\u00e3 ol\u00edmpica&nbsp;<strong>Walewska Oliveira<\/strong>&nbsp;morreu nesta quinta-feira (21), em&nbsp;<a class=\"\" href=\"https:\/\/g1.globo.com\/sp\/sao-paulo\/cidade\/sao-paulo\/\">S\u00e3o Paulo<\/a>, ap\u00f3s cair do 17\u00b0 andar do pr\u00e9dio onde morava.<\/p>\n\n\n\n<p>Walewska tinha 43 anos e foi campe\u00e3 pela sele\u00e7\u00e3o brasileira feminina nas Ol\u00edmpiadas de Pequim, em 2008. A atleta se aposentou em 2022, encerrando a carreira no Praia Clube.<\/p>\n\n\n\n<p>Al\u00e9m do ouro nas Ol\u00edmpiadas de Pequim, Walewska ganhou a medalha de bronze nos jogos de Sidney, em 2000, e fez parte da sele\u00e7\u00e3o enviada para Atenas, em 2004.<\/p>\n\n\n\n<p>J\u00e1 no Praia Clube, Walewska brilhou com o time que conquistou a Superliga na temporada de 2017\/2018.<\/p>\n\n\n\n<p>Recentemente, a atleta tinha lan\u00e7ado a biografia &#8220;Outras Redes&#8221;, al\u00e9m do document\u00e1rio &#8220;O \u00daltimo Ato&#8221;.<\/p>\n\n\n\n<p>A pol\u00edcia investiga as circunst\u00e2ncias da morte e apura suspeita de suic\u00eddio.<\/p>\n\n\n<div class=\"wp-block-image\">\n<figure class=\"aligncenter size-full\"><img loading=\"lazy\" decoding=\"async\" width=\"984\" height=\"554\" src=\"https:\/\/tvtecjundiai.com.br\/news\/wp-content\/uploads\/sites\/2\/2023\/09\/image-88.png\" alt=\"\" class=\"wp-image-114972\" srcset=\"https:\/\/tvtecjundiai.com.br\/news\/wp-content\/uploads\/sites\/2\/2023\/09\/image-88.png 984w, https:\/\/tvtecjundiai.com.br\/news\/wp-content\/uploads\/sites\/2\/2023\/09\/image-88-300x169.png 300w, https:\/\/tvtecjundiai.com.br\/news\/wp-content\/uploads\/sites\/2\/2023\/09\/image-88-768x432.png 768w\" sizes=\"auto, (max-width: 984px) 100vw, 984px\" \/><figcaption class=\"wp-element-caption\">\u00a0Foto: TV Globo<\/figcaption><\/figure>\n<\/div>\n\n\n<p><strong><em>Fonte: G1 \/ Imagem: TV Globo<\/em><\/strong><\/p>\n","protected":false},"excerpt":{"rendered":"<p>Walewska tinha 43 anos e foi campe\u00e3 pela sele\u00e7\u00e3o brasileira feminina nas Ol\u00edmpiadas de Pequim, em 2008. <\/p>\n","protected":false},"author":34,"featured_media":114972,"comment_status":"closed","ping_status":"0","sticky":false,"template":"","format":"standard","meta":{"footnotes":""},"categories":[1],"tags":[],"class_list":["post-114971","post","type-post","status-publish","format-standard","has-post-thumbnail","hentry","category-noticias"],"_links":{"self":[{"href":"https:\/\/tvtecjundiai.com.br\/news\/wp-json\/wp\/v2\/posts\/114971","targetHints":{"allow":["GET"]}}],"collection":[{"href":"https:\/\/tvtecjundiai.com.br\/news\/wp-json\/wp\/v2\/posts"}],"about":[{"href":"https:\/\/tvtecjundiai.com.br\/news\/wp-json\/wp\/v2\/types\/post"}],"author":[{"embeddable":true,"href":"https:\/\/tvtecjundiai.com.br\/news\/wp-json\/wp\/v2\/users\/34"}],"replies":[{"embeddable":true,"href":"https:\/\/tvtecjundiai.com.br\/news\/wp-json\/wp\/v2\/comments?post=114971"}],"version-history":[{"count":1,"href":"https:\/\/tvtecjundiai.com.br\/news\/wp-json\/wp\/v2\/posts\/114971\/revisions"}],"predecessor-version":[{"id":114973,"href":"https:\/\/tvtecjundiai.com.br\/news\/wp-json\/wp\/v2\/posts\/114971\/revisions\/114973"}],"wp:featuredmedia":[{"embeddable":true,"href":"https:\/\/tvtecjundiai.com.br\/news\/wp-json\/wp\/v2\/media\/114972"}],"wp:attachment":[{"href":"https:\/\/tvtecjundiai.com.br\/news\/wp-json\/wp\/v2\/media?parent=114971"}],"wp:term":[{"taxonomy":"category","embeddable":true,"href":"https:\/\/tvtecjundiai.com.br\/news\/wp-json\/wp\/v2\/categories?post=114971"},{"taxonomy":"post_tag","embeddable":true,"href":"https:\/\/tvtecjundiai.com.br\/news\/wp-json\/wp\/v2\/tags?post=114971"}],"curies":[{"name":"wp","href":"https:\/\/api.w.org\/{rel}","templated":true}]}}