{"id":114988,"date":"2023-09-22T13:03:02","date_gmt":"2023-09-22T16:03:02","guid":{"rendered":"https:\/\/tvtecjundiai.com.br\/news\/?p=114988"},"modified":"2023-09-22T13:03:03","modified_gmt":"2023-09-22T16:03:03","slug":"saude-realiza-campanha-para-a-deteccao-de-tuberculose-em-jundiai","status":"publish","type":"post","link":"https:\/\/tvtecjundiai.com.br\/news\/2023\/09\/22\/saude-realiza-campanha-para-a-deteccao-de-tuberculose-em-jundiai\/","title":{"rendered":"Sa\u00fade realiza campanha para a detec\u00e7\u00e3o de tuberculose em Jundia\u00ed"},"content":{"rendered":"\n<p>A Unidade de Gest\u00e3o de Promo\u00e7\u00e3o da Sa\u00fade (UGPS), por meio da Vigil\u00e2ncia Epidemiol\u00f3gica (VE), realiza at\u00e9 o dia 30 deste m\u00eas a Campanha de Intensifica\u00e7\u00e3o de Busca Ativa de casos de Tuberculose \u2013 fase 2. A iniciativa, desencadeada pela Secretaria de Estado da Sa\u00fade, tem como p\u00fablico-alvo pessoas que apresentem sintomas suspeitos para a doen\u00e7a. Os exames s\u00e3o realizados nas Unidades B\u00e1sicas de Sa\u00fade (UBSs), Novas UBSs e Cl\u00ednicas da Fam\u00edlia.<br><br>\u201cO exame de escarro \u00e9 simples e fica pronto em tr\u00eas dias. Essa a\u00e7\u00e3o tem como objetivo identificar precocemente os casos de tuberculose no Munic\u00edpio, para evitar a transmiss\u00e3o e para o alcance do controle da doen\u00e7a, al\u00e9m de orientar sobre a enfermidade\u201d, alerta a enfermeira da VE e respons\u00e1vel pelo Programa de Tuberculose em Jundia\u00ed, Mary Jacqueline Macias Zamboti.<\/p>\n\n\n\n<p>A tuberculose atinge principalmente os pulm\u00f5es \u2013 forma pulmonar. Outros \u00f3rg\u00e3os tamb\u00e9m podem ser afetados como: rins, ossos, olhos, entre outros, sendo denominada como tuberculose extrapulmonar.<\/p>\n\n\n<div class=\"wp-block-image\">\n<figure class=\"aligncenter size-large\"><img loading=\"lazy\" decoding=\"async\" width=\"1200\" height=\"800\" src=\"https:\/\/tvtecjundiai.com.br\/news\/wp-content\/uploads\/sites\/2\/2023\/09\/tosse-2-1-1200x800.jpg\" alt=\"\" class=\"wp-image-114989\" srcset=\"https:\/\/tvtecjundiai.com.br\/news\/wp-content\/uploads\/sites\/2\/2023\/09\/tosse-2-1-1200x800.jpg 1200w, https:\/\/tvtecjundiai.com.br\/news\/wp-content\/uploads\/sites\/2\/2023\/09\/tosse-2-1-300x200.jpg 300w, https:\/\/tvtecjundiai.com.br\/news\/wp-content\/uploads\/sites\/2\/2023\/09\/tosse-2-1-768x512.jpg 768w, https:\/\/tvtecjundiai.com.br\/news\/wp-content\/uploads\/sites\/2\/2023\/09\/tosse-2-1.jpg 1280w\" sizes=\"auto, (max-width: 1200px) 100vw, 1200px\" \/><figcaption class=\"wp-element-caption\">A tosse por mais de tr\u00eas semanas \u00e9 um dos sintomas sugestivos da doen\u00e7a<\/figcaption><\/figure>\n<\/div>\n\n\n<p>A bact\u00e9ria causadora \u2013 Mycobacterium tuberculosis \u2013 \u00e9 transmitida por via a\u00e9rea, a partir de uma pessoa com tuberculose pulmonar ou lar\u00edngea, que elimina bacilos no ambiente por meio dos aeross\u00f3is produzidos pela tosse, fala e\/ou espirro. Indiv\u00edduos que apresentam baciloscopia positiva no escarro (bacil\u00edferos) s\u00e3o os que sustentam a cadeia de transmiss\u00e3o. Estima-se que um bacil\u00edfero possa infectar, em m\u00e9dia, de 10 a 15 pessoas no per\u00edodo de um ano.<\/p>\n\n\n\n<p>Entre os sintomas sugestivos da doen\u00e7a est\u00e3o: tosse por mais de tr\u00eas semanas, podendo haver sangue; dor no peito ao respirar ou tossir; febre baixa geralmente \u00e0 tarde; suor noturno; cansa\u00e7o; falta de apetite; sensa\u00e7\u00e3o de falta de ar; e perda de peso sem causa aparente.<br><br>No Brasil, 78 mil pessoas tiveram a doen\u00e7a em 2022. Em Jundia\u00ed, foram 162 casos, com quatro \u00f3bitos. Desses, 133 foram tuberculose pulmonar. Neste ano, at\u00e9 o momento, a cidade registra 117 casos de tuberculose, sendo 98 pulmonares. O ano j\u00e1 contabiliza quatro \u00f3bitos.<br><br>A primeira fase da campanha ocorreu em mar\u00e7o, com 968 exames coletados para detec\u00e7\u00e3o da tuberculose pulmonar. No total, 19 positivaram. Todo o tratamento para a doen\u00e7a \u00e9 ofertado pelo SUS, a partir da rede municipal de sa\u00fade.<br><br><strong>Vacina<\/strong><br>A UGPS oferta em todos os equipamentos da Aten\u00e7\u00e3o B\u00e1sica a vacina BCG, que protege contra a tuberculose provocada pela bact\u00e9ria Mycobacterium tuberculosis. A dose, que integra o Calend\u00e1rio Nacional de Vacina\u00e7\u00e3o, \u00e9 indicada para crian\u00e7as a partir do ascimento at\u00e9 os quatro anos.<br><br>O imunizante permite a preven\u00e7\u00e3o de formas graves da doen\u00e7a, como a meningite tuberculosa e a tuberculose miliar (forma disseminada).<\/p>\n\n\n\n<p><strong><em>Fonte \/ Imagem: Prefeitura de Jundia\u00ed<\/em><\/strong><\/p>\n","protected":false},"excerpt":{"rendered":"<p>Os exames s\u00e3o realizados nas Unidades B\u00e1sicas de Sa\u00fade (UBSs), Novas UBSs e Cl\u00ednicas da Fam\u00edlia.<\/p>\n","protected":false},"author":34,"featured_media":114989,"comment_status":"closed","ping_status":"0","sticky":false,"template":"","format":"standard","meta":{"footnotes":""},"categories":[1],"tags":[],"class_list":["post-114988","post","type-post","status-publish","format-standard","has-post-thumbnail","hentry","category-noticias"],"_links":{"self":[{"href":"https:\/\/tvtecjundiai.com.br\/news\/wp-json\/wp\/v2\/posts\/114988","targetHints":{"allow":["GET"]}}],"collection":[{"href":"https:\/\/tvtecjundiai.com.br\/news\/wp-json\/wp\/v2\/posts"}],"about":[{"href":"https:\/\/tvtecjundiai.com.br\/news\/wp-json\/wp\/v2\/types\/post"}],"author":[{"embeddable":true,"href":"https:\/\/tvtecjundiai.com.br\/news\/wp-json\/wp\/v2\/users\/34"}],"replies":[{"embeddable":true,"href":"https:\/\/tvtecjundiai.com.br\/news\/wp-json\/wp\/v2\/comments?post=114988"}],"version-history":[{"count":1,"href":"https:\/\/tvtecjundiai.com.br\/news\/wp-json\/wp\/v2\/posts\/114988\/revisions"}],"predecessor-version":[{"id":114990,"href":"https:\/\/tvtecjundiai.com.br\/news\/wp-json\/wp\/v2\/posts\/114988\/revisions\/114990"}],"wp:featuredmedia":[{"embeddable":true,"href":"https:\/\/tvtecjundiai.com.br\/news\/wp-json\/wp\/v2\/media\/114989"}],"wp:attachment":[{"href":"https:\/\/tvtecjundiai.com.br\/news\/wp-json\/wp\/v2\/media?parent=114988"}],"wp:term":[{"taxonomy":"category","embeddable":true,"href":"https:\/\/tvtecjundiai.com.br\/news\/wp-json\/wp\/v2\/categories?post=114988"},{"taxonomy":"post_tag","embeddable":true,"href":"https:\/\/tvtecjundiai.com.br\/news\/wp-json\/wp\/v2\/tags?post=114988"}],"curies":[{"name":"wp","href":"https:\/\/api.w.org\/{rel}","templated":true}]}}