{"id":115031,"date":"2023-09-23T19:23:52","date_gmt":"2023-09-23T22:23:52","guid":{"rendered":"https:\/\/tvtecjundiai.com.br\/news\/?p=115031"},"modified":"2023-09-23T19:23:53","modified_gmt":"2023-09-23T22:23:53","slug":"caminhada-pela-vida-sera-dia-8-de-outubro-sem-necessidade-de-inscricao","status":"publish","type":"post","link":"https:\/\/tvtecjundiai.com.br\/news\/2023\/09\/23\/caminhada-pela-vida-sera-dia-8-de-outubro-sem-necessidade-de-inscricao\/","title":{"rendered":"Caminhada pela Vida ser\u00e1 dia 8 de outubro, sem necessidade de inscri\u00e7\u00e3o"},"content":{"rendered":"\n<p>Com foco na conscientiza\u00e7\u00e3o sobre a import\u00e2ncia de cuidar da sa\u00fade com h\u00e1bitos simples para a preven\u00e7\u00e3o do c\u00e2ncer, em especial, o c\u00e2ncer de mama, a segunda edi\u00e7\u00e3o da Caminhada pela Vida, realizada pela Prefeitura de Jundia\u00ed, no Parque da Cidade, no dia 8 de outubro, n\u00e3o necessita de inscri\u00e7\u00e3o pr\u00e9via. Basta comparecer \u00e0 Pra\u00e7a P\u00f4r do Sol, a partir das 8h, para participar do evento.<\/p>\n\n\n\n<p>Com a articula\u00e7\u00e3o da Rede Jundia\u00ed de Coopera\u00e7\u00e3o, ligada \u00e0 Unidade de Gest\u00e3o de Governo e Finan\u00e7as (UGGF) e das demais Unidades de Gest\u00e3o (UGs), o evento deve reunir mais de 2 mil pessoas.<\/p>\n\n\n\n<p>A participa\u00e7\u00e3o \u00e9 aberta ao p\u00fablico, sem necessidade de agendamento ou inscri\u00e7\u00e3o. O percurso da caminhada \u00e9 acess\u00edvel para todas as idades e pessoas que estejam em tratamento m\u00e9dico e tem libera\u00e7\u00e3o para realizar atividade f\u00edsica de baixa intensidade. Ao final, um show encerrar\u00e1 a a\u00e7\u00e3o, que ainda ter\u00e1 atividades de orienta\u00e7\u00e3o dos parceiros do evento.<\/p>\n\n\n<div class=\"wp-block-image\">\n<figure class=\"aligncenter size-large\"><img loading=\"lazy\" decoding=\"async\" width=\"1200\" height=\"801\" src=\"https:\/\/tvtecjundiai.com.br\/news\/wp-content\/uploads\/sites\/2\/2023\/09\/caminhada_pela_vida_outubro_rosa_parque_da_cidade_pa-380-1-1280x854-2-1200x801.jpg\" alt=\"\" class=\"wp-image-115032\" srcset=\"https:\/\/tvtecjundiai.com.br\/news\/wp-content\/uploads\/sites\/2\/2023\/09\/caminhada_pela_vida_outubro_rosa_parque_da_cidade_pa-380-1-1280x854-2-1200x801.jpg 1200w, https:\/\/tvtecjundiai.com.br\/news\/wp-content\/uploads\/sites\/2\/2023\/09\/caminhada_pela_vida_outubro_rosa_parque_da_cidade_pa-380-1-1280x854-2-300x200.jpg 300w, https:\/\/tvtecjundiai.com.br\/news\/wp-content\/uploads\/sites\/2\/2023\/09\/caminhada_pela_vida_outubro_rosa_parque_da_cidade_pa-380-1-1280x854-2-768x512.jpg 768w, https:\/\/tvtecjundiai.com.br\/news\/wp-content\/uploads\/sites\/2\/2023\/09\/caminhada_pela_vida_outubro_rosa_parque_da_cidade_pa-380-1-1280x854-2.jpg 1280w\" sizes=\"auto, (max-width: 1200px) 100vw, 1200px\" \/><figcaption class=\"wp-element-caption\">Caminhada pela Vida \u00e9 aberta para a participa\u00e7\u00e3o da popula\u00e7\u00e3o, sem necessidade de inscri\u00e7\u00e3o<\/figcaption><\/figure>\n<\/div>\n\n\n<p>Os alunos dos Complexos Educacionais, Culturais e Esportivos (CECEs) foram convidados a participar e contar\u00e3o com transporte espec\u00edfico, organizado previamente.<\/p>\n\n\n\n<p>Participam da iniciativa como patrocinadores as empresas Besins, Grau T\u00e9cnico, Unimed Jundia\u00ed, Me.linda, Grupo Montekali e \u00d3tica Sant\u00eas, nossos apoiadores s\u00e3o Sesc Jundia\u00ed, Coca-Coca Femsa, Natural One, LuxSign, Qualatex e Teo Bal\u00f5es. A empresa Davelo, especialista em corridas e caminhadas, est\u00e1 ajudando de forma colaborativa na organiza\u00e7\u00e3o de todo o evento.<\/p>\n\n\n\n<p>A organiza\u00e7\u00e3o conta com a parceria do Hospital S\u00e3o Vicente e a participa\u00e7\u00e3o do Hospital Universit\u00e1rio\/Faculdade de Medicina de Jundia\u00ed, al\u00e9m de diversas Unidades de Gest\u00e3o da Prefeitura, como Promo\u00e7\u00e3o da Sa\u00fade, Esporte e Lazer, Cultura, Infraestrutura e Servi\u00e7os P\u00fablicos, Mobilidade e Transporte, Educa\u00e7\u00e3o, Inova\u00e7\u00e3o e Rela\u00e7\u00e3o com o Cidad\u00e3o, Funda\u00e7\u00e3o TVTEC, Fundo Social e DAE\/Parque da Cidade.<\/p>\n\n\n\n<p><strong><em>Fonte \/ Imagem: Prefeitura de Jundia\u00ed<\/em><\/strong><\/p>\n","protected":false},"excerpt":{"rendered":"<p>Para participar basta comparecer \u00e0 Pra\u00e7a P\u00f4r do Sol, a partir das 8h, para participar do evento.<\/p>\n","protected":false},"author":24,"featured_media":115032,"comment_status":"closed","ping_status":"0","sticky":false,"template":"","format":"standard","meta":{"footnotes":""},"categories":[1],"tags":[],"class_list":["post-115031","post","type-post","status-publish","format-standard","has-post-thumbnail","hentry","category-noticias"],"_links":{"self":[{"href":"https:\/\/tvtecjundiai.com.br\/news\/wp-json\/wp\/v2\/posts\/115031","targetHints":{"allow":["GET"]}}],"collection":[{"href":"https:\/\/tvtecjundiai.com.br\/news\/wp-json\/wp\/v2\/posts"}],"about":[{"href":"https:\/\/tvtecjundiai.com.br\/news\/wp-json\/wp\/v2\/types\/post"}],"author":[{"embeddable":true,"href":"https:\/\/tvtecjundiai.com.br\/news\/wp-json\/wp\/v2\/users\/24"}],"replies":[{"embeddable":true,"href":"https:\/\/tvtecjundiai.com.br\/news\/wp-json\/wp\/v2\/comments?post=115031"}],"version-history":[{"count":1,"href":"https:\/\/tvtecjundiai.com.br\/news\/wp-json\/wp\/v2\/posts\/115031\/revisions"}],"predecessor-version":[{"id":115033,"href":"https:\/\/tvtecjundiai.com.br\/news\/wp-json\/wp\/v2\/posts\/115031\/revisions\/115033"}],"wp:featuredmedia":[{"embeddable":true,"href":"https:\/\/tvtecjundiai.com.br\/news\/wp-json\/wp\/v2\/media\/115032"}],"wp:attachment":[{"href":"https:\/\/tvtecjundiai.com.br\/news\/wp-json\/wp\/v2\/media?parent=115031"}],"wp:term":[{"taxonomy":"category","embeddable":true,"href":"https:\/\/tvtecjundiai.com.br\/news\/wp-json\/wp\/v2\/categories?post=115031"},{"taxonomy":"post_tag","embeddable":true,"href":"https:\/\/tvtecjundiai.com.br\/news\/wp-json\/wp\/v2\/tags?post=115031"}],"curies":[{"name":"wp","href":"https:\/\/api.w.org\/{rel}","templated":true}]}}