{"id":115034,"date":"2023-09-23T19:44:22","date_gmt":"2023-09-23T22:44:22","guid":{"rendered":"https:\/\/tvtecjundiai.com.br\/news\/?p=115034"},"modified":"2023-09-23T19:44:22","modified_gmt":"2023-09-23T22:44:22","slug":"moradores-do-cecap-ganham-nova-praca-com-conceito-familia-pet","status":"publish","type":"post","link":"https:\/\/tvtecjundiai.com.br\/news\/2023\/09\/23\/moradores-do-cecap-ganham-nova-praca-com-conceito-familia-pet\/","title":{"rendered":"Moradores do Cecap ganham nova pra\u00e7a com conceito Fam\u00edlia &amp; Pet"},"content":{"rendered":"\n<p>Os moradores do bairro do Cecap foram contemplados com uma nova op\u00e7\u00e3o de lazer. Neste s\u00e1bado (23), o Prefeito Luiz Fernando Machado e gestores municipais entregaram aos mun\u00edcipes a nova Pra\u00e7a Fam\u00edlia Jundia\u00ed &amp; Espa\u00e7o Pet \u2013 um espa\u00e7o completamente novo e revitalizado que recebeu investimentos de aproximadamente R$ 550 mil, com recursos pr\u00f3prios.<\/p>\n\n\n\n<p>\u201cOs investimentos direcionados aos bairros valorizam as regi\u00f5es e desenvolvem a cidade sem deixar as pessoas para tr\u00e1s. A amplia\u00e7\u00e3o da oferta de lazer na cidade contribui com o aumento da qualidade de vida e proporcionam momentos importantes para as fam\u00edlias e para as crian\u00e7as, uma vez que Jundia\u00ed \u00e9 a Cidade das Crian\u00e7as\u201d, afirma Luiz Fernando.<\/p>\n\n\n<div class=\"wp-block-image\">\n<figure class=\"aligncenter size-large\"><img loading=\"lazy\" decoding=\"async\" width=\"1200\" height=\"801\" src=\"https:\/\/tvtecjundiai.com.br\/news\/wp-content\/uploads\/sites\/2\/2023\/09\/entrega_praca_familia_e_pet_cecap_pa-64-3-1200x801.jpg\" alt=\"\" class=\"wp-image-115035\" srcset=\"https:\/\/tvtecjundiai.com.br\/news\/wp-content\/uploads\/sites\/2\/2023\/09\/entrega_praca_familia_e_pet_cecap_pa-64-3-1200x801.jpg 1200w, https:\/\/tvtecjundiai.com.br\/news\/wp-content\/uploads\/sites\/2\/2023\/09\/entrega_praca_familia_e_pet_cecap_pa-64-3-300x200.jpg 300w, https:\/\/tvtecjundiai.com.br\/news\/wp-content\/uploads\/sites\/2\/2023\/09\/entrega_praca_familia_e_pet_cecap_pa-64-3-768x512.jpg 768w, https:\/\/tvtecjundiai.com.br\/news\/wp-content\/uploads\/sites\/2\/2023\/09\/entrega_praca_familia_e_pet_cecap_pa-64-3.jpg 1280w\" sizes=\"auto, (max-width: 1200px) 100vw, 1200px\" \/><figcaption class=\"wp-element-caption\">Prefeito Luiz Fernando Machado conversou com as crian\u00e7as em nova Pra\u00e7a Fam\u00edlia &amp; Pet<\/figcaption><\/figure>\n<\/div>\n\n\n<p>O novo espa\u00e7o tem \u00e1rea de 3 mil\u00b2 e conta com brinquedos para crian\u00e7as e para os pets, ilumina\u00e7\u00e3o em LED, academia ao ar livre, bebedouro e tr\u00eas quiosques. Ele recebeu o nome de Jos\u00e9 Diogo de Souza, uma figura ilustre do bairro, conhecida como \u201cSeu Diogo\u201d.<\/p>\n\n\n\n<p>\u201cRealizamos a entrega de mais um importante espa\u00e7o de lazer e conviv\u00eancia. A revitaliza\u00e7\u00e3o dos espa\u00e7os p\u00fablicos \u00e9 fundamental para fomentar a ocupa\u00e7\u00e3o das pessoas e promover bons momentos para as fam\u00edlias e crian\u00e7as, afinal, uma cidade boa para as crian\u00e7as \u00e9 boa para todos\u201d, ressalta o Gestor de Governo e Finan\u00e7as, Jos\u00e9 Antonio Parimoschi.<\/p>\n\n\n<div class=\"wp-block-image\">\n<figure class=\"aligncenter size-large\"><img loading=\"lazy\" decoding=\"async\" width=\"1200\" height=\"801\" src=\"https:\/\/tvtecjundiai.com.br\/news\/wp-content\/uploads\/sites\/2\/2023\/09\/entrega_praca_familia_e_pet_cecap_pa-65-2-1200x801.jpg\" alt=\"\" class=\"wp-image-115036\" srcset=\"https:\/\/tvtecjundiai.com.br\/news\/wp-content\/uploads\/sites\/2\/2023\/09\/entrega_praca_familia_e_pet_cecap_pa-65-2-1200x801.jpg 1200w, https:\/\/tvtecjundiai.com.br\/news\/wp-content\/uploads\/sites\/2\/2023\/09\/entrega_praca_familia_e_pet_cecap_pa-65-2-300x200.jpg 300w, https:\/\/tvtecjundiai.com.br\/news\/wp-content\/uploads\/sites\/2\/2023\/09\/entrega_praca_familia_e_pet_cecap_pa-65-2-768x512.jpg 768w, https:\/\/tvtecjundiai.com.br\/news\/wp-content\/uploads\/sites\/2\/2023\/09\/entrega_praca_familia_e_pet_cecap_pa-65-2.jpg 1280w\" sizes=\"auto, (max-width: 1200px) 100vw, 1200px\" \/><figcaption class=\"wp-element-caption\">Novo espa\u00e7o garante mais uma op\u00e7\u00e3o de lazer e valoriza\u00e7\u00e3o ao bairro<\/figcaption><\/figure>\n<\/div>\n\n\n<p>Para quem cresceu no bairro \u00e9 um orgulho muito grande ver a valoriza\u00e7\u00e3o que toda a regi\u00e3o vem recebendo. Esse \u00e9 o sentimento de Willian Steck, de 36 anos, que compareceu \u00e0 inaugura\u00e7\u00e3o da pra\u00e7a ao lado da esposa Dailana Coelho, a filha Jordana e o cachorro Temeno. \u201cGanhamos um lugar para confraterniza\u00e7\u00e3o, conviv\u00eancia e socializa\u00e7\u00e3o com outras pessoas, al\u00e9m de aumentar a seguran\u00e7a de todos os moradores, j\u00e1 que toda a \u00e1rea foi revitalizada. Isso com certeza aumenta a nossa autoestima\u201d, avalia.<\/p>\n\n\n<div class=\"wp-block-image\">\n<figure class=\"aligncenter size-large\"><img loading=\"lazy\" decoding=\"async\" width=\"1200\" height=\"801\" src=\"https:\/\/tvtecjundiai.com.br\/news\/wp-content\/uploads\/sites\/2\/2023\/09\/entrega_praca_familia_e_pet_cecap_pa-22-2-1200x801.jpg\" alt=\"\" class=\"wp-image-115037\" srcset=\"https:\/\/tvtecjundiai.com.br\/news\/wp-content\/uploads\/sites\/2\/2023\/09\/entrega_praca_familia_e_pet_cecap_pa-22-2-1200x801.jpg 1200w, https:\/\/tvtecjundiai.com.br\/news\/wp-content\/uploads\/sites\/2\/2023\/09\/entrega_praca_familia_e_pet_cecap_pa-22-2-300x200.jpg 300w, https:\/\/tvtecjundiai.com.br\/news\/wp-content\/uploads\/sites\/2\/2023\/09\/entrega_praca_familia_e_pet_cecap_pa-22-2-768x512.jpg 768w, https:\/\/tvtecjundiai.com.br\/news\/wp-content\/uploads\/sites\/2\/2023\/09\/entrega_praca_familia_e_pet_cecap_pa-22-2.jpg 1280w\" sizes=\"auto, (max-width: 1200px) 100vw, 1200px\" \/><figcaption class=\"wp-element-caption\">Willian, Jordana, Dailana e Temeno aproveitaram o novo espa\u00e7o nesta manh\u00e3 ensolarada de s\u00e1bado (23)<\/figcaption><\/figure>\n<\/div>\n\n\n<p>Essa \u00e9 a nona pra\u00e7a com esse conceito em Jundia\u00ed. As outras est\u00e3o nos bairros: Nova Cidade Jardim, Eloy Chaves, Parque da Represa, Jardim Merci, Ponte S\u00e3o Jo\u00e3o, Col\u00f4nia, avenida Nove de Julho e Santa Gertrudes.<\/p>\n\n\n\n<p>Tamb\u00e9m compareceram \u00e0 cerim\u00f4nia de abertura do espa\u00e7o o Vice-Prefeito Gustavo Martinelli; o gestor de Promo\u00e7\u00e3o de Sa\u00fade, Tiago Texera; al\u00e9m dos vereadores Marcelo Gastaldo, Antonio Carlos Albino e Edicarlos Vieira.<\/p>\n\n\n<div class=\"wp-block-image\">\n<figure class=\"aligncenter size-large\"><img loading=\"lazy\" decoding=\"async\" width=\"1200\" height=\"801\" src=\"https:\/\/tvtecjundiai.com.br\/news\/wp-content\/uploads\/sites\/2\/2023\/09\/entrega_praca_familia_e_pet_cecap_pa-99-1-1200x801.jpg\" alt=\"\" class=\"wp-image-115038\" srcset=\"https:\/\/tvtecjundiai.com.br\/news\/wp-content\/uploads\/sites\/2\/2023\/09\/entrega_praca_familia_e_pet_cecap_pa-99-1-1200x801.jpg 1200w, https:\/\/tvtecjundiai.com.br\/news\/wp-content\/uploads\/sites\/2\/2023\/09\/entrega_praca_familia_e_pet_cecap_pa-99-1-300x200.jpg 300w, https:\/\/tvtecjundiai.com.br\/news\/wp-content\/uploads\/sites\/2\/2023\/09\/entrega_praca_familia_e_pet_cecap_pa-99-1-768x512.jpg 768w, https:\/\/tvtecjundiai.com.br\/news\/wp-content\/uploads\/sites\/2\/2023\/09\/entrega_praca_familia_e_pet_cecap_pa-99-1.jpg 1280w\" sizes=\"auto, (max-width: 1200px) 100vw, 1200px\" \/><figcaption class=\"wp-element-caption\">\u00c1rea de lazer tem 3 mil m\u00b2 e recebeu investimentos de aproximadamente R$550 mil<\/figcaption><\/figure>\n<\/div>\n\n\n<p><strong><em>Fonte \/ Imagem: Prefeitura de Jundia\u00ed<\/em><\/strong><\/p>\n","protected":false},"excerpt":{"rendered":"<p>O novo espa\u00e7o tem \u00e1rea de 3 mil\u00b2 e conta com brinquedos para crian\u00e7as e para os pets, ilumina\u00e7\u00e3o em LED, academia ao ar livre, bebedouro e tr\u00eas quiosques.<\/p>\n","protected":false},"author":24,"featured_media":115038,"comment_status":"closed","ping_status":"0","sticky":false,"template":"","format":"standard","meta":{"footnotes":""},"categories":[1],"tags":[],"class_list":["post-115034","post","type-post","status-publish","format-standard","has-post-thumbnail","hentry","category-noticias"],"_links":{"self":[{"href":"https:\/\/tvtecjundiai.com.br\/news\/wp-json\/wp\/v2\/posts\/115034","targetHints":{"allow":["GET"]}}],"collection":[{"href":"https:\/\/tvtecjundiai.com.br\/news\/wp-json\/wp\/v2\/posts"}],"about":[{"href":"https:\/\/tvtecjundiai.com.br\/news\/wp-json\/wp\/v2\/types\/post"}],"author":[{"embeddable":true,"href":"https:\/\/tvtecjundiai.com.br\/news\/wp-json\/wp\/v2\/users\/24"}],"replies":[{"embeddable":true,"href":"https:\/\/tvtecjundiai.com.br\/news\/wp-json\/wp\/v2\/comments?post=115034"}],"version-history":[{"count":1,"href":"https:\/\/tvtecjundiai.com.br\/news\/wp-json\/wp\/v2\/posts\/115034\/revisions"}],"predecessor-version":[{"id":115039,"href":"https:\/\/tvtecjundiai.com.br\/news\/wp-json\/wp\/v2\/posts\/115034\/revisions\/115039"}],"wp:featuredmedia":[{"embeddable":true,"href":"https:\/\/tvtecjundiai.com.br\/news\/wp-json\/wp\/v2\/media\/115038"}],"wp:attachment":[{"href":"https:\/\/tvtecjundiai.com.br\/news\/wp-json\/wp\/v2\/media?parent=115034"}],"wp:term":[{"taxonomy":"category","embeddable":true,"href":"https:\/\/tvtecjundiai.com.br\/news\/wp-json\/wp\/v2\/categories?post=115034"},{"taxonomy":"post_tag","embeddable":true,"href":"https:\/\/tvtecjundiai.com.br\/news\/wp-json\/wp\/v2\/tags?post=115034"}],"curies":[{"name":"wp","href":"https:\/\/api.w.org\/{rel}","templated":true}]}}