{"id":115040,"date":"2023-09-23T20:07:27","date_gmt":"2023-09-23T23:07:27","guid":{"rendered":"https:\/\/tvtecjundiai.com.br\/news\/?p=115040"},"modified":"2023-09-23T20:08:40","modified_gmt":"2023-09-23T23:08:40","slug":"jardim-guanabara-ganha-nova-horta-e-parque-naturalizado-para-brincar-livre","status":"publish","type":"post","link":"https:\/\/tvtecjundiai.com.br\/news\/2023\/09\/23\/jardim-guanabara-ganha-nova-horta-e-parque-naturalizado-para-brincar-livre\/","title":{"rendered":"Jardim Guanabara ganha nova horta e parque naturalizado para brincar livre"},"content":{"rendered":"\n<p>Em uma manh\u00e3 de muito calor e festa, a Prefeitura de Jundia\u00ed entregou a nova horta urbana, parque naturalizado e jardim de chuva no Jardim Guanabara. A comunidade conta, agora, com um novo e completo espa\u00e7o de conviv\u00eancia e aprendizado, que tamb\u00e9m ir\u00e1 auxiliar nas a\u00e7\u00f5es e desemparedamento das crian\u00e7as, proporcionando novas formas de contato com a natureza. A cerim\u00f4nia de inaugura\u00e7\u00e3o contou com a presen\u00e7a do Prefeito Luiz Fernando Machado, gestores municipais, vereadores e da popula\u00e7\u00e3o.<\/p>\n\n\n\n<p>\u201cEsse espa\u00e7o foi contemplado para a integra\u00e7\u00e3o e fortalecimento de v\u00ednculos da comunidade e com as escolas do bairro, para que as crian\u00e7as possam aprender sobre v\u00e1rios aspectos da natureza. \u00c9 Jundia\u00ed avan\u00e7ando, transformando os espa\u00e7os p\u00fablicos em \u00e1reas sustent\u00e1veis e compartilhando com as pessoas o desenvolvimento da cidade\u201d, afirma o Chefe do Executivo.<\/p>\n\n\n<div class=\"wp-block-image\">\n<figure class=\"aligncenter size-large\"><img loading=\"lazy\" decoding=\"async\" width=\"1200\" height=\"801\" src=\"https:\/\/tvtecjundiai.com.br\/news\/wp-content\/uploads\/sites\/2\/2023\/09\/entrega_horta_urbana_parque_naturalizado_jardim_guanabara_pa-126-1200x801.jpg\" alt=\"\" class=\"wp-image-115041\" srcset=\"https:\/\/tvtecjundiai.com.br\/news\/wp-content\/uploads\/sites\/2\/2023\/09\/entrega_horta_urbana_parque_naturalizado_jardim_guanabara_pa-126-1200x801.jpg 1200w, https:\/\/tvtecjundiai.com.br\/news\/wp-content\/uploads\/sites\/2\/2023\/09\/entrega_horta_urbana_parque_naturalizado_jardim_guanabara_pa-126-300x200.jpg 300w, https:\/\/tvtecjundiai.com.br\/news\/wp-content\/uploads\/sites\/2\/2023\/09\/entrega_horta_urbana_parque_naturalizado_jardim_guanabara_pa-126-768x512.jpg 768w, https:\/\/tvtecjundiai.com.br\/news\/wp-content\/uploads\/sites\/2\/2023\/09\/entrega_horta_urbana_parque_naturalizado_jardim_guanabara_pa-126.jpg 1280w\" sizes=\"auto, (max-width: 1200px) 100vw, 1200px\" \/><figcaption class=\"wp-element-caption\">Espa\u00e7o recebeu centenas de pessoas para a inaugura\u00e7\u00e3o, na manh\u00e3 deste s\u00e1bado<\/figcaption><\/figure>\n<\/div>\n\n\n<p>O parque naturalizado do Jardim Guanabara foi projetado pela equipe da Prefeitura, a partir de um processo de forma\u00e7\u00e3o oferecido pelo Instituto Alana. O espa\u00e7o re\u00fane a horta urbana, o jardim de chuva e uma s\u00e9rie de possibilidades de brincar ao ar livre, proporcionando novas formas de contato com a natureza. J\u00e1 a horta urbana, das permission\u00e1rias Dona Luisa, Dona Jocilena e do Seu Benedito, conta com pelo menos 15 culturas plantadas, entre verduras, legumes e as PANCs (plant\u00e3o aliment\u00edcias n\u00e3o convencionais). Elas servir\u00e3o toda a comunidade.<\/p>\n\n\n\n<p>O Gestor de Planejamento Urbano e Meio Ambiente (UGPUMA), Sin\u00e9sio Scarabello Filho, que encabe\u00e7ou o projeto, definiu o espa\u00e7o como perfeito. \u201cEle \u00e9 fruto da coopera\u00e7\u00e3o do Poder Executivo, Legislativo, iniciativa privada e todas as pessoas do bairro. Um lugar que re\u00fane os mais modernos conceitos de urbanismo e cidades do futuro, que promove o contato com a natureza e proporciona \u00f3timos momentos de intera\u00e7\u00e3o entre as fam\u00edlias\u201d, comenta.<\/p>\n\n\n<div class=\"wp-block-image\">\n<figure class=\"aligncenter size-large\"><img loading=\"lazy\" decoding=\"async\" width=\"1200\" height=\"801\" src=\"https:\/\/tvtecjundiai.com.br\/news\/wp-content\/uploads\/sites\/2\/2023\/09\/entrega_horta_urbana_parque_naturalizado_jardim_guanabara_pa-207-2-1200x801.jpg\" alt=\"\" class=\"wp-image-115042\" srcset=\"https:\/\/tvtecjundiai.com.br\/news\/wp-content\/uploads\/sites\/2\/2023\/09\/entrega_horta_urbana_parque_naturalizado_jardim_guanabara_pa-207-2-1200x801.jpg 1200w, https:\/\/tvtecjundiai.com.br\/news\/wp-content\/uploads\/sites\/2\/2023\/09\/entrega_horta_urbana_parque_naturalizado_jardim_guanabara_pa-207-2-300x200.jpg 300w, https:\/\/tvtecjundiai.com.br\/news\/wp-content\/uploads\/sites\/2\/2023\/09\/entrega_horta_urbana_parque_naturalizado_jardim_guanabara_pa-207-2-768x512.jpg 768w, https:\/\/tvtecjundiai.com.br\/news\/wp-content\/uploads\/sites\/2\/2023\/09\/entrega_horta_urbana_parque_naturalizado_jardim_guanabara_pa-207-2.jpg 1280w\" sizes=\"auto, (max-width: 1200px) 100vw, 1200px\" \/><figcaption class=\"wp-element-caption\">Crian\u00e7as aproveitaram o sol e o calor e se divertiram no novo parque naturalizado<\/figcaption><\/figure>\n<\/div>\n\n\n<p>\u201cJundia\u00ed \u00e9 a Cidade das Crian\u00e7as e este espa\u00e7o contempla tudo o que elas precisam para se desenvolver em sua plenitude. Aqui \u00e9 poss\u00edvel brincar ao ar livre, ter contato com os elementos da natureza e com uma alimenta\u00e7\u00e3o saud\u00e1vel e socializar. Com planejamento e organiza\u00e7\u00e3o realizamos mais uma entrega que trar\u00e1 benef\u00edcios \u00e0s pessoas\u201d, ressalta o Gestor de Governo e Finan\u00e7as, Jos\u00e9 Antonio Parimoschi.<\/p>\n\n\n\n<p>\u201cHoje \u00e9 um dia muito feliz. Aliando muito trabalho em equipe e praticando a pol\u00edtica do amor conseguimos entregar um espa\u00e7o lindo, que valoriza a regi\u00e3o e oferece mais qualidade de vida aos moradores do bairro\u201d, opina o vereador Daniel Lemos.<\/p>\n\n\n<div class=\"wp-block-image\">\n<figure class=\"aligncenter size-large\"><img loading=\"lazy\" decoding=\"async\" width=\"1200\" height=\"801\" src=\"https:\/\/tvtecjundiai.com.br\/news\/wp-content\/uploads\/sites\/2\/2023\/09\/entrega_horta_urbana_parque_naturalizado_jardim_guanabara_pa-132-3-1200x801.jpg\" alt=\"\" class=\"wp-image-115043\" srcset=\"https:\/\/tvtecjundiai.com.br\/news\/wp-content\/uploads\/sites\/2\/2023\/09\/entrega_horta_urbana_parque_naturalizado_jardim_guanabara_pa-132-3-1200x801.jpg 1200w, https:\/\/tvtecjundiai.com.br\/news\/wp-content\/uploads\/sites\/2\/2023\/09\/entrega_horta_urbana_parque_naturalizado_jardim_guanabara_pa-132-3-300x200.jpg 300w, https:\/\/tvtecjundiai.com.br\/news\/wp-content\/uploads\/sites\/2\/2023\/09\/entrega_horta_urbana_parque_naturalizado_jardim_guanabara_pa-132-3-768x512.jpg 768w, https:\/\/tvtecjundiai.com.br\/news\/wp-content\/uploads\/sites\/2\/2023\/09\/entrega_horta_urbana_parque_naturalizado_jardim_guanabara_pa-132-3.jpg 1280w\" sizes=\"auto, (max-width: 1200px) 100vw, 1200px\" \/><figcaption class=\"wp-element-caption\">Luiz Fernando Machado, Jos\u00e9 Antonio Parimoschi e Daniel Lemos com as crian\u00e7as em cerim\u00f4nia<\/figcaption><\/figure>\n<\/div>\n\n\n<p>A aut\u00f4noma Jakellyne Rosana, de 20 anos, compareceu \u00e0 cerim\u00f4nia de inaugura\u00e7\u00e3o com o filho Samuel, de um ano, e o irm\u00e3o Jo\u00e3o Miguel, de nove. Segundo ela, o bairro agora ficar\u00e1 ainda mais valorizado e gostoso para morar. \u201c\u00c9 importante trazer as crian\u00e7as para brincarem com a natureza e sa\u00edrem um pouco das telas. Aproveitaremos muito sempre que poss\u00edvel\u201d, avalia.<\/p>\n\n\n<div class=\"wp-block-image\">\n<figure class=\"aligncenter size-large\"><img loading=\"lazy\" decoding=\"async\" width=\"1200\" height=\"801\" src=\"https:\/\/tvtecjundiai.com.br\/news\/wp-content\/uploads\/sites\/2\/2023\/09\/entrega_horta_urbana_parque_naturalizado_jardim_guanabara_pa-157-2-1200x801.jpg\" alt=\"\" class=\"wp-image-115044\" srcset=\"https:\/\/tvtecjundiai.com.br\/news\/wp-content\/uploads\/sites\/2\/2023\/09\/entrega_horta_urbana_parque_naturalizado_jardim_guanabara_pa-157-2-1200x801.jpg 1200w, https:\/\/tvtecjundiai.com.br\/news\/wp-content\/uploads\/sites\/2\/2023\/09\/entrega_horta_urbana_parque_naturalizado_jardim_guanabara_pa-157-2-300x200.jpg 300w, https:\/\/tvtecjundiai.com.br\/news\/wp-content\/uploads\/sites\/2\/2023\/09\/entrega_horta_urbana_parque_naturalizado_jardim_guanabara_pa-157-2-768x512.jpg 768w, https:\/\/tvtecjundiai.com.br\/news\/wp-content\/uploads\/sites\/2\/2023\/09\/entrega_horta_urbana_parque_naturalizado_jardim_guanabara_pa-157-2.jpg 1280w\" sizes=\"auto, (max-width: 1200px) 100vw, 1200px\" \/><figcaption class=\"wp-element-caption\">Jakellyne, Jo\u00e3o Miguel e Samuel ir\u00e3o aproveitar o novo parque aos finais de semana<\/figcaption><\/figure>\n<\/div>\n\n\n<p>Tamb\u00e9m estiveram presentes os gestores Tiago Texera (Promo\u00e7\u00e3o de Sa\u00fade), Aloysio Queiroz (Mobilidade e Transporte) e Vast\u00ed Ferrari Marques (Educa\u00e7\u00e3o), al\u00e9m dos vereadores Antonio Carlos Albino, Edicarlos e C\u00edcero da Sa\u00fade.<\/p>\n\n\n<div class=\"wp-block-image\">\n<figure class=\"aligncenter size-large\"><img loading=\"lazy\" decoding=\"async\" width=\"1200\" height=\"801\" src=\"https:\/\/tvtecjundiai.com.br\/news\/wp-content\/uploads\/sites\/2\/2023\/09\/entrega_horta_urbana_parque_naturalizado_jardim_guanabara_pa-252-1-1200x801.jpg\" alt=\"\" class=\"wp-image-115045\" srcset=\"https:\/\/tvtecjundiai.com.br\/news\/wp-content\/uploads\/sites\/2\/2023\/09\/entrega_horta_urbana_parque_naturalizado_jardim_guanabara_pa-252-1-1200x801.jpg 1200w, https:\/\/tvtecjundiai.com.br\/news\/wp-content\/uploads\/sites\/2\/2023\/09\/entrega_horta_urbana_parque_naturalizado_jardim_guanabara_pa-252-1-300x200.jpg 300w, https:\/\/tvtecjundiai.com.br\/news\/wp-content\/uploads\/sites\/2\/2023\/09\/entrega_horta_urbana_parque_naturalizado_jardim_guanabara_pa-252-1-768x512.jpg 768w, https:\/\/tvtecjundiai.com.br\/news\/wp-content\/uploads\/sites\/2\/2023\/09\/entrega_horta_urbana_parque_naturalizado_jardim_guanabara_pa-252-1.jpg 1280w\" sizes=\"auto, (max-width: 1200px) 100vw, 1200px\" \/><figcaption class=\"wp-element-caption\">Moradores ganharam espa\u00e7o completo com horta urbana, parque naturalizado e jardim de chuva<\/figcaption><\/figure>\n<\/div>\n\n\n<p><strong><em>Fonte \/ Imagem: Prefeitura de Jundia\u00ed<\/em><\/strong><\/p>\n","protected":false},"excerpt":{"rendered":"<p>Um novo e completo espa\u00e7o de conviv\u00eancia e aprendizado, que tamb\u00e9m ir\u00e1 auxiliar nas a\u00e7\u00f5es e desemparedamento das crian\u00e7as.<\/p>\n","protected":false},"author":24,"featured_media":115045,"comment_status":"closed","ping_status":"0","sticky":false,"template":"","format":"standard","meta":{"footnotes":""},"categories":[1],"tags":[],"class_list":["post-115040","post","type-post","status-publish","format-standard","has-post-thumbnail","hentry","category-noticias"],"_links":{"self":[{"href":"https:\/\/tvtecjundiai.com.br\/news\/wp-json\/wp\/v2\/posts\/115040","targetHints":{"allow":["GET"]}}],"collection":[{"href":"https:\/\/tvtecjundiai.com.br\/news\/wp-json\/wp\/v2\/posts"}],"about":[{"href":"https:\/\/tvtecjundiai.com.br\/news\/wp-json\/wp\/v2\/types\/post"}],"author":[{"embeddable":true,"href":"https:\/\/tvtecjundiai.com.br\/news\/wp-json\/wp\/v2\/users\/24"}],"replies":[{"embeddable":true,"href":"https:\/\/tvtecjundiai.com.br\/news\/wp-json\/wp\/v2\/comments?post=115040"}],"version-history":[{"count":3,"href":"https:\/\/tvtecjundiai.com.br\/news\/wp-json\/wp\/v2\/posts\/115040\/revisions"}],"predecessor-version":[{"id":115048,"href":"https:\/\/tvtecjundiai.com.br\/news\/wp-json\/wp\/v2\/posts\/115040\/revisions\/115048"}],"wp:featuredmedia":[{"embeddable":true,"href":"https:\/\/tvtecjundiai.com.br\/news\/wp-json\/wp\/v2\/media\/115045"}],"wp:attachment":[{"href":"https:\/\/tvtecjundiai.com.br\/news\/wp-json\/wp\/v2\/media?parent=115040"}],"wp:term":[{"taxonomy":"category","embeddable":true,"href":"https:\/\/tvtecjundiai.com.br\/news\/wp-json\/wp\/v2\/categories?post=115040"},{"taxonomy":"post_tag","embeddable":true,"href":"https:\/\/tvtecjundiai.com.br\/news\/wp-json\/wp\/v2\/tags?post=115040"}],"curies":[{"name":"wp","href":"https:\/\/api.w.org\/{rel}","templated":true}]}}