{"id":115053,"date":"2023-09-24T12:23:02","date_gmt":"2023-09-24T15:23:02","guid":{"rendered":"https:\/\/tvtecjundiai.com.br\/news\/?p=115053"},"modified":"2023-09-24T12:31:31","modified_gmt":"2023-09-24T15:31:31","slug":"repleto-de-atividades-festival-expressa-continua-neste-domingo-24","status":"publish","type":"post","link":"https:\/\/tvtecjundiai.com.br\/news\/2023\/09\/24\/repleto-de-atividades-festival-expressa-continua-neste-domingo-24\/","title":{"rendered":"Repleto de atividades, Festival Expressa continua neste domingo (24)"},"content":{"rendered":"\n<p>Promovido pela Unidade de Gest\u00e3o de Cultura (UGC), o Festival Expressa agitou o p\u00fablico neste s\u00e1bado (23), no Espa\u00e7o Expressa (antigo Complexo Fepasa). Al\u00e9m de um card\u00e1pio de comidas e bebidas variadas, o evento contou com uma s\u00e9rie de interven\u00e7\u00f5es art\u00edsticas, apresenta\u00e7\u00f5es culturais, a 4\u00aa Festa Liter\u00e1ria de Jundia\u00ed (FLIJ) e muita divers\u00e3o para toda a fam\u00edlia.<\/p>\n\n\n\n<p>A programa\u00e7\u00e3o segue neste domingo (24). Confira a programa\u00e7\u00e3o completa:<\/p>\n\n\n\n<p><strong>Programa\u00e7\u00e3o cultural<\/strong><\/p>\n\n\n\n<ul class=\"wp-block-list\">\n<li>10h<br><strong>4\u00aa FLIJ \u2013 Roda de Conversa \u201cOs narradores de Andrea Del Fuego e JP Cuenca: perspectivas do eu\u201d, com Andrea Del Fuego e Jo\u00e3o Paulo Cuenca<\/strong><br>Local: Sala Santos-Jundia\u00ed de espet\u00e1culos (antiga Sala Jundia\u00ed)<\/li>\n\n\n\n<li>12h<br><strong>4\u00aa FLIJ \u2013 Interven\u00e7\u00e3o \u201cPoemas Voadores\u201d, com a Trupe Pling!<\/strong><br>Local: \u00c1rea Parque<\/li>\n\n\n\n<li>13h<br><strong>4\u00aa FLIJ \u2013 Roda de Conversa \u201cConversa sobre Slams \u2013 Slam das Minas, Slam do Z\u00e9 e Slam da Guilhermina\u201d<\/strong><br>Local: Sala Santos-Jundia\u00ed de espet\u00e1culos<\/li>\n\n\n\n<li>14h<br><strong>Roda de conversa \u201cComo tornar nossa conviv\u00eancia mais feliz\u201d, com a psic\u00f3loga Luciana Minelli<\/strong><br>Local: \u00c1rea Parque<\/li>\n\n\n\n<li>15h30<br><strong>Show musical com a Bandinha da Cotonete Maria<\/strong><br>Local: \u00c1rea Parque<\/li>\n\n\n\n<li>17h<br><strong>4\u00aa FLIJ \u2013<\/strong>&nbsp;<strong>Show musical com o Coral Municipal de Jundia\u00ed (adulto)<\/strong><br>Local: Sala Santos-Jundia\u00ed de espet\u00e1culos<\/li>\n\n\n\n<li>17h30<br><strong>Show musical com o Trio Pitomba<\/strong><br>Local: \u00c1rea Parque<\/li>\n\n\n\n<li>18h<br><strong>Show musical com Tio Kel\u00e9<\/strong><\/li>\n\n\n\n<li>19h30<br><strong>Show musical \u201cP\u00e9 de qu\u00ea\u201d, com a banda Frutos da Terra<\/strong><br>Local: \u00c1rea Parque<\/li>\n\n\n\n<li>20h<br><strong>Show musical \u201cChoro para todos\u201d, com o trio Tr\u00eas no Choro<\/strong><br>Local: Sala Santos-Jundia\u00ed de espet\u00e1culos<\/li>\n\n\n\n<li>21h<br><strong>Show Musical \u201cDo Blues ao Rock Alternativo\u201d, com a Banda Mamata<\/strong><br>Local: \u00c1rea Parque<br><br><strong>Atra\u00e7\u00f5es ao longo do dia<\/strong><\/li>\n\n\n\n<li>das 10h \u00e0s 14h<br><strong>Oficinas \u201cA Cultura e Hist\u00f3ria do Xadrez \u2013 Escola de xadrez para todos\u201d<\/strong><\/li>\n\n\n\n<li>das 10h \u00e0s 15h<br><strong>Interven\u00e7\u00e3o \u201cFora da Casinha\u201d<\/strong><br>Local: \u00c1rea Parque<\/li>\n\n\n\n<li>das 10h \u00e0s 17h<br><strong>4\u00aa FLIJ \u2013 Feira de livros com expositores, autores locais, divulga\u00e7\u00e3o das entidades liter\u00e1rias, gastronomia e artesanato local<\/strong><\/li>\n\n\n\n<li>das 14h \u00e0s 17h<br><strong>4\u00aa FLIJ \u2013 Espa\u00e7o Kids: Mini Workshops (crie seu dedoche, Ilustre sua capa e de marcadores divertidos, com a arte-educadora Gika)<\/strong><\/li>\n\n\n\n<li>das 15h \u00e0s 20h<br><strong>Interven\u00e7\u00e3o \u201cBrincar e Ser\u201d, com media\u00e7\u00e3o da AGP Eventos<\/strong><br>Local: \u00c1rea Parque<\/li>\n<\/ul>\n\n\n<div class=\"wp-block-image\">\n<figure class=\"aligncenter size-full\"><img loading=\"lazy\" decoding=\"async\" width=\"1007\" height=\"960\" src=\"https:\/\/tvtecjundiai.com.br\/news\/wp-content\/uploads\/sites\/2\/2023\/09\/festival_expressa_c_convivencia_pa-3-1-1007x960-1.jpg\" alt=\"\" class=\"wp-image-115054\" srcset=\"https:\/\/tvtecjundiai.com.br\/news\/wp-content\/uploads\/sites\/2\/2023\/09\/festival_expressa_c_convivencia_pa-3-1-1007x960-1.jpg 1007w, https:\/\/tvtecjundiai.com.br\/news\/wp-content\/uploads\/sites\/2\/2023\/09\/festival_expressa_c_convivencia_pa-3-1-1007x960-1-300x286.jpg 300w, https:\/\/tvtecjundiai.com.br\/news\/wp-content\/uploads\/sites\/2\/2023\/09\/festival_expressa_c_convivencia_pa-3-1-1007x960-1-768x732.jpg 768w\" sizes=\"auto, (max-width: 1007px) 100vw, 1007px\" \/><figcaption class=\"wp-element-caption\">F\u00e1bio, Val\u00e9ria e Ana Carolina aproveitaram a tarde no Festival Expressa<\/figcaption><\/figure>\n<\/div>\n\n\n<p>Morador de S\u00e3o Paulo, F\u00e1bio Salomon esteve acompanhado da namorada Ana Carolina Meirelles e da sogra Val\u00e9ria Furlan. Ele aprovou a iniciativa da Prefeitura. \u201cUm festival muito bacana, que atrai pessoas de outras cidades, incentiva o empreendedorismo local e ajuda a economia. Gostei muito de estar aqui\u201d, comenta.<\/p>\n\n\n\n<p>Uma das principais atra\u00e7\u00f5es da tarde foi o Concurso de Cosplay JundComics, na Sala Santos-Jundia\u00ed de espet\u00e1culos. Crian\u00e7as e adultos abusaram da criatividade e homenagearam os seus personagens favoritos. Fabiana Ramos, de 27 anos, conta que \u00e9 apaixonada pela Triss, do game e s\u00e9rie The Witcher. \u201cSempre fiz cosplay, mas \u00e9 a primeira vez que participo de uma competi\u00e7\u00e3o, ainda mais com a minha personagem preferida. Sou muito grata pela Prefeitura atender a uma comunidade t\u00e3o grande e realizar um concurso regional para que a gente possa participar\u201d, relata.<\/p>\n\n\n\n<div class=\"wp-block-columns is-layout-flex wp-container-core-columns-is-layout-9d6595d7 wp-block-columns-is-layout-flex\">\n<div class=\"wp-block-column is-layout-flow wp-block-column-is-layout-flow\"><div class=\"wp-block-image\">\n<figure class=\"aligncenter size-large\"><img loading=\"lazy\" decoding=\"async\" width=\"1200\" height=\"801\" src=\"https:\/\/tvtecjundiai.com.br\/news\/wp-content\/uploads\/sites\/2\/2023\/09\/festival_expressa_c_convivencia_pa-84-2-1200x801.jpg\" alt=\"\" class=\"wp-image-115055\" srcset=\"https:\/\/tvtecjundiai.com.br\/news\/wp-content\/uploads\/sites\/2\/2023\/09\/festival_expressa_c_convivencia_pa-84-2-1200x801.jpg 1200w, https:\/\/tvtecjundiai.com.br\/news\/wp-content\/uploads\/sites\/2\/2023\/09\/festival_expressa_c_convivencia_pa-84-2-300x200.jpg 300w, https:\/\/tvtecjundiai.com.br\/news\/wp-content\/uploads\/sites\/2\/2023\/09\/festival_expressa_c_convivencia_pa-84-2-768x512.jpg 768w, https:\/\/tvtecjundiai.com.br\/news\/wp-content\/uploads\/sites\/2\/2023\/09\/festival_expressa_c_convivencia_pa-84-2.jpg 1280w\" sizes=\"auto, (max-width: 1200px) 100vw, 1200px\" \/><figcaption class=\"wp-element-caption\">Fabiana interpretou a personagem Triss<\/figcaption><\/figure>\n<\/div><\/div>\n\n\n\n<div class=\"wp-block-column is-layout-flow wp-block-column-is-layout-flow\"><div class=\"wp-block-image\">\n<figure class=\"aligncenter size-large\"><img loading=\"lazy\" decoding=\"async\" width=\"1200\" height=\"801\" src=\"https:\/\/tvtecjundiai.com.br\/news\/wp-content\/uploads\/sites\/2\/2023\/09\/festival_expressa_c_convivencia_pa-62-2-1200x801.jpg\" alt=\"\" class=\"wp-image-115056\" srcset=\"https:\/\/tvtecjundiai.com.br\/news\/wp-content\/uploads\/sites\/2\/2023\/09\/festival_expressa_c_convivencia_pa-62-2-1200x801.jpg 1200w, https:\/\/tvtecjundiai.com.br\/news\/wp-content\/uploads\/sites\/2\/2023\/09\/festival_expressa_c_convivencia_pa-62-2-300x200.jpg 300w, https:\/\/tvtecjundiai.com.br\/news\/wp-content\/uploads\/sites\/2\/2023\/09\/festival_expressa_c_convivencia_pa-62-2-768x512.jpg 768w, https:\/\/tvtecjundiai.com.br\/news\/wp-content\/uploads\/sites\/2\/2023\/09\/festival_expressa_c_convivencia_pa-62-2.jpg 1280w\" sizes=\"auto, (max-width: 1200px) 100vw, 1200px\" \/><figcaption class=\"wp-element-caption\">Concurso de Cosplay agitou a tarde no Espa\u00e7o Expressa<\/figcaption><\/figure>\n<\/div><\/div>\n<\/div>\n\n\n\n<p>\u201cO Espa\u00e7o Expressa \u00e9 um espa\u00e7o de Cultura, humanidades e futuros. Como o pr\u00f3prio nome diz, o espa\u00e7o espera ser um provocador de experi\u00eancias e local para que artistas e cidad\u00e3os possam expressar sua arte com personalidade e diversidade. O Festival \u00e9 mais uma oportunidade para fomentar a ocupa\u00e7\u00e3o dos espa\u00e7os p\u00fablicos e proporcionar momentos de lazer, socializa\u00e7\u00e3o para toda a fam\u00edlia\u201d, explica o Gestor de Cultura, Marcelo Peroni.<\/p>\n\n\n\n<div class=\"wp-block-columns is-layout-flex wp-container-core-columns-is-layout-9d6595d7 wp-block-columns-is-layout-flex\">\n<div class=\"wp-block-column is-layout-flow wp-block-column-is-layout-flow\"><div class=\"wp-block-image\">\n<figure class=\"aligncenter size-large\"><img loading=\"lazy\" decoding=\"async\" width=\"1200\" height=\"801\" src=\"https:\/\/tvtecjundiai.com.br\/news\/wp-content\/uploads\/sites\/2\/2023\/09\/festival_expressa_c_convivencia_pa-109-2-1200x801.jpg\" alt=\"\" class=\"wp-image-115057\" srcset=\"https:\/\/tvtecjundiai.com.br\/news\/wp-content\/uploads\/sites\/2\/2023\/09\/festival_expressa_c_convivencia_pa-109-2-1200x801.jpg 1200w, https:\/\/tvtecjundiai.com.br\/news\/wp-content\/uploads\/sites\/2\/2023\/09\/festival_expressa_c_convivencia_pa-109-2-300x200.jpg 300w, https:\/\/tvtecjundiai.com.br\/news\/wp-content\/uploads\/sites\/2\/2023\/09\/festival_expressa_c_convivencia_pa-109-2-768x512.jpg 768w, https:\/\/tvtecjundiai.com.br\/news\/wp-content\/uploads\/sites\/2\/2023\/09\/festival_expressa_c_convivencia_pa-109-2.jpg 1280w\" sizes=\"auto, (max-width: 1200px) 100vw, 1200px\" \/><figcaption class=\"wp-element-caption\">Festival Expressa re\u00fane fam\u00edlias\u2026<\/figcaption><\/figure>\n<\/div><\/div>\n\n\n\n<div class=\"wp-block-column is-layout-flow wp-block-column-is-layout-flow\"><div class=\"wp-block-image\">\n<figure class=\"aligncenter size-large\"><img loading=\"lazy\" decoding=\"async\" width=\"1200\" height=\"801\" src=\"https:\/\/tvtecjundiai.com.br\/news\/wp-content\/uploads\/sites\/2\/2023\/09\/festival_expressa_c_convivencia_pa-21-1-1200x801.jpg\" alt=\"\" class=\"wp-image-115058\" srcset=\"https:\/\/tvtecjundiai.com.br\/news\/wp-content\/uploads\/sites\/2\/2023\/09\/festival_expressa_c_convivencia_pa-21-1-1200x801.jpg 1200w, https:\/\/tvtecjundiai.com.br\/news\/wp-content\/uploads\/sites\/2\/2023\/09\/festival_expressa_c_convivencia_pa-21-1-300x200.jpg 300w, https:\/\/tvtecjundiai.com.br\/news\/wp-content\/uploads\/sites\/2\/2023\/09\/festival_expressa_c_convivencia_pa-21-1-768x512.jpg 768w, https:\/\/tvtecjundiai.com.br\/news\/wp-content\/uploads\/sites\/2\/2023\/09\/festival_expressa_c_convivencia_pa-21-1.jpg 1280w\" sizes=\"auto, (max-width: 1200px) 100vw, 1200px\" \/><figcaption class=\"wp-element-caption\">recebe a 4\u00aa Edi\u00e7\u00e3o da Flij\u2026<\/figcaption><\/figure>\n<\/div><\/div>\n\n\n\n<div class=\"wp-block-column is-layout-flow wp-block-column-is-layout-flow\"><div class=\"wp-block-image\">\n<figure class=\"aligncenter size-large\"><img loading=\"lazy\" decoding=\"async\" width=\"1200\" height=\"801\" src=\"https:\/\/tvtecjundiai.com.br\/news\/wp-content\/uploads\/sites\/2\/2023\/09\/festival_expressa_c_convivencia_pa-111-1200x801.jpg\" alt=\"\" class=\"wp-image-115059\" srcset=\"https:\/\/tvtecjundiai.com.br\/news\/wp-content\/uploads\/sites\/2\/2023\/09\/festival_expressa_c_convivencia_pa-111-1200x801.jpg 1200w, https:\/\/tvtecjundiai.com.br\/news\/wp-content\/uploads\/sites\/2\/2023\/09\/festival_expressa_c_convivencia_pa-111-300x200.jpg 300w, https:\/\/tvtecjundiai.com.br\/news\/wp-content\/uploads\/sites\/2\/2023\/09\/festival_expressa_c_convivencia_pa-111-768x512.jpg 768w, https:\/\/tvtecjundiai.com.br\/news\/wp-content\/uploads\/sites\/2\/2023\/09\/festival_expressa_c_convivencia_pa-111.jpg 1280w\" sizes=\"auto, (max-width: 1200px) 100vw, 1200px\" \/><figcaption class=\"wp-element-caption\">oportuniza comerciantes\u2026<br><\/figcaption><\/figure>\n<\/div><\/div>\n<\/div>\n\n\n<div class=\"wp-block-image\">\n<figure class=\"aligncenter size-large\"><img loading=\"lazy\" decoding=\"async\" width=\"1200\" height=\"801\" src=\"https:\/\/tvtecjundiai.com.br\/news\/wp-content\/uploads\/sites\/2\/2023\/09\/festival_expressa_c_convivencia_pa-107-1200x801.jpg\" alt=\"\" class=\"wp-image-115060\" srcset=\"https:\/\/tvtecjundiai.com.br\/news\/wp-content\/uploads\/sites\/2\/2023\/09\/festival_expressa_c_convivencia_pa-107-1200x801.jpg 1200w, https:\/\/tvtecjundiai.com.br\/news\/wp-content\/uploads\/sites\/2\/2023\/09\/festival_expressa_c_convivencia_pa-107-300x200.jpg 300w, https:\/\/tvtecjundiai.com.br\/news\/wp-content\/uploads\/sites\/2\/2023\/09\/festival_expressa_c_convivencia_pa-107-768x512.jpg 768w, https:\/\/tvtecjundiai.com.br\/news\/wp-content\/uploads\/sites\/2\/2023\/09\/festival_expressa_c_convivencia_pa-107.jpg 1280w\" sizes=\"auto, (max-width: 1200px) 100vw, 1200px\" \/><figcaption class=\"wp-element-caption\">e garante divers\u00e3o para as crian\u00e7as<\/figcaption><\/figure>\n<\/div>\n\n\n<p><strong><em>Fonte \/ Imagem: Prefeitura de Jundia\u00ed<\/em><\/strong><\/p>\n","protected":false},"excerpt":{"rendered":"<p>O Festival \u00e9 mais uma oportunidade para fomentar a ocupa\u00e7\u00e3o dos espa\u00e7os p\u00fablicos e proporcionar momentos de lazer, socializa\u00e7\u00e3o para toda a fam\u00edlia<\/p>\n","protected":false},"author":24,"featured_media":115057,"comment_status":"closed","ping_status":"0","sticky":false,"template":"","format":"standard","meta":{"footnotes":""},"categories":[1],"tags":[],"class_list":["post-115053","post","type-post","status-publish","format-standard","has-post-thumbnail","hentry","category-noticias"],"_links":{"self":[{"href":"https:\/\/tvtecjundiai.com.br\/news\/wp-json\/wp\/v2\/posts\/115053","targetHints":{"allow":["GET"]}}],"collection":[{"href":"https:\/\/tvtecjundiai.com.br\/news\/wp-json\/wp\/v2\/posts"}],"about":[{"href":"https:\/\/tvtecjundiai.com.br\/news\/wp-json\/wp\/v2\/types\/post"}],"author":[{"embeddable":true,"href":"https:\/\/tvtecjundiai.com.br\/news\/wp-json\/wp\/v2\/users\/24"}],"replies":[{"embeddable":true,"href":"https:\/\/tvtecjundiai.com.br\/news\/wp-json\/wp\/v2\/comments?post=115053"}],"version-history":[{"count":1,"href":"https:\/\/tvtecjundiai.com.br\/news\/wp-json\/wp\/v2\/posts\/115053\/revisions"}],"predecessor-version":[{"id":115061,"href":"https:\/\/tvtecjundiai.com.br\/news\/wp-json\/wp\/v2\/posts\/115053\/revisions\/115061"}],"wp:featuredmedia":[{"embeddable":true,"href":"https:\/\/tvtecjundiai.com.br\/news\/wp-json\/wp\/v2\/media\/115057"}],"wp:attachment":[{"href":"https:\/\/tvtecjundiai.com.br\/news\/wp-json\/wp\/v2\/media?parent=115053"}],"wp:term":[{"taxonomy":"category","embeddable":true,"href":"https:\/\/tvtecjundiai.com.br\/news\/wp-json\/wp\/v2\/categories?post=115053"},{"taxonomy":"post_tag","embeddable":true,"href":"https:\/\/tvtecjundiai.com.br\/news\/wp-json\/wp\/v2\/tags?post=115053"}],"curies":[{"name":"wp","href":"https:\/\/api.w.org\/{rel}","templated":true}]}}