{"id":115062,"date":"2023-09-25T09:08:37","date_gmt":"2023-09-25T12:08:37","guid":{"rendered":"https:\/\/tvtecjundiai.com.br\/news\/?p=115062"},"modified":"2023-09-25T09:08:38","modified_gmt":"2023-09-25T12:08:38","slug":"pedestres-aproveitam-vias-da-vila-arens-e-do-centro-parcialmente-abertas-para-o-lazer","status":"publish","type":"post","link":"https:\/\/tvtecjundiai.com.br\/news\/2023\/09\/25\/pedestres-aproveitam-vias-da-vila-arens-e-do-centro-parcialmente-abertas-para-o-lazer\/","title":{"rendered":"Pedestres aproveitam vias da Vila Arens e do Centro parcialmente abertas para o lazer"},"content":{"rendered":"\n<p>O domingo com sol convidou muitas fam\u00edlias e grupo de amigos para sa\u00edrem de casa, e se divertir e conviver em um percurso ao ar livre da Rua Lacerda Franco, a partir da F\u00e1brica das Inf\u00e2ncias Japy, passando pela Bar\u00e3o do Rio Branco, XV de Novembro, Aristeu Dagnone at\u00e9 a Avenida Uni\u00e3o dos Ferrovi\u00e1rios. A segunda edi\u00e7\u00e3o do programa da Prefeitura, Mobilidade Saud\u00e1vel e Lazer, reuniu desde pessoas que preferiram caminhar, correr, e tamb\u00e9m participantes que se locomoveram com bicicleta, skate, patins e patinetes.<\/p>\n\n\n<div class=\"wp-block-image\">\n<figure class=\"aligncenter size-large\"><img loading=\"lazy\" decoding=\"async\" width=\"1200\" height=\"801\" src=\"https:\/\/tvtecjundiai.com.br\/news\/wp-content\/uploads\/sites\/2\/2023\/09\/evento_egel_ugmt_expressa-28-1280x854-1-1200x801.jpg\" alt=\"\" class=\"wp-image-115063\" srcset=\"https:\/\/tvtecjundiai.com.br\/news\/wp-content\/uploads\/sites\/2\/2023\/09\/evento_egel_ugmt_expressa-28-1280x854-1-1200x801.jpg 1200w, https:\/\/tvtecjundiai.com.br\/news\/wp-content\/uploads\/sites\/2\/2023\/09\/evento_egel_ugmt_expressa-28-1280x854-1-300x200.jpg 300w, https:\/\/tvtecjundiai.com.br\/news\/wp-content\/uploads\/sites\/2\/2023\/09\/evento_egel_ugmt_expressa-28-1280x854-1-768x512.jpg 768w, https:\/\/tvtecjundiai.com.br\/news\/wp-content\/uploads\/sites\/2\/2023\/09\/evento_egel_ugmt_expressa-28-1280x854-1.jpg 1280w\" sizes=\"auto, (max-width: 1200px) 100vw, 1200px\" \/><figcaption class=\"wp-element-caption\">Fam\u00edlias aproveitaram o sol deste domingo para vivenciar momentos de lazer<\/figcaption><\/figure>\n<\/div>\n\n\n<p>\u201c\u00c9 muito gostoso, e um incentivo para a gente fazer atividade f\u00edsica\u201d, comentou Sofia Figueiredo que estava acompanhada pelo Marcos Pizzoccano e o pet Th\u00e9o, de 2 anos e meio. \u201c\u00c9 legal ver o pessoal vindo e participando. Eu me lembrei de quando a Ferrovi\u00e1rios era fechada todos os domingos\u201d, explicou Marcos.<\/p>\n\n\n<div class=\"wp-block-image\">\n<figure class=\"aligncenter size-large\"><img loading=\"lazy\" decoding=\"async\" width=\"1200\" height=\"801\" src=\"https:\/\/tvtecjundiai.com.br\/news\/wp-content\/uploads\/sites\/2\/2023\/09\/evento_egel_ugmt_expressa-30-2-1280x854-1-1200x801.jpg\" alt=\"\" class=\"wp-image-115064\" srcset=\"https:\/\/tvtecjundiai.com.br\/news\/wp-content\/uploads\/sites\/2\/2023\/09\/evento_egel_ugmt_expressa-30-2-1280x854-1-1200x801.jpg 1200w, https:\/\/tvtecjundiai.com.br\/news\/wp-content\/uploads\/sites\/2\/2023\/09\/evento_egel_ugmt_expressa-30-2-1280x854-1-300x200.jpg 300w, https:\/\/tvtecjundiai.com.br\/news\/wp-content\/uploads\/sites\/2\/2023\/09\/evento_egel_ugmt_expressa-30-2-1280x854-1-768x512.jpg 768w, https:\/\/tvtecjundiai.com.br\/news\/wp-content\/uploads\/sites\/2\/2023\/09\/evento_egel_ugmt_expressa-30-2-1280x854-1.jpg 1280w\" sizes=\"auto, (max-width: 1200px) 100vw, 1200px\" \/><figcaption class=\"wp-element-caption\">Sofia e Marcos caminharam, e se divertiram com o pet Th\u00e9o, no passeio de domingo<\/figcaption><\/figure>\n<\/div>\n\n\n<p>Praticando atividade f\u00edsica com patins h\u00e1 seis meses, Leonardo Ferreira Carvalho, de 9 anos, e o tio Michael aproveitaram os momentos de divers\u00e3o com amigos. \u201cEstamos aprendendo juntos a patinar, e \u00e9 bom quando t\u00eam avenidas e ruas livres, porque a gente consegue se divertir com seguran\u00e7a\u201d, disse Leonardo.<\/p>\n\n\n<div class=\"wp-block-image\">\n<figure class=\"aligncenter size-large\"><img loading=\"lazy\" decoding=\"async\" width=\"1200\" height=\"801\" src=\"https:\/\/tvtecjundiai.com.br\/news\/wp-content\/uploads\/sites\/2\/2023\/09\/evento_egel_ugmt_expressa-26-2-1280x854-1-1200x801.jpg\" alt=\"\" class=\"wp-image-115065\" srcset=\"https:\/\/tvtecjundiai.com.br\/news\/wp-content\/uploads\/sites\/2\/2023\/09\/evento_egel_ugmt_expressa-26-2-1280x854-1-1200x801.jpg 1200w, https:\/\/tvtecjundiai.com.br\/news\/wp-content\/uploads\/sites\/2\/2023\/09\/evento_egel_ugmt_expressa-26-2-1280x854-1-300x200.jpg 300w, https:\/\/tvtecjundiai.com.br\/news\/wp-content\/uploads\/sites\/2\/2023\/09\/evento_egel_ugmt_expressa-26-2-1280x854-1-768x512.jpg 768w, https:\/\/tvtecjundiai.com.br\/news\/wp-content\/uploads\/sites\/2\/2023\/09\/evento_egel_ugmt_expressa-26-2-1280x854-1.jpg 1280w\" sizes=\"auto, (max-width: 1200px) 100vw, 1200px\" \/><figcaption class=\"wp-element-caption\">Leonardo e Michael patinam h\u00e1 seis meses, e se reuniram com amigos<\/figcaption><\/figure>\n<\/div>\n\n\n<p>O Mobilidade Saud\u00e1vel e Lazer \u00e9 realizado em uma parceria entre as Unidades de Mobilidade e Transporte (UGMT) e de Esportes e Lazer (UGEL) para que as pessoas possam praticar exerc\u00edcios f\u00edsicos, confraternizar, al\u00e9m de estimular a mobilidade ativa (em que a locomo\u00e7\u00e3o n\u00e3o \u00e9 com ve\u00edculos motorizados). \u201cUma das premissas do prefeito Luiz Fernando Machado, com as equipes da Prefeitura, \u00e9 planejar e realizar a\u00e7\u00f5es que re\u00fanam as fam\u00edlias e amigos para conviverem, em momentos agrad\u00e1veis, nos diversos espa\u00e7os p\u00fablicos\u201d, ressaltou o gestor de Mobilidade e Transporte, Aloysio Queiroz.<\/p>\n\n\n\n<p>\u201c\u00c9 fomentar e criar essas oportunidades para a popula\u00e7\u00e3o praticar atividade f\u00edsica, com lazer e entretenimento, um dos pilares do governo do Prefeito Luiz Fernando Machado, com a coordena\u00e7\u00e3o do gestor de Governo e Finan\u00e7as, Jos\u00e9 Antonio Parimoschi, que veio para ficar\u201d, afirmou o gestor de Esporte e Lazer, Lu\u00eds Cl\u00e1udio Tarallo.<\/p>\n\n\n<div class=\"wp-block-image\">\n<figure class=\"aligncenter size-large\"><img loading=\"lazy\" decoding=\"async\" width=\"1200\" height=\"801\" src=\"https:\/\/tvtecjundiai.com.br\/news\/wp-content\/uploads\/sites\/2\/2023\/09\/evento_egel_ugmt_expressa-61-2-1280x854-1-1200x801.jpg\" alt=\"\" class=\"wp-image-115066\" srcset=\"https:\/\/tvtecjundiai.com.br\/news\/wp-content\/uploads\/sites\/2\/2023\/09\/evento_egel_ugmt_expressa-61-2-1280x854-1-1200x801.jpg 1200w, https:\/\/tvtecjundiai.com.br\/news\/wp-content\/uploads\/sites\/2\/2023\/09\/evento_egel_ugmt_expressa-61-2-1280x854-1-300x200.jpg 300w, https:\/\/tvtecjundiai.com.br\/news\/wp-content\/uploads\/sites\/2\/2023\/09\/evento_egel_ugmt_expressa-61-2-1280x854-1-768x512.jpg 768w, https:\/\/tvtecjundiai.com.br\/news\/wp-content\/uploads\/sites\/2\/2023\/09\/evento_egel_ugmt_expressa-61-2-1280x854-1.jpg 1280w\" sizes=\"auto, (max-width: 1200px) 100vw, 1200px\" \/><figcaption class=\"wp-element-caption\">Integra\u00e7\u00e3o de Unidades Gestoras visa oferecer a\u00e7\u00f5es para popula\u00e7\u00e3o se divertir e ter qualidade de vida<\/figcaption><\/figure>\n<\/div>\n\n\n<p>Nesta edi\u00e7\u00e3o, os participantes al\u00e9m de praticar atividades f\u00edsicas, puderam aproveitar as atividades do Festival no Expressa, que contou com card\u00e1pio de comidas e bebidas variadas, uma s\u00e9rie de interven\u00e7\u00f5es art\u00edsticas, apresenta\u00e7\u00f5es culturais, a 4\u00aa Festa Liter\u00e1ria de Jundia\u00ed (FLIJ) e muita divers\u00e3o para toda a fam\u00edlia.<\/p>\n\n\n\n<div class=\"wp-block-columns is-layout-flex wp-container-core-columns-is-layout-9d6595d7 wp-block-columns-is-layout-flex\">\n<div class=\"wp-block-column is-layout-flow wp-block-column-is-layout-flow\"><div class=\"wp-block-image\">\n<figure class=\"aligncenter size-large\"><img loading=\"lazy\" decoding=\"async\" width=\"1200\" height=\"801\" src=\"https:\/\/tvtecjundiai.com.br\/news\/wp-content\/uploads\/sites\/2\/2023\/09\/evento_egel_ugmt_expressa-96-1-1280x854-1-1200x801.jpg\" alt=\"\" class=\"wp-image-115067\" srcset=\"https:\/\/tvtecjundiai.com.br\/news\/wp-content\/uploads\/sites\/2\/2023\/09\/evento_egel_ugmt_expressa-96-1-1280x854-1-1200x801.jpg 1200w, https:\/\/tvtecjundiai.com.br\/news\/wp-content\/uploads\/sites\/2\/2023\/09\/evento_egel_ugmt_expressa-96-1-1280x854-1-300x200.jpg 300w, https:\/\/tvtecjundiai.com.br\/news\/wp-content\/uploads\/sites\/2\/2023\/09\/evento_egel_ugmt_expressa-96-1-1280x854-1-768x512.jpg 768w, https:\/\/tvtecjundiai.com.br\/news\/wp-content\/uploads\/sites\/2\/2023\/09\/evento_egel_ugmt_expressa-96-1-1280x854-1.jpg 1280w\" sizes=\"auto, (max-width: 1200px) 100vw, 1200px\" \/><figcaption class=\"wp-element-caption\">Muita gente tamb\u00e9m se divertiu no\u2026<\/figcaption><\/figure>\n<\/div><\/div>\n\n\n\n<div class=\"wp-block-column is-layout-flow wp-block-column-is-layout-flow\"><div class=\"wp-block-image\">\n<figure class=\"aligncenter size-large\"><img loading=\"lazy\" decoding=\"async\" width=\"1200\" height=\"801\" src=\"https:\/\/tvtecjundiai.com.br\/news\/wp-content\/uploads\/sites\/2\/2023\/09\/evento_egel_ugmt_expressa-100-1-1280x854-1-1200x801.jpg\" alt=\"\" class=\"wp-image-115068\" srcset=\"https:\/\/tvtecjundiai.com.br\/news\/wp-content\/uploads\/sites\/2\/2023\/09\/evento_egel_ugmt_expressa-100-1-1280x854-1-1200x801.jpg 1200w, https:\/\/tvtecjundiai.com.br\/news\/wp-content\/uploads\/sites\/2\/2023\/09\/evento_egel_ugmt_expressa-100-1-1280x854-1-300x200.jpg 300w, https:\/\/tvtecjundiai.com.br\/news\/wp-content\/uploads\/sites\/2\/2023\/09\/evento_egel_ugmt_expressa-100-1-1280x854-1-768x512.jpg 768w, https:\/\/tvtecjundiai.com.br\/news\/wp-content\/uploads\/sites\/2\/2023\/09\/evento_egel_ugmt_expressa-100-1-1280x854-1.jpg 1280w\" sizes=\"auto, (max-width: 1200px) 100vw, 1200px\" \/><figcaption class=\"wp-element-caption\">\u2026 Festival no Expressa, que estava repleto de atra\u00e7\u00f5es<\/figcaption><\/figure>\n<\/div><\/div>\n<\/div>\n\n\n\n<p>\u201cA nossa ideia de espa\u00e7o cultural, espa\u00e7o p\u00fablico, \u00e9 essa proposta que integra todas as pessoas. Al\u00e9m da ocupa\u00e7\u00e3o interna no Expressa, a possibilidade de a popula\u00e7\u00e3o poder caminhar, andar de bicicleta e fazer atividades na rua \u00e9 o conjunto ideal para uma cidade saud\u00e1vel, uma Cidade das Crian\u00e7as. \u00c9 oferecer essas atra\u00e7\u00f5es para as crian\u00e7as se divertirem brincando nas ruas, nas cal\u00e7adas e tamb\u00e9m, depois, poderem brincar aqui no Expressa\u201d, explicou o gestor de Cultura, Marcelo Peroni.<\/p>\n\n\n\n<p><strong>Parque Urbano Expressa<\/strong><\/p>\n\n\n\n<p>Projeto que criar\u00e1 espa\u00e7o aberto para o uso da popula\u00e7\u00e3o, com brinquedos naturalizados para as crian\u00e7as, academia ao ar livre, \u00e1reas para medita\u00e7\u00e3o, entre outros, as obras do Parque Linear est\u00e3o previstas para serem iniciadas nos pr\u00f3ximos dias, sendo inseridas na requalifica\u00e7\u00e3o do Centro, que tamb\u00e9m prev\u00ea renova\u00e7\u00e3o das pra\u00e7as e melhorias no vi\u00e1rio.<\/p>\n\n\n\n<p>Al\u00e9m disso, essas adequa\u00e7\u00f5es integram o processo de recupera\u00e7\u00e3o do Espa\u00e7o Expressa, antigo Complexo FEPASA, e foram aprovadas nos \u00f3rg\u00e3os de prote\u00e7\u00e3o patrimonial, no Plano<br>Diretor de 2020.<\/p>\n\n\n\n<p>A partir da retirada dos muros, ser\u00e3o constru\u00eddos largos passeios p\u00fablicos, com cal\u00e7adas que, com a rica e conservada arboriza\u00e7\u00e3o do local, transformar\u00e1 em uma \u00e1rea de conviv\u00eancia sombreada na regi\u00e3o central, al\u00e9m de proporcionar e preservar a conex\u00e3o da popula\u00e7\u00e3o a esse importante espa\u00e7o, que enaltece e perpetua a mem\u00f3ria ferrovi\u00e1ria da cidade.<\/p>\n\n\n\n<div class=\"wp-block-columns is-layout-flex wp-container-core-columns-is-layout-9d6595d7 wp-block-columns-is-layout-flex\">\n<div class=\"wp-block-column is-layout-flow wp-block-column-is-layout-flow\"><div class=\"wp-block-image\">\n<figure class=\"aligncenter size-large\"><img loading=\"lazy\" decoding=\"async\" width=\"1200\" height=\"801\" src=\"https:\/\/tvtecjundiai.com.br\/news\/wp-content\/uploads\/sites\/2\/2023\/09\/evento_egel_ugmt_expressa-91-4-1280x854-1-1200x801.jpg\" alt=\"\" class=\"wp-image-115069\" srcset=\"https:\/\/tvtecjundiai.com.br\/news\/wp-content\/uploads\/sites\/2\/2023\/09\/evento_egel_ugmt_expressa-91-4-1280x854-1-1200x801.jpg 1200w, https:\/\/tvtecjundiai.com.br\/news\/wp-content\/uploads\/sites\/2\/2023\/09\/evento_egel_ugmt_expressa-91-4-1280x854-1-300x200.jpg 300w, https:\/\/tvtecjundiai.com.br\/news\/wp-content\/uploads\/sites\/2\/2023\/09\/evento_egel_ugmt_expressa-91-4-1280x854-1-768x512.jpg 768w, https:\/\/tvtecjundiai.com.br\/news\/wp-content\/uploads\/sites\/2\/2023\/09\/evento_egel_ugmt_expressa-91-4-1280x854-1.jpg 1280w\" sizes=\"auto, (max-width: 1200px) 100vw, 1200px\" \/><figcaption class=\"wp-element-caption\">Mobilidade Saud\u00e1vel e Lazer\u2026<\/figcaption><\/figure>\n<\/div><\/div>\n\n\n\n<div class=\"wp-block-column is-layout-flow wp-block-column-is-layout-flow\"><div class=\"wp-block-image\">\n<figure class=\"aligncenter size-large\"><img loading=\"lazy\" decoding=\"async\" width=\"1200\" height=\"801\" src=\"https:\/\/tvtecjundiai.com.br\/news\/wp-content\/uploads\/sites\/2\/2023\/09\/evento_egel_ugmt_expressa-11-1280x854-1-1200x801.jpg\" alt=\"\" class=\"wp-image-115070\" srcset=\"https:\/\/tvtecjundiai.com.br\/news\/wp-content\/uploads\/sites\/2\/2023\/09\/evento_egel_ugmt_expressa-11-1280x854-1-1200x801.jpg 1200w, https:\/\/tvtecjundiai.com.br\/news\/wp-content\/uploads\/sites\/2\/2023\/09\/evento_egel_ugmt_expressa-11-1280x854-1-300x200.jpg 300w, https:\/\/tvtecjundiai.com.br\/news\/wp-content\/uploads\/sites\/2\/2023\/09\/evento_egel_ugmt_expressa-11-1280x854-1-768x512.jpg 768w, https:\/\/tvtecjundiai.com.br\/news\/wp-content\/uploads\/sites\/2\/2023\/09\/evento_egel_ugmt_expressa-11-1280x854-1.jpg 1280w\" sizes=\"auto, (max-width: 1200px) 100vw, 1200px\" \/><figcaption class=\"wp-element-caption\">\u2026\u00e9 oportunidade para fam\u00edlias e\u2026<\/figcaption><\/figure>\n<\/div><\/div>\n\n\n\n<div class=\"wp-block-column is-layout-flow wp-block-column-is-layout-flow\"><div class=\"wp-block-image\">\n<figure class=\"aligncenter size-large\"><img loading=\"lazy\" decoding=\"async\" width=\"1200\" height=\"801\" src=\"https:\/\/tvtecjundiai.com.br\/news\/wp-content\/uploads\/sites\/2\/2023\/09\/evento_egel_ugmt_expressa-32-1280x854-2-1200x801.jpg\" alt=\"\" class=\"wp-image-115072\" srcset=\"https:\/\/tvtecjundiai.com.br\/news\/wp-content\/uploads\/sites\/2\/2023\/09\/evento_egel_ugmt_expressa-32-1280x854-2-1200x801.jpg 1200w, https:\/\/tvtecjundiai.com.br\/news\/wp-content\/uploads\/sites\/2\/2023\/09\/evento_egel_ugmt_expressa-32-1280x854-2-300x200.jpg 300w, https:\/\/tvtecjundiai.com.br\/news\/wp-content\/uploads\/sites\/2\/2023\/09\/evento_egel_ugmt_expressa-32-1280x854-2-768x512.jpg 768w, https:\/\/tvtecjundiai.com.br\/news\/wp-content\/uploads\/sites\/2\/2023\/09\/evento_egel_ugmt_expressa-32-1280x854-2.jpg 1280w\" sizes=\"auto, (max-width: 1200px) 100vw, 1200px\" \/><figcaption class=\"wp-element-caption\">\u2026amigos se distra\u00edrem e movimentar o corpo<br><\/figcaption><\/figure>\n<\/div><\/div>\n<\/div>\n\n\n\n<p><strong><em>Fonte \/ Imagem: Prefeitura de Jundia\u00ed<\/em><\/strong><\/p>\n","protected":false},"excerpt":{"rendered":"<p>O domingo com sol convidou muitas fam\u00edlias e grupo de amigos para sa\u00edrem de casa, e se divertir e conviver em um percurso ao ar livre.<\/p>\n","protected":false},"author":34,"featured_media":115071,"comment_status":"closed","ping_status":"0","sticky":false,"template":"","format":"standard","meta":{"footnotes":""},"categories":[1],"tags":[],"class_list":["post-115062","post","type-post","status-publish","format-standard","has-post-thumbnail","hentry","category-noticias"],"_links":{"self":[{"href":"https:\/\/tvtecjundiai.com.br\/news\/wp-json\/wp\/v2\/posts\/115062","targetHints":{"allow":["GET"]}}],"collection":[{"href":"https:\/\/tvtecjundiai.com.br\/news\/wp-json\/wp\/v2\/posts"}],"about":[{"href":"https:\/\/tvtecjundiai.com.br\/news\/wp-json\/wp\/v2\/types\/post"}],"author":[{"embeddable":true,"href":"https:\/\/tvtecjundiai.com.br\/news\/wp-json\/wp\/v2\/users\/34"}],"replies":[{"embeddable":true,"href":"https:\/\/tvtecjundiai.com.br\/news\/wp-json\/wp\/v2\/comments?post=115062"}],"version-history":[{"count":1,"href":"https:\/\/tvtecjundiai.com.br\/news\/wp-json\/wp\/v2\/posts\/115062\/revisions"}],"predecessor-version":[{"id":115074,"href":"https:\/\/tvtecjundiai.com.br\/news\/wp-json\/wp\/v2\/posts\/115062\/revisions\/115074"}],"wp:featuredmedia":[{"embeddable":true,"href":"https:\/\/tvtecjundiai.com.br\/news\/wp-json\/wp\/v2\/media\/115071"}],"wp:attachment":[{"href":"https:\/\/tvtecjundiai.com.br\/news\/wp-json\/wp\/v2\/media?parent=115062"}],"wp:term":[{"taxonomy":"category","embeddable":true,"href":"https:\/\/tvtecjundiai.com.br\/news\/wp-json\/wp\/v2\/categories?post=115062"},{"taxonomy":"post_tag","embeddable":true,"href":"https:\/\/tvtecjundiai.com.br\/news\/wp-json\/wp\/v2\/tags?post=115062"}],"curies":[{"name":"wp","href":"https:\/\/api.w.org\/{rel}","templated":true}]}}