{"id":115077,"date":"2023-09-25T10:15:06","date_gmt":"2023-09-25T13:15:06","guid":{"rendered":"https:\/\/tvtecjundiai.com.br\/news\/?p=115077"},"modified":"2023-09-25T10:22:03","modified_gmt":"2023-09-25T13:22:03","slug":"musica-historias-de-setembro-comemora-os-65-anos-da-bossa-nova","status":"publish","type":"post","link":"https:\/\/tvtecjundiai.com.br\/news\/2023\/09\/25\/musica-historias-de-setembro-comemora-os-65-anos-da-bossa-nova\/","title":{"rendered":"M\u00fasica &amp; Hist\u00f3rias de setembro comemora os 65 anos da Bossa Nova"},"content":{"rendered":"\n<p>O ritmo musical que consagrou nomes como Tom Jobim, Vinicius de Moraes e Elis Regina ser\u00e1 o tema da edi\u00e7\u00e3o de setembro do M\u00fasica &amp; Hist\u00f3rias da Unidade de Gest\u00e3o de Cultura (UGC). \u201cBossa Cada Vez Mais Nova\u201d \u00e9 o tema da vez no palco do Teatro Polytheama durante o espet\u00e1culo marcado para a pr\u00f3xima quinta-feira (28), \u00e0s 19h30.<\/p>\n\n\n\n<p>\u201cO M\u00fasica &amp; Hist\u00f3rias deste m\u00eas ir\u00e1 comemorar os 65 anos deste estilo musical que foi tamb\u00e9m um movimento cultural importante para o Brasil durante o s\u00e9culo 20. E como j\u00e1 \u00e9 um tra\u00e7o muito apreciado pelo p\u00fablico, a programa\u00e7\u00e3o ir\u00e1 reunir no palco do teatro artistas da Dan\u00e7a, da M\u00fasica e do Teatro, todos inscritos no Cadastro de Artistas da Unidade\u201d, comentou o diretor do Departamento de Cultura da UGC, Jo\u00e3o Carlos De Luca.<\/p>\n\n\n<div class=\"wp-block-image\">\n<figure class=\"aligncenter size-large\"><img loading=\"lazy\" decoding=\"async\" width=\"1200\" height=\"801\" src=\"https:\/\/tvtecjundiai.com.br\/news\/wp-content\/uploads\/sites\/2\/2023\/09\/musica_historias_teatro_polytheama-1-1200x801.jpg\" alt=\"\" class=\"wp-image-115078\" srcset=\"https:\/\/tvtecjundiai.com.br\/news\/wp-content\/uploads\/sites\/2\/2023\/09\/musica_historias_teatro_polytheama-1-1200x801.jpg 1200w, https:\/\/tvtecjundiai.com.br\/news\/wp-content\/uploads\/sites\/2\/2023\/09\/musica_historias_teatro_polytheama-1-300x200.jpg 300w, https:\/\/tvtecjundiai.com.br\/news\/wp-content\/uploads\/sites\/2\/2023\/09\/musica_historias_teatro_polytheama-1-768x512.jpg 768w, https:\/\/tvtecjundiai.com.br\/news\/wp-content\/uploads\/sites\/2\/2023\/09\/musica_historias_teatro_polytheama-1.jpg 1280w\" sizes=\"auto, (max-width: 1200px) 100vw, 1200px\" \/><figcaption class=\"wp-element-caption\">Edi\u00e7\u00e3o de setembro do M\u00fasica &amp; Hist\u00f3rias ser\u00e1 uma homenagem pelos 65 anos da Bossa Nova<\/figcaption><\/figure>\n<\/div>\n\n\n<p>Para esta edi\u00e7\u00e3o, o repert\u00f3rio musical ficar\u00e1 a cargo de Shirley Esp\u00edndola (voz), Cah\u00ea Boldrini (contrabaixo), D\u00f4 de Carvalho (saxofone e flauta), Renato Lanza (bateria), Sandro Rosa (guitarra e viol\u00e3o) e Thiago Louren\u00e7o (piano).<\/p>\n\n\n\n<p>J\u00e1 o elenco teatral desta vez ser\u00e1 com a Atuar\u00e1 Escola de Teatro, sob a dire\u00e7\u00e3o de T\u00e1bata Makowiski, ser\u00e1 composto por Gabriela Moreira, Iara Malta, Igor Jorge, J\u00falia Jorge, Manuela Pfundstein, Maria Eduarda Braga, Maria Eduarda Nhoqui, Ol\u00edvia Ribeiro, Pietro Pequini e Safira Valle.<\/p>\n\n\n\n<p>E a Dan\u00e7a ficar\u00e1 por conta dos bailarinos da IOA Escola de Dan\u00e7a, que se apresentam sob a dire\u00e7\u00e3o de Luana Esp\u00edndola. O elenco desta apresenta\u00e7\u00e3o ter\u00e1 Alice F\u00e9lix, Bia Peroni, Gabriela Faria, Isabella Romero, Maria Eduarda Souza, Marina Bueno, Marina Caffagni, Melissa Contesini e Ol\u00edvia Rodrigues.<\/p>\n\n\n\n<p>Esta edi\u00e7\u00e3o contar\u00e1 ainda com tradu\u00e7\u00e3o simult\u00e2nea em L\u00edngua Brasileira de Sinais (Libras).<\/p>\n\n\n\n<p>A distribui\u00e7\u00e3o dos ingressos gratuitos para o espet\u00e1culo come\u00e7a \u00e0s 10h30 desta quarta-feira (27), tanto na bilheteria do Teatro quanto&nbsp;<a href=\"https:\/\/bileto.sympla.com.br\/event\/86526\/d\/214481\/s\/1446285\" target=\"_blank\" rel=\"noreferrer noopener\">pela internet, por meio da plataforma Sympla<\/a>. Cada interessado pode retirar at\u00e9 dois ingressos.<\/p>\n\n\n\n<p>O Teatro Polytheama fica na rua Bar\u00e3o de Jundia\u00ed, 176 \u2013 Centro. Mais informa\u00e7\u00f5es pelo telefone 4586-2472.<\/p>\n\n\n\n<div class=\"wp-block-columns is-layout-flex wp-container-core-columns-is-layout-9d6595d7 wp-block-columns-is-layout-flex\">\n<div class=\"wp-block-column is-layout-flow wp-block-column-is-layout-flow\" style=\"flex-basis:100%\">\n<figure class=\"wp-block-gallery has-nested-images columns-default is-cropped wp-block-gallery-1 is-layout-flex wp-block-gallery-is-layout-flex\">\n<figure class=\"wp-block-image size-large\"><img loading=\"lazy\" decoding=\"async\" width=\"400\" height=\"400\" data-id=\"115091\" src=\"https:\/\/tvtecjundiai.com.br\/news\/wp-content\/uploads\/sites\/2\/2023\/09\/cahe_boldrini_1-1.jpg\" alt=\"\" class=\"wp-image-115091\" srcset=\"https:\/\/tvtecjundiai.com.br\/news\/wp-content\/uploads\/sites\/2\/2023\/09\/cahe_boldrini_1-1.jpg 400w, https:\/\/tvtecjundiai.com.br\/news\/wp-content\/uploads\/sites\/2\/2023\/09\/cahe_boldrini_1-1-300x300.jpg 300w, https:\/\/tvtecjundiai.com.br\/news\/wp-content\/uploads\/sites\/2\/2023\/09\/cahe_boldrini_1-1-100x100.jpg 100w\" sizes=\"auto, (max-width: 400px) 100vw, 400px\" \/><figcaption class=\"wp-element-caption\">Cah\u00ea Boldrini (contrabaixo)<\/figcaption><\/figure>\n\n\n\n<figure class=\"wp-block-image size-large\"><img loading=\"lazy\" decoding=\"async\" width=\"400\" height=\"400\" data-id=\"115089\" src=\"https:\/\/tvtecjundiai.com.br\/news\/wp-content\/uploads\/sites\/2\/2023\/09\/do_carvalho_1-1.jpg\" alt=\"\" class=\"wp-image-115089\" srcset=\"https:\/\/tvtecjundiai.com.br\/news\/wp-content\/uploads\/sites\/2\/2023\/09\/do_carvalho_1-1.jpg 400w, https:\/\/tvtecjundiai.com.br\/news\/wp-content\/uploads\/sites\/2\/2023\/09\/do_carvalho_1-1-300x300.jpg 300w, https:\/\/tvtecjundiai.com.br\/news\/wp-content\/uploads\/sites\/2\/2023\/09\/do_carvalho_1-1-100x100.jpg 100w\" sizes=\"auto, (max-width: 400px) 100vw, 400px\" \/><figcaption class=\"wp-element-caption\">D\u00f4 de Carvalho (saxofone e flauta)<\/figcaption><\/figure>\n\n\n\n<figure class=\"wp-block-image size-large\"><img loading=\"lazy\" decoding=\"async\" width=\"400\" height=\"400\" data-id=\"115090\" src=\"https:\/\/tvtecjundiai.com.br\/news\/wp-content\/uploads\/sites\/2\/2023\/09\/shirley_espindola_1-3.jpg\" alt=\"\" class=\"wp-image-115090\" srcset=\"https:\/\/tvtecjundiai.com.br\/news\/wp-content\/uploads\/sites\/2\/2023\/09\/shirley_espindola_1-3.jpg 400w, https:\/\/tvtecjundiai.com.br\/news\/wp-content\/uploads\/sites\/2\/2023\/09\/shirley_espindola_1-3-300x300.jpg 300w, https:\/\/tvtecjundiai.com.br\/news\/wp-content\/uploads\/sites\/2\/2023\/09\/shirley_espindola_1-3-100x100.jpg 100w\" sizes=\"auto, (max-width: 400px) 100vw, 400px\" \/><figcaption class=\"wp-element-caption\">Shirley Esp\u00edndol(voz)<\/figcaption><\/figure>\n<\/figure>\n<\/div>\n<\/div>\n\n\n\n<figure class=\"wp-block-gallery has-nested-images columns-default is-cropped wp-block-gallery-2 is-layout-flex wp-block-gallery-is-layout-flex\">\n<figure class=\"wp-block-image size-large\"><img loading=\"lazy\" decoding=\"async\" width=\"400\" height=\"400\" data-id=\"115105\" src=\"https:\/\/tvtecjundiai.com.br\/news\/wp-content\/uploads\/sites\/2\/2023\/09\/renato_lanza_1-2.jpg\" alt=\"\" class=\"wp-image-115105\" srcset=\"https:\/\/tvtecjundiai.com.br\/news\/wp-content\/uploads\/sites\/2\/2023\/09\/renato_lanza_1-2.jpg 400w, https:\/\/tvtecjundiai.com.br\/news\/wp-content\/uploads\/sites\/2\/2023\/09\/renato_lanza_1-2-300x300.jpg 300w, https:\/\/tvtecjundiai.com.br\/news\/wp-content\/uploads\/sites\/2\/2023\/09\/renato_lanza_1-2-100x100.jpg 100w\" sizes=\"auto, (max-width: 400px) 100vw, 400px\" \/><figcaption class=\"wp-element-caption\">Renato Lanza (bateria)<\/figcaption><\/figure>\n\n\n\n<figure class=\"wp-block-image size-large\"><img loading=\"lazy\" decoding=\"async\" width=\"400\" height=\"400\" data-id=\"115104\" src=\"https:\/\/tvtecjundiai.com.br\/news\/wp-content\/uploads\/sites\/2\/2023\/09\/sandro_rosa_1-1-3.jpg\" alt=\"\" class=\"wp-image-115104\" srcset=\"https:\/\/tvtecjundiai.com.br\/news\/wp-content\/uploads\/sites\/2\/2023\/09\/sandro_rosa_1-1-3.jpg 400w, https:\/\/tvtecjundiai.com.br\/news\/wp-content\/uploads\/sites\/2\/2023\/09\/sandro_rosa_1-1-3-300x300.jpg 300w, https:\/\/tvtecjundiai.com.br\/news\/wp-content\/uploads\/sites\/2\/2023\/09\/sandro_rosa_1-1-3-100x100.jpg 100w\" sizes=\"auto, (max-width: 400px) 100vw, 400px\" \/><figcaption class=\"wp-element-caption\">Sandro Rosa (guitarra e viol\u00e3o)<\/figcaption><\/figure>\n\n\n\n<figure class=\"wp-block-image size-large\"><img loading=\"lazy\" decoding=\"async\" width=\"400\" height=\"400\" data-id=\"115106\" src=\"https:\/\/tvtecjundiai.com.br\/news\/wp-content\/uploads\/sites\/2\/2023\/09\/thiago_lourenco_1-3.jpg\" alt=\"\" class=\"wp-image-115106\" srcset=\"https:\/\/tvtecjundiai.com.br\/news\/wp-content\/uploads\/sites\/2\/2023\/09\/thiago_lourenco_1-3.jpg 400w, https:\/\/tvtecjundiai.com.br\/news\/wp-content\/uploads\/sites\/2\/2023\/09\/thiago_lourenco_1-3-300x300.jpg 300w, https:\/\/tvtecjundiai.com.br\/news\/wp-content\/uploads\/sites\/2\/2023\/09\/thiago_lourenco_1-3-100x100.jpg 100w\" sizes=\"auto, (max-width: 400px) 100vw, 400px\" \/><figcaption class=\"wp-element-caption\">Thiago Louren\u00e7o (piano)<\/figcaption><\/figure>\n<\/figure>\n\n\n\n<figure class=\"wp-block-gallery has-nested-images columns-default is-cropped wp-block-gallery-3 is-layout-flex wp-block-gallery-is-layout-flex\">\n<figure class=\"wp-block-image size-large\"><img loading=\"lazy\" decoding=\"async\" width=\"400\" height=\"400\" data-id=\"115107\" src=\"https:\/\/tvtecjundiai.com.br\/news\/wp-content\/uploads\/sites\/2\/2023\/09\/atuara_1-3.jpg\" alt=\"\" class=\"wp-image-115107\" srcset=\"https:\/\/tvtecjundiai.com.br\/news\/wp-content\/uploads\/sites\/2\/2023\/09\/atuara_1-3.jpg 400w, https:\/\/tvtecjundiai.com.br\/news\/wp-content\/uploads\/sites\/2\/2023\/09\/atuara_1-3-300x300.jpg 300w, https:\/\/tvtecjundiai.com.br\/news\/wp-content\/uploads\/sites\/2\/2023\/09\/atuara_1-3-100x100.jpg 100w\" sizes=\"auto, (max-width: 400px) 100vw, 400px\" \/><figcaption class=\"wp-element-caption\">Atuar\u00e1 Escola de Teatro<\/figcaption><\/figure>\n\n\n\n<figure class=\"wp-block-image size-large\"><img loading=\"lazy\" decoding=\"async\" width=\"400\" height=\"400\" data-id=\"115108\" src=\"https:\/\/tvtecjundiai.com.br\/news\/wp-content\/uploads\/sites\/2\/2023\/09\/ioa_1-4.jpg\" alt=\"\" class=\"wp-image-115108\" srcset=\"https:\/\/tvtecjundiai.com.br\/news\/wp-content\/uploads\/sites\/2\/2023\/09\/ioa_1-4.jpg 400w, https:\/\/tvtecjundiai.com.br\/news\/wp-content\/uploads\/sites\/2\/2023\/09\/ioa_1-4-300x300.jpg 300w, https:\/\/tvtecjundiai.com.br\/news\/wp-content\/uploads\/sites\/2\/2023\/09\/ioa_1-4-100x100.jpg 100w\" sizes=\"auto, (max-width: 400px) 100vw, 400px\" \/><figcaption class=\"wp-element-caption\">IOA Escola de Dan\u00e7a<\/figcaption><\/figure>\n<\/figure>\n\n\n\n<p><strong><em>Fonte \/ Imagem: Prefeitura de Jundia\u00ed<\/em><\/strong><\/p>\n","protected":false},"excerpt":{"rendered":"<p>O espet\u00e1culo est\u00e1 marcado para a pr\u00f3xima quinta-feira (28), \u00e0s 19h30.<\/p>\n","protected":false},"author":34,"featured_media":115078,"comment_status":"closed","ping_status":"0","sticky":false,"template":"","format":"standard","meta":{"footnotes":""},"categories":[1],"tags":[],"class_list":["post-115077","post","type-post","status-publish","format-standard","has-post-thumbnail","hentry","category-noticias"],"_links":{"self":[{"href":"https:\/\/tvtecjundiai.com.br\/news\/wp-json\/wp\/v2\/posts\/115077","targetHints":{"allow":["GET"]}}],"collection":[{"href":"https:\/\/tvtecjundiai.com.br\/news\/wp-json\/wp\/v2\/posts"}],"about":[{"href":"https:\/\/tvtecjundiai.com.br\/news\/wp-json\/wp\/v2\/types\/post"}],"author":[{"embeddable":true,"href":"https:\/\/tvtecjundiai.com.br\/news\/wp-json\/wp\/v2\/users\/34"}],"replies":[{"embeddable":true,"href":"https:\/\/tvtecjundiai.com.br\/news\/wp-json\/wp\/v2\/comments?post=115077"}],"version-history":[{"count":2,"href":"https:\/\/tvtecjundiai.com.br\/news\/wp-json\/wp\/v2\/posts\/115077\/revisions"}],"predecessor-version":[{"id":115109,"href":"https:\/\/tvtecjundiai.com.br\/news\/wp-json\/wp\/v2\/posts\/115077\/revisions\/115109"}],"wp:featuredmedia":[{"embeddable":true,"href":"https:\/\/tvtecjundiai.com.br\/news\/wp-json\/wp\/v2\/media\/115078"}],"wp:attachment":[{"href":"https:\/\/tvtecjundiai.com.br\/news\/wp-json\/wp\/v2\/media?parent=115077"}],"wp:term":[{"taxonomy":"category","embeddable":true,"href":"https:\/\/tvtecjundiai.com.br\/news\/wp-json\/wp\/v2\/categories?post=115077"},{"taxonomy":"post_tag","embeddable":true,"href":"https:\/\/tvtecjundiai.com.br\/news\/wp-json\/wp\/v2\/tags?post=115077"}],"curies":[{"name":"wp","href":"https:\/\/api.w.org\/{rel}","templated":true}]}}