{"id":1153,"date":"2017-09-28T10:52:54","date_gmt":"2017-09-28T13:52:54","guid":{"rendered":"https:\/\/tvtecjundiai.com.br\/news\/?p=1153"},"modified":"2017-09-28T10:52:54","modified_gmt":"2017-09-28T13:52:54","slug":"saude-prevencao-ao-cancer-de-mama-deve-acontecer-o-ano-inteiro","status":"publish","type":"post","link":"https:\/\/tvtecjundiai.com.br\/news\/2017\/09\/28\/saude-prevencao-ao-cancer-de-mama-deve-acontecer-o-ano-inteiro\/","title":{"rendered":"Sa\u00fade: preven\u00e7\u00e3o ao c\u00e2ncer de mama deve acontecer o ano inteiro"},"content":{"rendered":"<p>A partir do dia 1 de Outubro ser\u00e1 iniciada a campanha Outubro Rosa de preven\u00e7\u00e3o ao c\u00e2ncer de mama. A doen\u00e7a, quando detectada precocemente, tem 88% de chances de cura. Apesar de a porcentagem positiva, existe a resist\u00eancia entre as mulheres em realizar a mamografia, principal exame para a detec\u00e7\u00e3o de altera\u00e7\u00e3o nos \u00f3rg\u00e3os.<\/p>\n<div id=\"attachment_1154\" style=\"width: 453px\" class=\"wp-caption alignright\"><a href=\"https:\/\/tvtecjundiai.com.br\/news\/wp-content\/uploads\/sites\/2\/2017\/09\/outubro-rosa1.jpg\"><img loading=\"lazy\" decoding=\"async\" aria-describedby=\"caption-attachment-1154\" class=\"wp-image-1154 \" src=\"https:\/\/tvtecjundiai.com.br\/news\/wp-content\/uploads\/sites\/2\/2017\/09\/outubro-rosa1-300x200.jpg\" alt=\"\" width=\"443\" height=\"295\" srcset=\"https:\/\/tvtecjundiai.com.br\/news\/wp-content\/uploads\/sites\/2\/2017\/09\/outubro-rosa1-300x200.jpg 300w, https:\/\/tvtecjundiai.com.br\/news\/wp-content\/uploads\/sites\/2\/2017\/09\/outubro-rosa1-768x512.jpg 768w, https:\/\/tvtecjundiai.com.br\/news\/wp-content\/uploads\/sites\/2\/2017\/09\/outubro-rosa1-1200x801.jpg 1200w, https:\/\/tvtecjundiai.com.br\/news\/wp-content\/uploads\/sites\/2\/2017\/09\/outubro-rosa1.jpg 1280w\" sizes=\"auto, (max-width: 443px) 100vw, 443px\" \/><\/a><p id=\"caption-attachment-1154\" class=\"wp-caption-text\">Preven\u00e7\u00e3o ao c\u00e2ncer de mama deve ser prioridade o ano inteiro<\/p><\/div>\n<p>A Unidade de Gest\u00e3o de Promo\u00e7\u00e3o da Sa\u00fade (UGPS), no entanto, registrou sobra de 570 vagas,\u00a0por m\u00eas, para o exame no primeiro semestre deste ano.\u00a0No ano passado foram registrados 165 novos casos de c\u00e2ncer de mama entre as mulheres em idade f\u00e9rtil. At\u00e9 maio de 2017, 60 novos casos da doen\u00e7a foram registrados na rede p\u00fablica municipal.<\/p>\n<p><strong>LEIA TAMB\u00c9M:<\/strong><br \/>\n<strong><a href=\"https:\/\/tvtecjundiai.com.br\/news\/2017\/09\/27\/educacao-vencedores-da-olimpiada-de-redacao-serao-conhecidos-sexta-29\/\" target=\"_blank\" rel=\"noopener\">Educa\u00e7\u00e3o: vencedores da Olimp\u00edada de Reda\u00e7\u00e3o ser\u00e3o conhecidos sexta (29)<\/a><\/strong><\/p>\n<p>De acordo com dados da UGPS, no ano passado deixaram de ser agendados 1.555 mamografias no ano. Somente nos meses de outubro e novembro, por conta dos eventos relacionado com o tema, a quantidade de agendamentos aumentou. \u201cEm 2016, nesse per\u00edodo, foram realizados 5.253 mamografias. Isso significa o dobro do que foi realizado nos demais meses do ano\u201d, analisa a diretora.\u201cA realiza\u00e7\u00e3o da mamografia \u00e9 o principal exame para identifica\u00e7\u00e3o da doen\u00e7a. O autoexame somente detecta n\u00f3dulos a partir de um cent\u00edmetro. A precocidade \u00e9 fundamental para as chances de cura. Apesar de estar dispon\u00edvel gratuitamente, sobram vagas para os exames na rede\u201d, detalha a diretora do Departamento de Aten\u00e7\u00e3o B\u00e1sica \u00e0 Sa\u00fade, Viviane dos Santos Vacchi.\u00a0A solicita\u00e7\u00e3o do exame pode ser feita sem a necessidade de uma consulta. Basta solicitar o agendamento na\u00a0Unidades B\u00e1sicas de Sa\u00fade (UBS) do bairro.<\/p>\n<p><strong>Preven\u00e7\u00e3o<\/strong><br \/>\nA abertura das comemora\u00e7\u00f5es ao Outubro Rosa acontece no domingo (1), no Parque da Cidade, com atividades esportivas e exames. Pela UPGS, cada UBS prepara atividades espec\u00edficas para detalhar o tema. Na UBS Esplanada, dia 5, ser\u00e3o realizadas a\u00e7\u00f5es no\u00a0CECE Avelino Macedo, a partir das 8h30, com distribui\u00e7\u00e3o de\u00a0la\u00e7os cor de rosa, atividade f\u00edsica, palestra sobre Preven\u00e7\u00e3o do C\u00e2ncer de Mama\u201d, caf\u00e9 da manh\u00e3, sorteio de prendas confeccionadas pelo Grupo M\u00e3os Arteiras e encerramento com o Mestre de Bateria da Escola de Samba \u201cLe\u00f5es da Vila Hortol\u00e2ndia\u201d \u2013 S\u00e9rgio Augusto da Concei\u00e7\u00e3o.<\/p>\n<p>\u201cEvitar o tabagismo, realizar atividades f\u00edsicas, evitar consumir bebidas alco\u00f3lica e manter uma alimenta\u00e7\u00e3o saud\u00e1vel s\u00e3o a\u00e7\u00f5es de preven\u00e7\u00e3o a\u00e7\u00f5es de preven\u00e7\u00e3o ao c\u00e2ncer de mama. Para as mulheres com casos da doen\u00e7a na fam\u00edlia, os cuidados devem ser redobrados\u201d, detalha a ginecologista da rede Anna Rachel di Giacomo.<\/p>\n","protected":false},"excerpt":{"rendered":"<p>Com foco na preven\u00e7\u00e3o e combate \u00e0 doen\u00e7a, Outubro Rosa inicia no domingo<\/p>\n","protected":false},"author":6,"featured_media":1154,"comment_status":"closed","ping_status":"closed","sticky":false,"template":"","format":"standard","meta":{"footnotes":""},"categories":[1],"tags":[670,629,671,5,622,669,6,672],"class_list":["post-1153","post","type-post","status-publish","format-standard","has-post-thumbnail","hentry","category-noticias","tag-cancer","tag-cancer-de-mama","tag-departamento-de-atencao-basica-a-saude","tag-jundiai","tag-outubro-rosa","tag-prevencao","tag-saude","tag-viviane-dos-santos-vacchi"],"_links":{"self":[{"href":"https:\/\/tvtecjundiai.com.br\/news\/wp-json\/wp\/v2\/posts\/1153","targetHints":{"allow":["GET"]}}],"collection":[{"href":"https:\/\/tvtecjundiai.com.br\/news\/wp-json\/wp\/v2\/posts"}],"about":[{"href":"https:\/\/tvtecjundiai.com.br\/news\/wp-json\/wp\/v2\/types\/post"}],"author":[{"embeddable":true,"href":"https:\/\/tvtecjundiai.com.br\/news\/wp-json\/wp\/v2\/users\/6"}],"replies":[{"embeddable":true,"href":"https:\/\/tvtecjundiai.com.br\/news\/wp-json\/wp\/v2\/comments?post=1153"}],"version-history":[{"count":2,"href":"https:\/\/tvtecjundiai.com.br\/news\/wp-json\/wp\/v2\/posts\/1153\/revisions"}],"predecessor-version":[{"id":1157,"href":"https:\/\/tvtecjundiai.com.br\/news\/wp-json\/wp\/v2\/posts\/1153\/revisions\/1157"}],"wp:featuredmedia":[{"embeddable":true,"href":"https:\/\/tvtecjundiai.com.br\/news\/wp-json\/wp\/v2\/media\/1154"}],"wp:attachment":[{"href":"https:\/\/tvtecjundiai.com.br\/news\/wp-json\/wp\/v2\/media?parent=1153"}],"wp:term":[{"taxonomy":"category","embeddable":true,"href":"https:\/\/tvtecjundiai.com.br\/news\/wp-json\/wp\/v2\/categories?post=1153"},{"taxonomy":"post_tag","embeddable":true,"href":"https:\/\/tvtecjundiai.com.br\/news\/wp-json\/wp\/v2\/tags?post=1153"}],"curies":[{"name":"wp","href":"https:\/\/api.w.org\/{rel}","templated":true}]}}