{"id":11538,"date":"2018-06-04T11:36:42","date_gmt":"2018-06-04T14:36:42","guid":{"rendered":"https:\/\/tvtecjundiai.com.br\/news\/?p=11538"},"modified":"2018-06-04T11:46:19","modified_gmt":"2018-06-04T14:46:19","slug":"vacina-contra-gripe-sera-estendida-para-os-grupos-prioritarios","status":"publish","type":"post","link":"https:\/\/tvtecjundiai.com.br\/news\/2018\/06\/04\/vacina-contra-gripe-sera-estendida-para-os-grupos-prioritarios\/","title":{"rendered":"Vacina contra gripe ser\u00e1 estendida para os grupos priorit\u00e1rios"},"content":{"rendered":"<div id=\"attachment_11539\" style=\"width: 410px\" class=\"wp-caption alignright\"><a href=\"https:\/\/tvtecjundiai.com.br\/news\/wp-content\/uploads\/sites\/2\/2018\/06\/gd_260418160315_dia_26__vacina_gripe_doencas_cronicas_jpg.jpg\"><img loading=\"lazy\" decoding=\"async\" aria-describedby=\"caption-attachment-11539\" class=\"wp-image-11539\" src=\"https:\/\/tvtecjundiai.com.br\/news\/wp-content\/uploads\/sites\/2\/2018\/06\/gd_260418160315_dia_26__vacina_gripe_doencas_cronicas_jpg-300x169.jpg\" alt=\"\" width=\"400\" height=\"225\" srcset=\"https:\/\/tvtecjundiai.com.br\/news\/wp-content\/uploads\/sites\/2\/2018\/06\/gd_260418160315_dia_26__vacina_gripe_doencas_cronicas_jpg-300x169.jpg 300w, https:\/\/tvtecjundiai.com.br\/news\/wp-content\/uploads\/sites\/2\/2018\/06\/gd_260418160315_dia_26__vacina_gripe_doencas_cronicas_jpg-768x432.jpg 768w, https:\/\/tvtecjundiai.com.br\/news\/wp-content\/uploads\/sites\/2\/2018\/06\/gd_260418160315_dia_26__vacina_gripe_doencas_cronicas_jpg.jpg 860w\" sizes=\"auto, (max-width: 400px) 100vw, 400px\" \/><\/a><p id=\"caption-attachment-11539\" class=\"wp-caption-text\">Apenas 39,45% das crian\u00e7as foram vacinadas<\/p><\/div>\n<p>A campanha de vacina contra gripe foi ampliada at\u00e9 o pr\u00f3ximo dia 15. Jundia\u00ed imunizou, at\u00e9 o dia 24 de maio, 56,57% da popula\u00e7\u00e3o priorizada pelo Minist\u00e9rio da Sa\u00fade (MS). A amplia\u00e7\u00e3o do prazo para a imuniza\u00e7\u00e3o se d\u00e1 pela baixa ades\u00e3o, principalmente entre as crian\u00e7as com mais de seis meses e menores de 5 anos. As Unidades B\u00e1sicas de Sa\u00fade (UBSs) atendem normalmente de segunda a sexta-feira para a imuniza\u00e7\u00e3o da popula\u00e7\u00e3o.<\/p>\n<p>De acordo com a diretora de Vigil\u00e2ncia em Sa\u00fade, Fauzia Abou Abbas Raiza, a amplia\u00e7\u00e3o do prazo da oferta se dar\u00e1 enquanto houver estoques dispon\u00edveis. \u201cA vacina para os grupos priorit\u00e1rios formados por crian\u00e7as entre seis meses e menores de cinco anos, idosos, gestantes, pu\u00e9rperas e doentes cr\u00f4nicos, professores e profissionais da sa\u00fade, continua a ser ofertada, lembrando que a meta para a imuniza\u00e7\u00e3o deste p\u00fablico \u00e9 de 90%. Ainda temos baixa ades\u00e3o em um per\u00edodo de queda de temperaturas\u201d, detalha a diretora.<\/p>\n<p>Segundo dados da Vigil\u00e2ncia Epidemiol\u00f3gica (VE), a cobertura vacinal teve modifica\u00e7\u00f5es em rela\u00e7\u00e3o ao balan\u00e7o anterior. Os idosos, que at\u00e9 o dia 16 lideravam a imuniza\u00e7\u00e3o, foram superados por pu\u00e9rperas, com 110% de imuniza\u00e7\u00e3o, e Trabalhadores em Sa\u00fade, com 89,71%. Somando todas as categorias, a cidade registra 56,57% de imuniza\u00e7\u00e3o.<\/p>\n<p>\u201cAs crian\u00e7as continuam com a menor imuniza\u00e7\u00e3o, com apenas 39,45%. Os pais e respons\u00e1veis devem se atentar para a vacina dos pequenos, j\u00e1 que os dias frios chegaram e os ambientes ficam mais fechados, situa\u00e7\u00e3o que possibilita a transmiss\u00e3o do v\u00edrus\u201d, detalha a enfermeira da VE, Maria do Carmo Possidente.<\/p>\n<p><em><strong>Fonte: Prefeitura de Jundia\u00ed<\/strong><\/em><\/p>\n","protected":false},"excerpt":{"rendered":"<p>Amplia\u00e7\u00e3o do prazo para a imuniza\u00e7\u00e3o se d\u00e1 pela baixa ades\u00e3o <\/p>\n","protected":false},"author":10,"featured_media":11539,"comment_status":"closed","ping_status":"closed","sticky":false,"template":"","format":"standard","meta":{"footnotes":""},"categories":[2834,29,2839],"tags":[5,15,3329],"class_list":["post-11538","post","type-post","status-publish","format-standard","has-post-thumbnail","hentry","category-cidades","category-destaque","category-saude","tag-jundiai","tag-tvtec","tag-vacina-gripe"],"_links":{"self":[{"href":"https:\/\/tvtecjundiai.com.br\/news\/wp-json\/wp\/v2\/posts\/11538","targetHints":{"allow":["GET"]}}],"collection":[{"href":"https:\/\/tvtecjundiai.com.br\/news\/wp-json\/wp\/v2\/posts"}],"about":[{"href":"https:\/\/tvtecjundiai.com.br\/news\/wp-json\/wp\/v2\/types\/post"}],"author":[{"embeddable":true,"href":"https:\/\/tvtecjundiai.com.br\/news\/wp-json\/wp\/v2\/users\/10"}],"replies":[{"embeddable":true,"href":"https:\/\/tvtecjundiai.com.br\/news\/wp-json\/wp\/v2\/comments?post=11538"}],"version-history":[{"count":3,"href":"https:\/\/tvtecjundiai.com.br\/news\/wp-json\/wp\/v2\/posts\/11538\/revisions"}],"predecessor-version":[{"id":11542,"href":"https:\/\/tvtecjundiai.com.br\/news\/wp-json\/wp\/v2\/posts\/11538\/revisions\/11542"}],"wp:featuredmedia":[{"embeddable":true,"href":"https:\/\/tvtecjundiai.com.br\/news\/wp-json\/wp\/v2\/media\/11539"}],"wp:attachment":[{"href":"https:\/\/tvtecjundiai.com.br\/news\/wp-json\/wp\/v2\/media?parent=11538"}],"wp:term":[{"taxonomy":"category","embeddable":true,"href":"https:\/\/tvtecjundiai.com.br\/news\/wp-json\/wp\/v2\/categories?post=11538"},{"taxonomy":"post_tag","embeddable":true,"href":"https:\/\/tvtecjundiai.com.br\/news\/wp-json\/wp\/v2\/tags?post=11538"}],"curies":[{"name":"wp","href":"https:\/\/api.w.org\/{rel}","templated":true}]}}