{"id":115395,"date":"2023-10-02T10:04:15","date_gmt":"2023-10-02T13:04:15","guid":{"rendered":"https:\/\/tvtecjundiai.com.br\/news\/?p=115395"},"modified":"2023-10-02T14:49:54","modified_gmt":"2023-10-02T17:49:54","slug":"encontro-de-corais-chega-a-sua-34-edicao-com-apresentacoes-e-oficinas-gratuitas","status":"publish","type":"post","link":"https:\/\/tvtecjundiai.com.br\/news\/2023\/10\/02\/encontro-de-corais-chega-a-sua-34-edicao-com-apresentacoes-e-oficinas-gratuitas\/","title":{"rendered":"Encontro de Corais de Jundia\u00ed chega \u00e0 sua 34\u00aa edi\u00e7\u00e3o, com apresenta\u00e7\u00f5es e oficinas gratuitas"},"content":{"rendered":"\n<p>O tradicional&nbsp;<a href=\"https:\/\/cultura.jundiai.sp.gov.br\/encontrodecorais\/\" target=\"_blank\" rel=\"noreferrer noopener\">Encontro de Corais de Jundia\u00ed chega este ano \u00e0 sua 34\u00aa edi\u00e7\u00e3o<\/a>, com uma s\u00e9rie de apresenta\u00e7\u00f5es e atividades tem\u00e1ticas propostas pela Unidade de Gest\u00e3o de Cultura de Jundia\u00ed. A programa\u00e7\u00e3o tem entrada gratuita e ser\u00e1 realizada entre os dias 05 e 22 de outubro.<\/p>\n\n\n\n<p>Esta edi\u00e7\u00e3o contar\u00e1 com a participa\u00e7\u00e3o de cerca de 500 coralistas, de 39 diferentes corais, de Jundia\u00ed e diversos munic\u00edpios paulistas. Tamb\u00e9m participam o Coral Infantojuvenil Cidade das Crian\u00e7as e o Coral Municipal de Jundia\u00ed adulto, corpos art\u00edsticos municipais, e, como convidados o Coral Heli\u00f3polis, do Instituto Baccarelli de S\u00e3o Paulo, e o Coral Unifesp, da Universidade Federal de S\u00e3o Paulo.<\/p>\n\n\n\n<p>Al\u00e9m do Teatro Polytheama e do Espa\u00e7o Expressa (antigo Complexo Fepasa), as apresenta\u00e7\u00f5es este ano tamb\u00e9m ser\u00e3o realizadas na Catedral Nossa Senhora do Desterro (Igreja Matriz), na Par\u00f3quia Santa Teresinha do Menino Jesus (vila Liberdade) e na Emeb Professor Luiz Biela de Souza (jardim Santa Gertrudes).<\/p>\n\n\n<div class=\"wp-block-image\">\n<figure class=\"aligncenter\"><img decoding=\"async\" src=\"https:\/\/jundiai.sp.gov.br\/noticias\/wp-content\/uploads\/sites\/32\/2023\/09\/33-encontro-de-corais-show-musical-com-o-coral-infanto-juvenil-cidade-das-criancas-e-o-grupo-tiqueque_fm_-88-1280x854.jpg\" alt=\"\" class=\"wp-image-328156\" \/><figcaption class=\"wp-element-caption\">Coral Infantojuvenil Cidade das Crian\u00e7as (foto) e o Coral Municipal de Jundia\u00ed tamb\u00e9m participam da programa\u00e7\u00e3o<\/figcaption><\/figure>\n<\/div>\n\n\n<p><strong>Oficinas<\/strong><br>Al\u00e9m das apresenta\u00e7\u00f5es com os corais inscritos e convidados, a&nbsp;<a href=\"https:\/\/cultura.jundiai.sp.gov.br\/encontrodecorais\/oficinas-e-workshops\/\" target=\"_blank\" rel=\"noreferrer noopener\">programa\u00e7\u00e3o contar\u00e1 ainda com duas oficinas tem\u00e1ticas<\/a>, ambas no Espa\u00e7o Expressa (antigo Complexo Fepasa). Os interessados devem realizar inscri\u00e7\u00e3o pr\u00e9via, por meio de formul\u00e1rio on-line, com sele\u00e7\u00e3o por ordem de inscri\u00e7\u00e3o.<\/p>\n\n\n\n<p>No dia 07 de outubro (s\u00e1bado), das 14h \u00e0s 15h30, ser\u00e1 realizada a oficina \u201cLeitura de repert\u00f3rio para cantores e regentes\u201d, com orienta\u00e7\u00e3o de Isabela Sekeff. A oficina \u00e9 voltada para maiores de 14 anos e&nbsp;<a href=\"https:\/\/docs.google.com\/forms\/d\/e\/1FAIpQLScAJ2DSwtrWy9g-nNAvm0pVSztoOugAiO03DQ2aUhzOGKWZkA\/viewform\" target=\"_blank\" rel=\"noreferrer noopener\">as inscri\u00e7\u00f5es v\u00e3o at\u00e9 o dia 05 de outubro<\/a>.<\/p>\n\n\n\n<p>J\u00e1 no dia 21 de outubro (s\u00e1bado), Silmara Drezza promove, das 14h \u00e0s 16h, a oficina para coros infantis \u201cAfinando corpo e a voz: uma experi\u00eancia do cantar de uma forma l\u00fadica e divertida\u201d. A atividade \u00e9 voltada para crian\u00e7as de oito a 12 anos, que&nbsp;<a rel=\"noreferrer noopener\" href=\"https:\/\/docs.google.com\/forms\/d\/e\/1FAIpQLSerX1tmSJIbPieKTnlM1YHg8wGt8RMO3GnhL2Tema0Ytud4DA\/viewform\" target=\"_blank\">podem se inscrever at\u00e9 o dia 18 de outubro<\/a>.<\/p>\n\n\n\n<p><strong><em>Fonte\/Imagem: Prefeitura de Jundia\u00ed<\/em><\/strong><\/p>\n","protected":false},"excerpt":{"rendered":"<p>Coral Infantojuvenil Cidade das Crian\u00e7as (foto) e o Coral Municipal de Jundia\u00ed tamb\u00e9m participam da programa\u00e7\u00e3o<\/p>\n","protected":false},"author":24,"featured_media":115396,"comment_status":"closed","ping_status":"0","sticky":false,"template":"","format":"standard","meta":{"footnotes":""},"categories":[2833,8356,1],"tags":[],"class_list":["post-115395","post","type-post","status-publish","format-standard","has-post-thumbnail","hentry","category-cultura","category-jundiai","category-noticias"],"_links":{"self":[{"href":"https:\/\/tvtecjundiai.com.br\/news\/wp-json\/wp\/v2\/posts\/115395","targetHints":{"allow":["GET"]}}],"collection":[{"href":"https:\/\/tvtecjundiai.com.br\/news\/wp-json\/wp\/v2\/posts"}],"about":[{"href":"https:\/\/tvtecjundiai.com.br\/news\/wp-json\/wp\/v2\/types\/post"}],"author":[{"embeddable":true,"href":"https:\/\/tvtecjundiai.com.br\/news\/wp-json\/wp\/v2\/users\/24"}],"replies":[{"embeddable":true,"href":"https:\/\/tvtecjundiai.com.br\/news\/wp-json\/wp\/v2\/comments?post=115395"}],"version-history":[{"count":2,"href":"https:\/\/tvtecjundiai.com.br\/news\/wp-json\/wp\/v2\/posts\/115395\/revisions"}],"predecessor-version":[{"id":115426,"href":"https:\/\/tvtecjundiai.com.br\/news\/wp-json\/wp\/v2\/posts\/115395\/revisions\/115426"}],"wp:featuredmedia":[{"embeddable":true,"href":"https:\/\/tvtecjundiai.com.br\/news\/wp-json\/wp\/v2\/media\/115396"}],"wp:attachment":[{"href":"https:\/\/tvtecjundiai.com.br\/news\/wp-json\/wp\/v2\/media?parent=115395"}],"wp:term":[{"taxonomy":"category","embeddable":true,"href":"https:\/\/tvtecjundiai.com.br\/news\/wp-json\/wp\/v2\/categories?post=115395"},{"taxonomy":"post_tag","embeddable":true,"href":"https:\/\/tvtecjundiai.com.br\/news\/wp-json\/wp\/v2\/tags?post=115395"}],"curies":[{"name":"wp","href":"https:\/\/api.w.org\/{rel}","templated":true}]}}