{"id":115410,"date":"2023-10-02T10:12:44","date_gmt":"2023-10-02T13:12:44","guid":{"rendered":"https:\/\/tvtecjundiai.com.br\/news\/?p=115410"},"modified":"2023-10-02T10:12:45","modified_gmt":"2023-10-02T13:12:45","slug":"debea-realiza-mutirao-de-castracao-de-pets-no-caxambu","status":"publish","type":"post","link":"https:\/\/tvtecjundiai.com.br\/news\/2023\/10\/02\/debea-realiza-mutirao-de-castracao-de-pets-no-caxambu\/","title":{"rendered":"DEBEA realiza mutir\u00e3o de castra\u00e7\u00e3o de pets no Caxambu"},"content":{"rendered":"\n<p>O Departamento de Bem-Estar Animal (DEBEA), ligado \u00e0 Unidade de Gest\u00e3o de Planejamento Urbano e Meio Ambiente (UGPUMA), realizou, neste s\u00e1bado (30) e domingo (01), mais um mutir\u00e3o de castra\u00e7\u00e3o de gatos e c\u00e3es, dessa vez na EMEB Vasco Ant\u00f4nio Venchiarutti, no Caxambu. Foram castrados 369 animais, todos agendados antecipadamente, sendo 242 c\u00e3es e 127 gatos.<\/p>\n\n\n\n<p>\u201cPor ser uma regi\u00e3o com muitas ch\u00e1caras, existia uma demanda grande de castra\u00e7\u00e3o. E al\u00e9m de castrados, todos os animais tamb\u00e9m j\u00e1 sa\u00edram microchipados\u201d, disse a diretora do DEBEA, Daniela Ara\u00fajo Passos. O vereador Leandro Palmarini tamb\u00e9m acompanhou a a\u00e7\u00e3o.<\/p>\n\n\n<div class=\"wp-block-image\">\n<figure class=\"aligncenter\"><img decoding=\"async\" src=\"https:\/\/jundiai.sp.gov.br\/noticias\/wp-content\/uploads\/sites\/32\/2023\/10\/mutirao-da-castracao-no-caxambu-15-1-1280x854.jpg\" alt=\"\" class=\"wp-image-328238\" \/><figcaption class=\"wp-element-caption\">Fam\u00edlia Souza com os pets no mutir\u00e3o de castra\u00e7\u00e3o do Caxambu<\/figcaption><\/figure>\n<\/div>\n\n\n<p>O servi\u00e7o promovido em bairros tem o intuito de descentralizar a a\u00e7\u00e3o, facilitando o acesso dos tutores em v\u00e1rias regi\u00f5es da cidade. \u201cEu achei a medida muito boa. A nossa cachorra Maya j\u00e1 deu cria duas vezes e agora como surgiu a oportunidade, aproveitamos\u201d, disse o morador do bairro da Roseira, Paulo Souza, que levou tr\u00eas pets para castra\u00e7\u00e3o, dois c\u00e3es e um gato.<\/p>\n\n\n\n<p>\u201cPara a sa\u00fade deles \u00e9 muito importante, ent\u00e3o tamb\u00e9m trouxemos nossos bichinhos para castra\u00e7\u00e3o\u201d, disse a moradora do Caxambu, C\u00edntia Armas, que estava acompanhada da filha, a pequena Ingrid Armas Ferigatto e do cachorrinho Snow.<\/p>\n\n\n<div class=\"wp-block-image\">\n<figure class=\"aligncenter\"><img decoding=\"async\" src=\"https:\/\/jundiai.sp.gov.br\/noticias\/wp-content\/uploads\/sites\/32\/2023\/10\/mutirao-da-castracao-no-caxambu-24-1280x854.jpg\" alt=\"\" class=\"wp-image-328239\" \/><figcaption class=\"wp-element-caption\">C\u00e3ozinho Snow, com a pequena Ingrid Armas, que levou o pet junto com a m\u00e3e para a castra\u00e7\u00e3o<\/figcaption><\/figure>\n<\/div>\n\n\n<p>O pr\u00f3ximo mutir\u00e3o ser\u00e1 nesta quarta-feira (04), no DEBEA, tamb\u00e9m por agendamento pr\u00e9vio. A a\u00e7\u00e3o vai integrar o esfor\u00e7o de castra\u00e7\u00e3o da Am\u00e9rica Latina. J\u00e1 o mutir\u00e3o de castra\u00e7\u00e3o descentralizado ser\u00e1 realizado no dia 21\/10 no Champirra, tamb\u00e9m por agendamento pr\u00e9vio. Vale ressaltar que Jundia\u00ed apresenta uma s\u00e9rie de pol\u00edticas para promo\u00e7\u00e3o do bem-estar animal. O Departamento do Bem-Estar Animal (DEBEA), por exemplo, realiza o apoio a protetores, atendimento cl\u00ednico veterin\u00e1rio para a popula\u00e7\u00e3o de baixa renda, ado\u00e7\u00e3o, entre outros servi\u00e7os. O Departamento tamb\u00e9m ganhar\u00e1 uma nova e ampliada sede, que est\u00e1 em fase inicial de obras.<\/p>\n\n\n\n<p>\u201cN\u00f3s estamos refor\u00e7ando a pol\u00edtica p\u00fablica de bem-estar animal em Jundia\u00ed com v\u00e1rias a\u00e7\u00f5es. Al\u00e9m do refor\u00e7o de mutir\u00f5es e da nova sede, que vai trazer melhores condi\u00e7\u00f5es para o atendimento aos animais e seus tutores, teremos mais servi\u00e7os e maior equipe de veterin\u00e1rios. Sem esquecermos da educa\u00e7\u00e3o sobre a guarda respons\u00e1vel, que tamb\u00e9m \u00e9 um dos nossos compromissos de base com a causa animal\u201d, garantiu o gestor de Governo e Finan\u00e7as, Jos\u00e9 Ant\u00f4nio Parimoschi.<\/p>\n\n\n<div class=\"wp-block-image\">\n<figure class=\"aligncenter\"><img decoding=\"async\" src=\"https:\/\/jundiai.sp.gov.br\/noticias\/wp-content\/uploads\/sites\/32\/2023\/10\/mutirao-da-castracao-no-caxambu-81-1-1280x854.jpg\" alt=\"\" class=\"wp-image-328241\" \/><figcaption class=\"wp-element-caption\">Gestor de Governo e Finan\u00e7as, Jos\u00e9 Ant\u00f4nio Parimoschi, acompanhou o mutir\u00e3o com a diretora do DEBEA, Daniela Ara\u00fajo Passos<\/figcaption><\/figure>\n<\/div>\n\n\n<p><strong><em>Fonte\/Imagem: Prefeitura de Jundia\u00ed<\/em><\/strong><\/p>\n","protected":false},"excerpt":{"rendered":"<p>O servi\u00e7o promovido em bairros tem o intuito de descentralizar a a\u00e7\u00e3o<\/p>\n","protected":false},"author":24,"featured_media":115411,"comment_status":"closed","ping_status":"0","sticky":false,"template":"","format":"standard","meta":{"footnotes":""},"categories":[8406,8410,8356,1],"tags":[],"class_list":["post-115410","post","type-post","status-publish","format-standard","has-post-thumbnail","hentry","category-dae-dae","category-debea","category-jundiai","category-noticias"],"_links":{"self":[{"href":"https:\/\/tvtecjundiai.com.br\/news\/wp-json\/wp\/v2\/posts\/115410","targetHints":{"allow":["GET"]}}],"collection":[{"href":"https:\/\/tvtecjundiai.com.br\/news\/wp-json\/wp\/v2\/posts"}],"about":[{"href":"https:\/\/tvtecjundiai.com.br\/news\/wp-json\/wp\/v2\/types\/post"}],"author":[{"embeddable":true,"href":"https:\/\/tvtecjundiai.com.br\/news\/wp-json\/wp\/v2\/users\/24"}],"replies":[{"embeddable":true,"href":"https:\/\/tvtecjundiai.com.br\/news\/wp-json\/wp\/v2\/comments?post=115410"}],"version-history":[{"count":1,"href":"https:\/\/tvtecjundiai.com.br\/news\/wp-json\/wp\/v2\/posts\/115410\/revisions"}],"predecessor-version":[{"id":115412,"href":"https:\/\/tvtecjundiai.com.br\/news\/wp-json\/wp\/v2\/posts\/115410\/revisions\/115412"}],"wp:featuredmedia":[{"embeddable":true,"href":"https:\/\/tvtecjundiai.com.br\/news\/wp-json\/wp\/v2\/media\/115411"}],"wp:attachment":[{"href":"https:\/\/tvtecjundiai.com.br\/news\/wp-json\/wp\/v2\/media?parent=115410"}],"wp:term":[{"taxonomy":"category","embeddable":true,"href":"https:\/\/tvtecjundiai.com.br\/news\/wp-json\/wp\/v2\/categories?post=115410"},{"taxonomy":"post_tag","embeddable":true,"href":"https:\/\/tvtecjundiai.com.br\/news\/wp-json\/wp\/v2\/tags?post=115410"}],"curies":[{"name":"wp","href":"https:\/\/api.w.org\/{rel}","templated":true}]}}