{"id":11551,"date":"2018-06-04T13:52:48","date_gmt":"2018-06-04T16:52:48","guid":{"rendered":"https:\/\/tvtecjundiai.com.br\/news\/?p=11551"},"modified":"2018-06-05T15:44:22","modified_gmt":"2018-06-05T18:44:22","slug":"vacinacao-contra-poliomielite-tem-calendario-especial","status":"publish","type":"post","link":"https:\/\/tvtecjundiai.com.br\/news\/2018\/06\/04\/vacinacao-contra-poliomielite-tem-calendario-especial\/","title":{"rendered":"Vacina\u00e7\u00e3o contra Poliomielite tem calend\u00e1rio especial"},"content":{"rendered":"<div id=\"attachment_11552\" style=\"width: 460px\" class=\"wp-caption alignright\"><a href=\"https:\/\/tvtecjundiai.com.br\/news\/wp-content\/uploads\/sites\/2\/2018\/06\/gotinha.jpg\"><img loading=\"lazy\" decoding=\"async\" aria-describedby=\"caption-attachment-11552\" class=\"wp-image-11552\" src=\"https:\/\/tvtecjundiai.com.br\/news\/wp-content\/uploads\/sites\/2\/2018\/06\/gotinha-300x234.jpg\" alt=\"\" width=\"450\" height=\"351\" srcset=\"https:\/\/tvtecjundiai.com.br\/news\/wp-content\/uploads\/sites\/2\/2018\/06\/gotinha-300x234.jpg 300w, https:\/\/tvtecjundiai.com.br\/news\/wp-content\/uploads\/sites\/2\/2018\/06\/gotinha-768x599.jpg 768w, https:\/\/tvtecjundiai.com.br\/news\/wp-content\/uploads\/sites\/2\/2018\/06\/gotinha-1200x936.jpg 1200w, https:\/\/tvtecjundiai.com.br\/news\/wp-content\/uploads\/sites\/2\/2018\/06\/gotinha.jpg 1240w\" sizes=\"auto, (max-width: 450px) 100vw, 450px\" \/><\/a><p id=\"caption-attachment-11552\" class=\"wp-caption-text\">A vacina contra poliomielite oral deve ser administrada para crian\u00e7as com 15 meses e aos 4 anos de idade<\/p><\/div>\n<p>Para manter o atendimento para a popula\u00e7\u00e3o e evitar o desperd\u00edcio de vacinas contra Poliomielite (gotinhas), a Vigil\u00e2ncia Epidemiol\u00f3gica (VE) mant\u00e9m o esquema especial de vacina\u00e7\u00e3o, estabelecido no m\u00eas passado, com oferta de doses, nas 35 Unidade B\u00e1sica de Sa\u00fade (UBSs). O calend\u00e1rio tem por objetivo melhorar a oferta da dose para a popula\u00e7\u00e3o, com a vacina dispon\u00edvel diariamente, em alguma unidade da cidade.<\/p>\n<p>De acordo com a enfermeira da Vigil\u00e2ncia Epidemiol\u00f3gica, Maria do Carmo Possidente, n\u00e3o haver\u00e1 falta de vacina. \u201cTeremos a vacina oral de poliomielite (VOP) dispon\u00edvel toda semana em v\u00e1rias UBSs. Como a quantidade de doses que recebemos da Secretaria de Estado da Sa\u00fade (SES) foi menor, \u00e9 importante que n\u00e3o haja desperd\u00edcio\u201d, ressalta.<\/p>\n<p>A vacina contra poliomielite oral, a conhecida gotinha, deve ser administrada para crian\u00e7as com 15 meses e aos 4 anos de idade. Os pais devem se atentar ao calend\u00e1rio para evitar o comparecimento em semana em que n\u00e3o haja a disponibilidade no local.<\/p>\n","protected":false},"excerpt":{"rendered":"<p>Objetivo \u00e9 disponibilizar a vacina diariamente<\/p>\n","protected":false},"author":10,"featured_media":11552,"comment_status":"closed","ping_status":"closed","sticky":false,"template":"","format":"standard","meta":{"footnotes":""},"categories":[2834,2839],"tags":[5,3331,15],"class_list":["post-11551","post","type-post","status-publish","format-standard","has-post-thumbnail","hentry","category-cidades","category-saude","tag-jundiai","tag-poliomelite","tag-tvtec"],"_links":{"self":[{"href":"https:\/\/tvtecjundiai.com.br\/news\/wp-json\/wp\/v2\/posts\/11551","targetHints":{"allow":["GET"]}}],"collection":[{"href":"https:\/\/tvtecjundiai.com.br\/news\/wp-json\/wp\/v2\/posts"}],"about":[{"href":"https:\/\/tvtecjundiai.com.br\/news\/wp-json\/wp\/v2\/types\/post"}],"author":[{"embeddable":true,"href":"https:\/\/tvtecjundiai.com.br\/news\/wp-json\/wp\/v2\/users\/10"}],"replies":[{"embeddable":true,"href":"https:\/\/tvtecjundiai.com.br\/news\/wp-json\/wp\/v2\/comments?post=11551"}],"version-history":[{"count":3,"href":"https:\/\/tvtecjundiai.com.br\/news\/wp-json\/wp\/v2\/posts\/11551\/revisions"}],"predecessor-version":[{"id":11621,"href":"https:\/\/tvtecjundiai.com.br\/news\/wp-json\/wp\/v2\/posts\/11551\/revisions\/11621"}],"wp:featuredmedia":[{"embeddable":true,"href":"https:\/\/tvtecjundiai.com.br\/news\/wp-json\/wp\/v2\/media\/11552"}],"wp:attachment":[{"href":"https:\/\/tvtecjundiai.com.br\/news\/wp-json\/wp\/v2\/media?parent=11551"}],"wp:term":[{"taxonomy":"category","embeddable":true,"href":"https:\/\/tvtecjundiai.com.br\/news\/wp-json\/wp\/v2\/categories?post=11551"},{"taxonomy":"post_tag","embeddable":true,"href":"https:\/\/tvtecjundiai.com.br\/news\/wp-json\/wp\/v2\/tags?post=11551"}],"curies":[{"name":"wp","href":"https:\/\/api.w.org\/{rel}","templated":true}]}}