{"id":115800,"date":"2023-10-11T10:57:30","date_gmt":"2023-10-11T13:57:30","guid":{"rendered":"https:\/\/tvtecjundiai.com.br\/news\/?p=115800"},"modified":"2023-10-11T10:57:32","modified_gmt":"2023-10-11T13:57:32","slug":"parque-da-cidade-realiza-festa-gratuita-no-dia-das-criancas","status":"publish","type":"post","link":"https:\/\/tvtecjundiai.com.br\/news\/2023\/10\/11\/parque-da-cidade-realiza-festa-gratuita-no-dia-das-criancas\/","title":{"rendered":"Parque da Cidade realiza festa gratuita no Dia das Crian\u00e7as"},"content":{"rendered":"\n<p>Quem escolher o Parque da Cidade para curtir o Dia das Crian\u00e7as nesta quinta-feira (12) ter\u00e1 diversas op\u00e7\u00f5es gratuitas para se divertir no feriado.<\/p>\n\n\n\n<p>No Parque, a programa\u00e7\u00e3o tem in\u00edcio \u00e0s 9 horas, com atividades de recrea\u00e7\u00e3o infantil realizadas pela equipe Amorah. As atra\u00e7\u00f5es \u2013 montadas na Pra\u00e7a P\u00f4r do Sol e ao redor dela \u2013 seguem durante a manh\u00e3 com a apresenta\u00e7\u00e3o do canil da Guarda Municipal, \u00e0s 10 horas, dan\u00e7a de sal\u00e3o, \u00e0s 10h30, e a apresenta\u00e7\u00e3o musical \u201cMovimente-se\u201d, realizada pelo grupo Cantinho do Joe \u00e0s 11 horas.<\/p>\n\n\n<div class=\"wp-block-image\">\n<figure class=\"aligncenter size-full is-resized\"><img loading=\"lazy\" decoding=\"async\" src=\"https:\/\/tvtecjundiai.com.br\/news\/wp-content\/uploads\/sites\/2\/2023\/10\/image-13.png\" alt=\"\" class=\"wp-image-115801\" style=\"width:666px;height:568px\" width=\"666\" height=\"568\" srcset=\"https:\/\/tvtecjundiai.com.br\/news\/wp-content\/uploads\/sites\/2\/2023\/10\/image-13.png 1124w, https:\/\/tvtecjundiai.com.br\/news\/wp-content\/uploads\/sites\/2\/2023\/10\/image-13-300x256.png 300w, https:\/\/tvtecjundiai.com.br\/news\/wp-content\/uploads\/sites\/2\/2023\/10\/image-13-768x656.png 768w\" sizes=\"auto, (max-width: 666px) 100vw, 666px\" \/><figcaption class=\"wp-element-caption\">No Parque, a programa\u00e7\u00e3o tem in\u00edcio \u00e0s 9 horas, com atividades de recrea\u00e7\u00e3o infantil.<\/figcaption><\/figure>\n<\/div>\n\n\n<p>\u00c0s 11h30, tem in\u00edcio a oficina de confec\u00e7\u00e3o de bonecas. Para participar \u00e9 necess\u00e1rio retirar senha, a partir das 11 horas.<\/p>\n\n\n\n<p>Na parte da tarde, os visitantes poder\u00e3o assistir ao espet\u00e1culo teatral \u201cCaixola Brincante\u201d, \u00e0s 14 horas, e curtir o show da banda Jota Quest Cover no palco principal, a partir das 15h30.<\/p>\n\n\n\n<p>A Unidade de Gest\u00e3o de Promo\u00e7\u00e3o da Sa\u00fade (UGPS) vai montar um Posto de Vacina\u00e7\u00e3o, onde ser\u00e3o oferecidas as vacinas contra Influenza (a partir de seis meses) e Covid (PFIZER pedi\u00e1trica e baby, 12+ e bivalente). A equipe da Visam (Vigil\u00e2ncia em Sa\u00fade Ambiental) levar\u00e1 ao parque uma exposi\u00e7\u00e3o e informa\u00e7\u00f5es sobre animais pe\u00e7onhentos e n\u00e3o pe\u00e7onhentos.<\/p>\n\n\n<div class=\"wp-block-image\">\n<figure class=\"aligncenter size-large is-resized\"><img loading=\"lazy\" decoding=\"async\" src=\"https:\/\/tvtecjundiai.com.br\/news\/wp-content\/uploads\/sites\/2\/2023\/10\/image-14-1200x889.png\" alt=\"\" class=\"wp-image-115802\" style=\"width:690px;height:511px\" width=\"690\" height=\"511\" srcset=\"https:\/\/tvtecjundiai.com.br\/news\/wp-content\/uploads\/sites\/2\/2023\/10\/image-14-1200x889.png 1200w, https:\/\/tvtecjundiai.com.br\/news\/wp-content\/uploads\/sites\/2\/2023\/10\/image-14-300x222.png 300w, https:\/\/tvtecjundiai.com.br\/news\/wp-content\/uploads\/sites\/2\/2023\/10\/image-14-768x569.png 768w, https:\/\/tvtecjundiai.com.br\/news\/wp-content\/uploads\/sites\/2\/2023\/10\/image-14.png 1280w\" sizes=\"auto, (max-width: 690px) 100vw, 690px\" \/><figcaption class=\"wp-element-caption\">Na parte da tarde, os visitantes poder\u00e3o assistir ao espet\u00e1culo teatral \u201cCaixola Brincante\u201d, \u00e0s 14 horas.<\/figcaption><\/figure>\n<\/div>\n\n\n<p>A programa\u00e7\u00e3o conta ainda com brinquedos infl\u00e1veis, distribui\u00e7\u00e3o de pipoca e algod\u00e3o-doce, apresenta\u00e7\u00e3o de aeromodelismo, feira de artesanato, exposi\u00e7\u00f5es do carro de Bombeiros, do 12\u00b0 GAC e da equipe de Rob\u00f3tica do Sesi, Avengers, ao longo de todo o dia.<\/p>\n\n\n\n<p>O aluguel de bicicletas tamb\u00e9m funcionar\u00e1 neste feriado \u2013 e final de semana. Coordenado pelo Peama (Programa de Esportes e Atividades Motoras Adaptadas), o servi\u00e7o atende das 9 \u00e0s 16 horas (\u00faltimo aluguel). Os valores s\u00e3o R$ 10,00 (bicicletas comuns) e R$ 20,00 (bicicletas duplas).<\/p>\n\n\n\n<p>O Parque conta com estacionamento gratuito, com vagas condicionadas \u00e0 demanda de p\u00fablico. A administra\u00e7\u00e3o do Parque orienta aos visitantes que priorizem o transporte p\u00fablico, para facilitar o acesso ao parque.<\/p>\n\n\n<div class=\"wp-block-image\">\n<figure class=\"aligncenter is-resized\"><a href=\"https:\/\/daejundiai.com.br\/wp-content\/uploads\/2023\/10\/Cartaz_dia-das-criancas-1-679x960.png\"><img loading=\"lazy\" decoding=\"async\" src=\"https:\/\/daejundiai.com.br\/wp-content\/uploads\/2023\/10\/Cartaz_dia-das-criancas-1-679x960.png\" alt=\"\" class=\"wp-image-30606\" style=\"width:501px;height:708px\" width=\"501\" height=\"708\" \/><\/a><figcaption class=\"wp-element-caption\">O Parque da Cidade ter\u00e1 uma programa\u00e7\u00e3o gratuita especial de Dia das Crian\u00e7as<\/figcaption><\/figure>\n<\/div>\n\n\n<p><strong>Mundo das Crian\u00e7as<\/strong><\/p>\n\n\n\n<p>O Mundo das Crian\u00e7as estar\u00e1 aberto todos os dias do feriado, das 7h \u00e0s 17h, com entrada reservada atrav\u00e9s de agendamento pr\u00e9vio pelo site&nbsp;<a href=\"https:\/\/mundodascriancasjundiai.com.br\/\" target=\"_blank\" rel=\"noreferrer noopener\">https:\/\/mundodascriancasjundiai.com.br<\/a><\/p>\n\n\n\n<p>Para o dia 12 de outubro,\u00a0as vagas j\u00e1 est\u00e3o esgotadas. Para visitar o parque nos demais dias do feriado prolongado (13, 14 ou 15), \u00e9 preciso fazer o agendamento.\u00a0<\/p>\n\n\n\n<p><strong><em>Fonte\/Imagem: Prefeitura de Jundia\u00ed<\/em><\/strong><\/p>\n","protected":false},"excerpt":{"rendered":"<p>No Parque, a programa\u00e7\u00e3o tem in\u00edcio \u00e0s 9 horas, com atividades de recrea\u00e7\u00e3o infantil.<\/p>\n","protected":false},"author":24,"featured_media":115801,"comment_status":"closed","ping_status":"0","sticky":false,"template":"","format":"standard","meta":{"footnotes":""},"categories":[8356,8354,1],"tags":[],"class_list":["post-115800","post","type-post","status-publish","format-standard","has-post-thumbnail","hentry","category-jundiai","category-lazer","category-noticias"],"_links":{"self":[{"href":"https:\/\/tvtecjundiai.com.br\/news\/wp-json\/wp\/v2\/posts\/115800","targetHints":{"allow":["GET"]}}],"collection":[{"href":"https:\/\/tvtecjundiai.com.br\/news\/wp-json\/wp\/v2\/posts"}],"about":[{"href":"https:\/\/tvtecjundiai.com.br\/news\/wp-json\/wp\/v2\/types\/post"}],"author":[{"embeddable":true,"href":"https:\/\/tvtecjundiai.com.br\/news\/wp-json\/wp\/v2\/users\/24"}],"replies":[{"embeddable":true,"href":"https:\/\/tvtecjundiai.com.br\/news\/wp-json\/wp\/v2\/comments?post=115800"}],"version-history":[{"count":1,"href":"https:\/\/tvtecjundiai.com.br\/news\/wp-json\/wp\/v2\/posts\/115800\/revisions"}],"predecessor-version":[{"id":115803,"href":"https:\/\/tvtecjundiai.com.br\/news\/wp-json\/wp\/v2\/posts\/115800\/revisions\/115803"}],"wp:featuredmedia":[{"embeddable":true,"href":"https:\/\/tvtecjundiai.com.br\/news\/wp-json\/wp\/v2\/media\/115801"}],"wp:attachment":[{"href":"https:\/\/tvtecjundiai.com.br\/news\/wp-json\/wp\/v2\/media?parent=115800"}],"wp:term":[{"taxonomy":"category","embeddable":true,"href":"https:\/\/tvtecjundiai.com.br\/news\/wp-json\/wp\/v2\/categories?post=115800"},{"taxonomy":"post_tag","embeddable":true,"href":"https:\/\/tvtecjundiai.com.br\/news\/wp-json\/wp\/v2\/tags?post=115800"}],"curies":[{"name":"wp","href":"https:\/\/api.w.org\/{rel}","templated":true}]}}