{"id":115822,"date":"2023-10-11T14:20:43","date_gmt":"2023-10-11T17:20:43","guid":{"rendered":"https:\/\/tvtecjundiai.com.br\/news\/?p=115822"},"modified":"2023-10-11T14:20:46","modified_gmt":"2023-10-11T17:20:46","slug":"agencia-reguladora-define-reajuste-de-478-nas-contas-de-agua-e-esgoto","status":"publish","type":"post","link":"https:\/\/tvtecjundiai.com.br\/news\/2023\/10\/11\/agencia-reguladora-define-reajuste-de-478-nas-contas-de-agua-e-esgoto\/","title":{"rendered":"Ag\u00eancia Reguladora define reajuste de 4,78% nas contas de \u00e1gua e esgoto"},"content":{"rendered":"\n<p>As contas de \u00e1gua e esgoto da DAE Jundia\u00ed ser\u00e3o reajustadas, a partir de 13 de novembro de 2023, em 4,78%. O \u00edndice corresponde \u00e0 aplica\u00e7\u00e3o da infla\u00e7\u00e3o. A corre\u00e7\u00e3o foi aprovada pela Ag\u00eancia Reguladora PCJ (ARES-PCJ) e vale para todas as categorias (residencial, comercial e industrial) e faixas de consumo.<\/p>\n\n\n\n<p>A DAE conta, atualmente, com 116,2 mil unidades consumidoras. Fam\u00edlias que integram o CAD\u00danico podem ser beneficiadas pela Tarifa Residencial Social, que prev\u00ea descontos de at\u00e9 50% na tarifa.<\/p>\n\n\n\n<p>As contas de \u00e1gua s\u00e3o compostas por tarifas de \u00e1gua tratada, coleta e afastamento, al\u00e9m do tratamento de esgoto. Com a nova defini\u00e7\u00e3o, a taxa para as resid\u00eancias que possuem faixa de consumo de at\u00e9 10 m\u00b3, por m\u00eas, passar\u00e1 dos atuais R$ 74,45 para R$ 78,01; j\u00e1 para as fam\u00edlias cadastradas na Tarifa Residencial Social o valor ser\u00e1 de R$ 39,02.<\/p>\n\n\n<div class=\"wp-block-image\">\n<figure class=\"aligncenter\"><img decoding=\"async\" src=\"https:\/\/jundiai.sp.gov.br\/noticias\/wp-content\/uploads\/sites\/32\/2023\/10\/booster_ivoturucaia-1280x720.jpg\" alt=\"\" class=\"wp-image-329160\" \/><figcaption class=\"wp-element-caption\"><em>Conta inclui investimentos feitos pela DAE para ampliar a oferta de \u00e1gua na cidade; booster do Ivoturucaia, em obras, est\u00e1 entre eles<\/em><\/figcaption><\/figure>\n<\/div>\n\n\n<p>A tarifa inclui a necessidade de trocas e substitui\u00e7\u00f5es para atualiza\u00e7\u00e3o do sistema de opera\u00e7\u00e3o da DAE e novos investimentos feitos pela empresa para a ampliar a capacidade de oferta de \u00e1gua para a cidade, buscando a universaliza\u00e7\u00e3o do saneamento.<\/p>\n\n\n\n<p>Est\u00e3o em andamento, neste momento, a constru\u00e7\u00e3o de dois novos reservat\u00f3rios de \u00e1gua tratada, no Jardim do Lago e no Ivoturucaia, obras de implanta\u00e7\u00e3o da nova adutora do Vetor Oeste e de tr\u00eas boosters (equipamentos que atuam no aumento da press\u00e3o da rede, refor\u00e7ando o abastecimento), em regi\u00f5es mais distantes do Centro \u2013 Vivendas, Mato Dentro e Champirra.<\/p>\n\n\n\n<p>Considerada uma refer\u00eancia nacional em saneamento, Jundia\u00ed atende 99,65% da cidade com redes de \u00e1gua e 98,81% com redes de esgoto, sendo que 100% do que \u00e9 coletado \u00e9 tratado.<\/p>\n\n\n\n<p><strong>Tarifa Social<\/strong><\/p>\n\n\n\n<p>A Tarifa Social atende fam\u00edlias que possuem inscri\u00e7\u00e3o no Cadastro \u00danico para Programas Sociais do Governo Federal (CAD\u00danico) e t\u00eam renda mensal per capita de at\u00e9 meio sal\u00e1rio m\u00ednimo. Para obter o benef\u00edcio, \u00e9 preciso estar em dia com a DAE.<\/p>\n\n\n\n<p>Mais informa\u00e7\u00f5es podem ser obtidas no site da empresa (<a href=\"https:\/\/daejundiai.com.br\/\">https:\/\/daejundiai.com.br\/<\/a>), no link\u00a0<a href=\"https:\/\/daejundiai.com.br\/legislacao\/aspectos-regulatorios\/aspectos-regulatorios-economicos\/tarifa-social\/\">Tarifa Social<\/a>.<\/p>\n\n\n\n<p><em><strong>Fonte\/Imagem: Prefeitura de Jundia\u00ed<\/strong><\/em><\/p>\n","protected":false},"excerpt":{"rendered":"<p>A DAE conta, atualmente, com 116,2 mil unidades consumidoras.<\/p>\n","protected":false},"author":24,"featured_media":115823,"comment_status":"closed","ping_status":"0","sticky":false,"template":"","format":"standard","meta":{"footnotes":""},"categories":[8405,8406,8356,1],"tags":[],"class_list":["post-115822","post","type-post","status-publish","format-standard","has-post-thumbnail","hentry","category-dae","category-dae-dae","category-jundiai","category-noticias"],"_links":{"self":[{"href":"https:\/\/tvtecjundiai.com.br\/news\/wp-json\/wp\/v2\/posts\/115822","targetHints":{"allow":["GET"]}}],"collection":[{"href":"https:\/\/tvtecjundiai.com.br\/news\/wp-json\/wp\/v2\/posts"}],"about":[{"href":"https:\/\/tvtecjundiai.com.br\/news\/wp-json\/wp\/v2\/types\/post"}],"author":[{"embeddable":true,"href":"https:\/\/tvtecjundiai.com.br\/news\/wp-json\/wp\/v2\/users\/24"}],"replies":[{"embeddable":true,"href":"https:\/\/tvtecjundiai.com.br\/news\/wp-json\/wp\/v2\/comments?post=115822"}],"version-history":[{"count":1,"href":"https:\/\/tvtecjundiai.com.br\/news\/wp-json\/wp\/v2\/posts\/115822\/revisions"}],"predecessor-version":[{"id":115824,"href":"https:\/\/tvtecjundiai.com.br\/news\/wp-json\/wp\/v2\/posts\/115822\/revisions\/115824"}],"wp:featuredmedia":[{"embeddable":true,"href":"https:\/\/tvtecjundiai.com.br\/news\/wp-json\/wp\/v2\/media\/115823"}],"wp:attachment":[{"href":"https:\/\/tvtecjundiai.com.br\/news\/wp-json\/wp\/v2\/media?parent=115822"}],"wp:term":[{"taxonomy":"category","embeddable":true,"href":"https:\/\/tvtecjundiai.com.br\/news\/wp-json\/wp\/v2\/categories?post=115822"},{"taxonomy":"post_tag","embeddable":true,"href":"https:\/\/tvtecjundiai.com.br\/news\/wp-json\/wp\/v2\/tags?post=115822"}],"curies":[{"name":"wp","href":"https:\/\/api.w.org\/{rel}","templated":true}]}}