{"id":115852,"date":"2023-10-12T17:11:31","date_gmt":"2023-10-12T20:11:31","guid":{"rendered":"https:\/\/tvtecjundiai.com.br\/news\/?p=115852"},"modified":"2023-10-12T17:20:05","modified_gmt":"2023-10-12T20:20:05","slug":"no-parque-da-cidade-festa-do-dia-das-criancas-reune-18-mil-pessoas","status":"publish","type":"post","link":"https:\/\/tvtecjundiai.com.br\/news\/2023\/10\/12\/no-parque-da-cidade-festa-do-dia-das-criancas-reune-18-mil-pessoas\/","title":{"rendered":"No Parque da Cidade, festa do Dia das Crian\u00e7as re\u00fane 18 mil pessoas"},"content":{"rendered":"\n<p>O sorriso e o brilho no olhar de cada crian\u00e7a que passou pelo Parque da Cidade, nesta quarta-feira, 12 de outubro, Dia das Crian\u00e7as, deixou a festa em comemora\u00e7\u00e3o \u00e0 data ainda mais bonita. Com pipoca, algod\u00e3o doce e atra\u00e7\u00f5es culturais, as mais de 18 mil pessoas que prestigiaram o evento viveram um dia de divers\u00e3o gratuita.<\/p>\n\n\n\n<figure class=\"wp-block-image\"><img decoding=\"async\" src=\"https:\/\/jundiai.sp.gov.br\/noticias\/wp-content\/uploads\/sites\/32\/2023\/10\/dia-das-criancas_parque-da-cidade-18-1280x720.jpeg\" alt=\"\" class=\"wp-image-329247\" \/><figcaption class=\"wp-element-caption\"><em>Chuva apareceu s\u00f3 no final da tarde e o p\u00fablico passou o dia no Parque, aproveitando as atra\u00e7\u00f5es<\/em><\/figcaption><\/figure>\n\n\n\n<p>As irm\u00e3s Priscila Borges Santos do Vale, 38 anos, e Andrea Cristina dos Santos G\u00f3es, 41, levaram a crian\u00e7ada para comemorar o dia e ainda aproveitaram para fazer um piquenique. \u201cA festa est\u00e1 muito legal\u201d, disse Andrea, com a pequena Isabela, de 1 ano, no colo.<\/p>\n\n\n\n<figure class=\"wp-block-image\"><img decoding=\"async\" src=\"https:\/\/jundiai.sp.gov.br\/noticias\/wp-content\/uploads\/sites\/32\/2023\/10\/dia-das-criancas_parque-da-cidade-1-1280x960.jpeg\" alt=\"\" class=\"wp-image-329249\" \/><figcaption class=\"wp-element-caption\">Infl\u00e1veis divertiram a crian\u00e7ada<\/figcaption><\/figure>\n\n\n\n<p>Na Pra\u00e7a P\u00f4r do Sol, a equipe da DAE Jundia\u00ed \u2013 respons\u00e1vel pela administra\u00e7\u00e3o e manuten\u00e7\u00e3o do Parque \u2013 reuniu brinquedos infl\u00e1veis, a exposi\u00e7\u00e3o do 12\u00b0 GAC e a apresenta\u00e7\u00e3o do canil da Guarda Municipal. Dan\u00e7a de sal\u00e3o, m\u00fasica e os artes\u00e3os do \u201cJundia\u00ed feito \u00e0 m\u00e3o\u201d tamb\u00e9m agradaram os presentes.<\/p>\n\n\n\n<p>\u201cPreparamos a festa com muito carinho, para que as fam\u00edlias pudessem passar o dia no Parque. Deu certo\u201d, comemorou o assessor especial da DAE, Luiz Trientini.<\/p>\n\n\n\n<figure class=\"wp-block-image\"><img decoding=\"async\" src=\"https:\/\/jundiai.sp.gov.br\/noticias\/wp-content\/uploads\/sites\/32\/2023\/10\/dia-das-criancas_parque-da-cidade-3-1280x960.jpg\" alt=\"\" class=\"wp-image-329253\" \/><figcaption class=\"wp-element-caption\">Caixola Brincante, do Teatro a Bordo<\/figcaption><\/figure>\n\n\n\n<p>Um dos destaques foi a apresenta\u00e7\u00e3o da trupe do Teatro a Bordo, que, com o apoio da CCR Autoban, promoveu atividades interativas, uma oficina de confec\u00e7\u00e3o de bonecos e ainda apresentou o espet\u00e1culo \u201cCaixola Brincante\u201d.<\/p>\n\n\n\n<figure class=\"wp-block-image\"><img decoding=\"async\" src=\"https:\/\/jundiai.sp.gov.br\/noticias\/wp-content\/uploads\/sites\/32\/2023\/10\/dia-das-criancas_parque-da-cidade-19.jpeg\" alt=\"\" class=\"wp-image-329256\" \/><figcaption class=\"wp-element-caption\">A fam\u00edlia de J\u00e9ssica caprichou e fez at\u00e9 decora\u00e7\u00e3o para o piquenique<\/figcaption><\/figure>\n\n\n\n<p>A fam\u00edlia da aut\u00f4noma J\u00e9ssica Ormelesi, 35 anos, levou at\u00e9 decora\u00e7\u00e3o para celebrar a data: com os dizeres \u201cfeliz dia das crian\u00e7as\u201d, m\u00e3e, irm\u00e3os, cunhados, amigos e crian\u00e7ada se encontraram para brincar e fazer um piquenique. \u201cA festa est\u00e1 top. Os brinquedos, a pipoca, o algod\u00e3o doce. Estamos adorando\u201d, contou.<\/p>\n\n\n\n<p>Jos\u00e9 Aparecido da Silva, 38 anos, foi ao Parque com a esposa e os filhos Beatriz e Miguel, de 12 e 6 anos. \u201cTemos o costume de vir ao Parque da Cidade com frequ\u00eancia por conta da natureza e do ambiente familiar. Hoje \u00e9 o dia deles e viemos ficar juntos\u201d.<\/p>\n\n\n\n<p><strong>Solidariedade e sa\u00fade<\/strong><\/p>\n\n\n\n<figure class=\"wp-block-image\"><img decoding=\"async\" src=\"https:\/\/jundiai.sp.gov.br\/noticias\/wp-content\/uploads\/sites\/32\/2023\/10\/dia-das-criancas_parque-da-cidade-17-1280x960.jpeg\" alt=\"\" class=\"wp-image-329259\" \/><figcaption class=\"wp-element-caption\">Romilson pedalou por 12 horas e arrecadou brinquedos para o Fundo Social<\/figcaption><\/figure>\n\n\n\n<p>Ao longo do dia, quem chamou aten\u00e7\u00e3o foi o atleta Romilson Jesus, que lan\u00e7ou um desafio pessoal de pedalar por 12 horas seguidas em uma bicicleta atrelada a um rolo. O projeto, chamado de \u201cPedal Solid\u00e1rio\u201d, est\u00e1 na terceira edi\u00e7\u00e3o e arrecadou brinquedos que ser\u00e3o entregues ao Fundo Social de Solidariedade.<\/p>\n\n\n\n<p>Para ficar com a carteirinha de vacina\u00e7\u00e3o em dia, o p\u00fablico ainda p\u00f4de visitar o Posto de Vacina\u00e7\u00e3o da Unidade de Gest\u00e3o de Promo\u00e7\u00e3o da Sa\u00fade (UGPS) e participar do \u201cEscov\u00f3dromo\u201d, que ensinou aos pequenos como escovar os dentes corretamente. Os cuidados para evitar animais pe\u00e7onhentos e n\u00e3o pe\u00e7onhentos foram o tema de uma exposi\u00e7\u00e3o montada pela equipe da Visam (Vigil\u00e2ncia em Sa\u00fade Ambiental).<\/p>\n\n\n\n<p>O Parque da Cidade segue aberto ao longo de todo o feriado, das 6h30 \u00e0s 18 horas, com entrada livre at\u00e9 \u00e0s 17 horas. Quem quiser pedalar, ainda pode aproveitar o aluguel de bicicletas do Peama, que funcionar\u00e1 at\u00e9 domingo (15), das 9 \u00e0s 16 horas.<\/p>\n\n\n\n<p><em>Fonte: Prefeitura de Jundia\u00ed<\/em><\/p>\n","protected":false},"excerpt":{"rendered":"<p>Milhares de pessoas prestigiaram o evento e viveram um dia de divers\u00e3o gratuita<\/p>\n","protected":false},"author":24,"featured_media":115853,"comment_status":"closed","ping_status":"0","sticky":false,"template":"","format":"standard","meta":{"footnotes":""},"categories":[8405,3076,8356,8354,2824],"tags":[],"class_list":["post-115852","post","type-post","status-publish","format-standard","has-post-thumbnail","hentry","category-dae","category-entretenimento","category-jundiai","category-lazer","category-variedades"],"_links":{"self":[{"href":"https:\/\/tvtecjundiai.com.br\/news\/wp-json\/wp\/v2\/posts\/115852","targetHints":{"allow":["GET"]}}],"collection":[{"href":"https:\/\/tvtecjundiai.com.br\/news\/wp-json\/wp\/v2\/posts"}],"about":[{"href":"https:\/\/tvtecjundiai.com.br\/news\/wp-json\/wp\/v2\/types\/post"}],"author":[{"embeddable":true,"href":"https:\/\/tvtecjundiai.com.br\/news\/wp-json\/wp\/v2\/users\/24"}],"replies":[{"embeddable":true,"href":"https:\/\/tvtecjundiai.com.br\/news\/wp-json\/wp\/v2\/comments?post=115852"}],"version-history":[{"count":2,"href":"https:\/\/tvtecjundiai.com.br\/news\/wp-json\/wp\/v2\/posts\/115852\/revisions"}],"predecessor-version":[{"id":115855,"href":"https:\/\/tvtecjundiai.com.br\/news\/wp-json\/wp\/v2\/posts\/115852\/revisions\/115855"}],"wp:featuredmedia":[{"embeddable":true,"href":"https:\/\/tvtecjundiai.com.br\/news\/wp-json\/wp\/v2\/media\/115853"}],"wp:attachment":[{"href":"https:\/\/tvtecjundiai.com.br\/news\/wp-json\/wp\/v2\/media?parent=115852"}],"wp:term":[{"taxonomy":"category","embeddable":true,"href":"https:\/\/tvtecjundiai.com.br\/news\/wp-json\/wp\/v2\/categories?post=115852"},{"taxonomy":"post_tag","embeddable":true,"href":"https:\/\/tvtecjundiai.com.br\/news\/wp-json\/wp\/v2\/tags?post=115852"}],"curies":[{"name":"wp","href":"https:\/\/api.w.org\/{rel}","templated":true}]}}