{"id":116253,"date":"2023-10-23T14:51:03","date_gmt":"2023-10-23T17:51:03","guid":{"rendered":"https:\/\/tvtecjundiai.com.br\/news\/?p=116253"},"modified":"2023-10-23T14:51:06","modified_gmt":"2023-10-23T17:51:06","slug":"cartao-para-candidatos-do-enem-2023-sera-disponibilizado-a-partir-desta-terca-feira-24","status":"publish","type":"post","link":"https:\/\/tvtecjundiai.com.br\/news\/2023\/10\/23\/cartao-para-candidatos-do-enem-2023-sera-disponibilizado-a-partir-desta-terca-feira-24\/","title":{"rendered":"Cart\u00e3o para candidatos do ENEM 2023 ser\u00e1 disponibilizado a partir desta ter\u00e7a-feira (24)"},"content":{"rendered":"\n<p>A partir desta ter\u00e7a-feira (24), os participantes que se inscreveram para o Exame Nacional do Ensino M\u00e9dio (ENEM) 2023, j\u00e1 podem acessar o cart\u00e3o de confirma\u00e7\u00e3o de inscri\u00e7\u00e3o. Nele consta o n\u00famero de inscri\u00e7\u00e3o do candidato, data, hora e local das provas. \u00c9 recomendado levar o cart\u00e3o nos dias do exame.<\/p>\n\n\n\n<figure class=\"wp-block-image size-full\"><img loading=\"lazy\" decoding=\"async\" width=\"924\" height=\"534\" src=\"https:\/\/tvtecjundiai.com.br\/news\/wp-content\/uploads\/sites\/2\/2023\/10\/WhatsApp-Image-2023-10-23-at-14.40.16.jpeg\" alt=\"\" class=\"wp-image-116254\" srcset=\"https:\/\/tvtecjundiai.com.br\/news\/wp-content\/uploads\/sites\/2\/2023\/10\/WhatsApp-Image-2023-10-23-at-14.40.16.jpeg 924w, https:\/\/tvtecjundiai.com.br\/news\/wp-content\/uploads\/sites\/2\/2023\/10\/WhatsApp-Image-2023-10-23-at-14.40.16-300x173.jpeg 300w, https:\/\/tvtecjundiai.com.br\/news\/wp-content\/uploads\/sites\/2\/2023\/10\/WhatsApp-Image-2023-10-23-at-14.40.16-768x444.jpeg 768w\" sizes=\"auto, (max-width: 924px) 100vw, 924px\" \/><\/figure>\n\n\n\n<p>As provas ser\u00e3o aplicadas nos dias 5 e 12 de novembro. As notas podem ser usadas para os estudantes concorrerem \u00e0s vagas no ensino superior p\u00fablico, pelo Sistema de Sele\u00e7\u00e3o Unificada (Sisu).<\/p>\n\n\n\n<p>Para acessar o cart\u00e3o de confirma\u00e7\u00e3o, o participante deve acessar a plataforma gov.br, com o login e senha cadastrados.\u00a0 \u00a0<\/p>\n\n\n\n<p>Fonte: TVTEC\/Imagem: Ag\u00eancia O Globo <\/p>\n","protected":false},"excerpt":{"rendered":"<p>As provas ser\u00e3o realizadas nos dias 5 e 12 de novembro.<\/p>\n","protected":false},"author":24,"featured_media":116255,"comment_status":"closed","ping_status":"0","sticky":false,"template":"","format":"standard","meta":{"footnotes":""},"categories":[8418],"tags":[],"class_list":["post-116253","post","type-post","status-publish","format-standard","has-post-thumbnail","hentry","category-enem"],"_links":{"self":[{"href":"https:\/\/tvtecjundiai.com.br\/news\/wp-json\/wp\/v2\/posts\/116253","targetHints":{"allow":["GET"]}}],"collection":[{"href":"https:\/\/tvtecjundiai.com.br\/news\/wp-json\/wp\/v2\/posts"}],"about":[{"href":"https:\/\/tvtecjundiai.com.br\/news\/wp-json\/wp\/v2\/types\/post"}],"author":[{"embeddable":true,"href":"https:\/\/tvtecjundiai.com.br\/news\/wp-json\/wp\/v2\/users\/24"}],"replies":[{"embeddable":true,"href":"https:\/\/tvtecjundiai.com.br\/news\/wp-json\/wp\/v2\/comments?post=116253"}],"version-history":[{"count":1,"href":"https:\/\/tvtecjundiai.com.br\/news\/wp-json\/wp\/v2\/posts\/116253\/revisions"}],"predecessor-version":[{"id":116256,"href":"https:\/\/tvtecjundiai.com.br\/news\/wp-json\/wp\/v2\/posts\/116253\/revisions\/116256"}],"wp:featuredmedia":[{"embeddable":true,"href":"https:\/\/tvtecjundiai.com.br\/news\/wp-json\/wp\/v2\/media\/116255"}],"wp:attachment":[{"href":"https:\/\/tvtecjundiai.com.br\/news\/wp-json\/wp\/v2\/media?parent=116253"}],"wp:term":[{"taxonomy":"category","embeddable":true,"href":"https:\/\/tvtecjundiai.com.br\/news\/wp-json\/wp\/v2\/categories?post=116253"},{"taxonomy":"post_tag","embeddable":true,"href":"https:\/\/tvtecjundiai.com.br\/news\/wp-json\/wp\/v2\/tags?post=116253"}],"curies":[{"name":"wp","href":"https:\/\/api.w.org\/{rel}","templated":true}]}}