{"id":11627,"date":"2018-06-05T16:25:32","date_gmt":"2018-06-05T19:25:32","guid":{"rendered":"https:\/\/tvtecjundiai.com.br\/news\/?p=11627"},"modified":"2018-06-05T16:25:32","modified_gmt":"2018-06-05T19:25:32","slug":"noticia-falsa-diz-que-whatsapp-sera-bloqueado-em-todo-o-pais","status":"publish","type":"post","link":"https:\/\/tvtecjundiai.com.br\/news\/2018\/06\/05\/noticia-falsa-diz-que-whatsapp-sera-bloqueado-em-todo-o-pais\/","title":{"rendered":"Not\u00edcia falsa diz que WhatsApp ser\u00e1 bloqueado em todo o pa\u00eds"},"content":{"rendered":"<div id=\"attachment_11628\" style=\"width: 460px\" class=\"wp-caption alignright\"><a href=\"https:\/\/tvtecjundiai.com.br\/news\/wp-content\/uploads\/sites\/2\/2018\/06\/whatsapp-photopin-2.jpg\"><img loading=\"lazy\" decoding=\"async\" aria-describedby=\"caption-attachment-11628\" class=\"wp-image-11628\" src=\"https:\/\/tvtecjundiai.com.br\/news\/wp-content\/uploads\/sites\/2\/2018\/06\/whatsapp-photopin-2-300x200.jpg\" alt=\"\" width=\"450\" height=\"300\" srcset=\"https:\/\/tvtecjundiai.com.br\/news\/wp-content\/uploads\/sites\/2\/2018\/06\/whatsapp-photopin-2-300x200.jpg 300w, https:\/\/tvtecjundiai.com.br\/news\/wp-content\/uploads\/sites\/2\/2018\/06\/whatsapp-photopin-2.jpg 680w\" sizes=\"auto, (max-width: 450px) 100vw, 450px\" \/><\/a><p id=\"caption-attachment-11628\" class=\"wp-caption-text\">Falsa mensagem \u00e9 difundida com diferentes vers\u00f5es no WhatsApp <em>(Photopin.com\/Reprodu\u00e7\u00e3o)<\/em><\/p><\/div>\n<p>Nos \u00faltimos dias, espalhou-se em grupos do\u00a0WhatsApp\u00a0e outras\u00a0redes sociais\u00a0a mensagem de que o aplicativo de mensagens seria bloqueado em todo o pa\u00eds por um per\u00edodo de 48 horas. Contudo, trata-se apenas de mais um boato que ganhou for\u00e7a com o per\u00edodo de tens\u00e3o pelo qual passa o pa\u00eds em fun\u00e7\u00e3o da greve dos caminhoneiros.<\/p>\n<p>O\u00a0Google Trends, ferramenta do Google que monitora as pesquisas que est\u00e3o em alta no buscador, mostra que milhares de usu\u00e1rios procuraram sobre o tema na \u00faltima semana. A falsa mensagem, que corre pelas redes sociais, \u00e9 difundida com diferentes vers\u00f5es, das mais s\u00f3brias e inocentes \u00e0s mais alarmistas e com erros de portugu\u00eas. Enquanto uma das correntes afirma que o governo teria determinado a suspens\u00e3o do servi\u00e7o para dificultar a comunica\u00e7\u00e3o dos caminhoneiros (medida que n\u00e3o lhe caberia por lei), outra diz se tratar de um bloqueio da Justi\u00e7a.<\/p>\n<p>O que confere certo tom de legitimidade ao boato e pode enganar os mais desavisados, por\u00e9m, s\u00e3o alguns\u00a0v\u00eddeos antigos da Globo e da Globo News que os acompanham.\u00a0Muitos internautas n\u00e3o percebem que se trata, na verdade, de reportagens de dezembro de 2015.<\/p>\n<p>Na ocasi\u00e3o, o aplicativo de mensagens teve seu bloqueio determinado pela Justi\u00e7a, uma vez que n\u00e3o atendeu a um pedido de colabora\u00e7\u00e3o para uma investiga\u00e7\u00e3o criminal. Desde ent\u00e3o, o mesmo v\u00eddeo \u00e9 utilizado com frequ\u00eancia em situa\u00e7\u00f5es de como\u00e7\u00e3o nacional, embora sempre tirado de seu contexto original,\u00a0como lembra o site Boatos.org, especializado em desmentir not\u00edcias falsas.<\/p>\n<p><em><strong>Fonte: Exame<\/strong><\/em><\/p>\n","protected":false},"excerpt":{"rendered":"<p>Milhares de usu\u00e1rios j\u00e1 pesquisaram sobre o tema no Google<\/p>\n","protected":false},"author":10,"featured_media":11628,"comment_status":"closed","ping_status":"closed","sticky":false,"template":"","format":"standard","meta":{"footnotes":""},"categories":[2834,2835],"tags":[1903,1784,5,15,525],"class_list":["post-11627","post","type-post","status-publish","format-standard","has-post-thumbnail","hentry","category-cidades","category-tecnologia","tag-brasil","tag-fake-news","tag-jundiai","tag-tvtec","tag-whatsapp"],"_links":{"self":[{"href":"https:\/\/tvtecjundiai.com.br\/news\/wp-json\/wp\/v2\/posts\/11627","targetHints":{"allow":["GET"]}}],"collection":[{"href":"https:\/\/tvtecjundiai.com.br\/news\/wp-json\/wp\/v2\/posts"}],"about":[{"href":"https:\/\/tvtecjundiai.com.br\/news\/wp-json\/wp\/v2\/types\/post"}],"author":[{"embeddable":true,"href":"https:\/\/tvtecjundiai.com.br\/news\/wp-json\/wp\/v2\/users\/10"}],"replies":[{"embeddable":true,"href":"https:\/\/tvtecjundiai.com.br\/news\/wp-json\/wp\/v2\/comments?post=11627"}],"version-history":[{"count":1,"href":"https:\/\/tvtecjundiai.com.br\/news\/wp-json\/wp\/v2\/posts\/11627\/revisions"}],"predecessor-version":[{"id":11629,"href":"https:\/\/tvtecjundiai.com.br\/news\/wp-json\/wp\/v2\/posts\/11627\/revisions\/11629"}],"wp:featuredmedia":[{"embeddable":true,"href":"https:\/\/tvtecjundiai.com.br\/news\/wp-json\/wp\/v2\/media\/11628"}],"wp:attachment":[{"href":"https:\/\/tvtecjundiai.com.br\/news\/wp-json\/wp\/v2\/media?parent=11627"}],"wp:term":[{"taxonomy":"category","embeddable":true,"href":"https:\/\/tvtecjundiai.com.br\/news\/wp-json\/wp\/v2\/categories?post=11627"},{"taxonomy":"post_tag","embeddable":true,"href":"https:\/\/tvtecjundiai.com.br\/news\/wp-json\/wp\/v2\/tags?post=11627"}],"curies":[{"name":"wp","href":"https:\/\/api.w.org\/{rel}","templated":true}]}}