{"id":116363,"date":"2023-10-26T10:36:16","date_gmt":"2023-10-26T13:36:16","guid":{"rendered":"https:\/\/tvtecjundiai.com.br\/news\/?p=116363"},"modified":"2023-10-26T10:39:39","modified_gmt":"2023-10-26T13:39:39","slug":"oktoberfest-agita-jundiai-neste-final-de-semana","status":"publish","type":"post","link":"https:\/\/tvtecjundiai.com.br\/news\/2023\/10\/26\/oktoberfest-agita-jundiai-neste-final-de-semana\/","title":{"rendered":"Oktoberfest come\u00e7a nesta sexta-feira (27) com  cerveja artesanal, gastronomia e shows"},"content":{"rendered":"\n<p>Preparem os canecos e os trajes t\u00edpicos, porque a OktoberPolo Jundia\u00ed est\u00e1 chegando! Este evento promete agitar o p\u00fablico durante tr\u00eas dias repletos de m\u00fasica, dan\u00e7a, gastronomia e muita cerveja artesanal de qualidade.<\/p>\n\n\n\n<p>A festa, organizada pelo Polo Cervejeiro de Jundia\u00ed e Regi\u00e3o, ocorrer\u00e1 nos dias 27, 28 e 29 de outubro, no Parque da Uva, e oferece uma programa\u00e7\u00e3o diversificada para todas as idades, celebrando a cultura alem\u00e3.<\/p>\n\n\n\n<p>Com a presen\u00e7a de 24 cervejarias artesanais e mais de 100 torneiras de chope, os visitantes ter\u00e3o a oportunidade de degustar e explorar uma ampla variedade de estilos de cerveja, desde os tradicionais at\u00e9 receitas mais ousadas. Para os entusiastas cervejeiros, haver\u00e1 duas sess\u00f5es de bate-papo \u00e0s 11h, uma no s\u00e1bado e outra no domingo, com o mestre cervejeiro e beer sommelier Jorge Ometto.<\/p>\n\n\n\n<p><strong>Divers\u00e3o para Todos<\/strong><\/p>\n\n\n\n<p>E a OktoberPolo n\u00e3o \u00e9 apenas para os amantes de cerveja. O evento contar\u00e1 com expositores da regi\u00e3o, oferecendo artesanatos e produtos locais. Para as fam\u00edlias, haver\u00e1 um espa\u00e7o kids, onde as crian\u00e7as poder\u00e3o desfrutar de atividades especialmente preparadas para elas.<\/p>\n\n\n\n<p>Um dos destaques \u00e9 o concurso de trajes t\u00edpicos, no qual os visitantes podem mostrar seu estilo e concorrer a pr\u00eamios. Al\u00e9m disso, haver\u00e1 apresenta\u00e7\u00f5es de dan\u00e7a alem\u00e3 e jogos tradicionais para garantir muita divers\u00e3o.<\/p>\n\n\n\n<p>A OktoberPolo tamb\u00e9m \u00e9 pet friendly, permitindo que voc\u00ea traga seus amigos de quatro patas. E se voc\u00ea os vestir com trajes t\u00edpicos, poder\u00e3o participar do concurso de trajes.<\/p>\n\n\n<div class=\"wp-block-image\">\n<figure class=\"aligncenter size-large is-resized\"><img loading=\"lazy\" decoding=\"async\" width=\"1200\" height=\"801\" src=\"https:\/\/tvtecjundiai.com.br\/news\/wp-content\/uploads\/sites\/2\/2023\/10\/52657663072_bf883d59d5_o-1200x801.jpg\" alt=\"\" class=\"wp-image-116365\" style=\"aspect-ratio:1.4981273408239701;width:768px;height:auto\" srcset=\"https:\/\/tvtecjundiai.com.br\/news\/wp-content\/uploads\/sites\/2\/2023\/10\/52657663072_bf883d59d5_o-1200x801.jpg 1200w, https:\/\/tvtecjundiai.com.br\/news\/wp-content\/uploads\/sites\/2\/2023\/10\/52657663072_bf883d59d5_o-300x200.jpg 300w, https:\/\/tvtecjundiai.com.br\/news\/wp-content\/uploads\/sites\/2\/2023\/10\/52657663072_bf883d59d5_o-768x512.jpg 768w, https:\/\/tvtecjundiai.com.br\/news\/wp-content\/uploads\/sites\/2\/2023\/10\/52657663072_bf883d59d5_o.jpg 1280w\" sizes=\"auto, (max-width: 1200px) 100vw, 1200px\" \/><figcaption class=\"wp-element-caption\">Este evento promete agitar o p\u00fablico durante tr\u00eas dias repletos de m\u00fasica, dan\u00e7a, gastronomia e muita cerveja artesanal de qualidade.<\/figcaption><\/figure>\n<\/div>\n\n\n<p><strong>Agenda de Shows<\/strong><\/p>\n\n\n\n<p>A m\u00fasica \u00e9 parte fundamental da festa, com apresenta\u00e7\u00f5es em dois palcos. Confira a programa\u00e7\u00e3o:<\/p>\n\n\n\n<p><strong>Sexta, dia 27<\/strong><\/p>\n\n\n\n<p>Palco interno<\/p>\n\n\n\n<ul class=\"wp-block-list\">\n<li>18h \u2013 Dauerlaufband (banda t\u00edpica alem\u00e3)<\/li>\n<\/ul>\n\n\n\n<p>Coreto<\/p>\n\n\n\n<ul class=\"wp-block-list\">\n<li>20h \u2013 Spine Shiver<\/li>\n<\/ul>\n\n\n\n<p><strong>S\u00e1bado, dia 28<\/strong><\/p>\n\n\n\n<p>Palco interno<\/p>\n\n\n\n<ul class=\"wp-block-list\">\n<li>13h30 \u2013 Bed of Roses \u2013 Tributo ao Bon Jovi<\/li>\n\n\n\n<li>16h30 \u2013 Ted Nicotina e os Alcatr\u00f5es<\/li>\n\n\n\n<li>20h \u2013 Banda UTI<\/li>\n<\/ul>\n\n\n\n<p>Coreto<\/p>\n\n\n\n<ul class=\"wp-block-list\">\n<li>15h \u2013 The Fers<\/li>\n\n\n\n<li>18h \u2013 Banda Transport<\/li>\n<\/ul>\n\n\n\n<p><strong>Domingo, dia 29<\/strong><\/p>\n\n\n\n<p>Palco interno<\/p>\n\n\n\n<ul class=\"wp-block-list\">\n<li>12h \u2013 Banda Sigla<\/li>\n\n\n\n<li>15h \u2013 Quatro Caras e Meio<\/li>\n\n\n\n<li>18h \u2013 Aranhas Amplificadas<\/li>\n<\/ul>\n\n\n\n<p>Coreto<\/p>\n\n\n\n<ul class=\"wp-block-list\">\n<li>13h30 \u2013 Rolling Stones Tributo<\/li>\n\n\n\n<li>16h30 \u2013 Geisa Mel &amp; Banda<\/li>\n<\/ul>\n\n\n\n<p>A entrada para a OktoberPolo Jundia\u00ed \u00e9 solid\u00e1ria, basta doar 1 kg de alimento n\u00e3o perec\u00edvel, que ser\u00e1 destinado ao Fundo Social de Solidariedade de Jundia\u00ed.<\/p>\n\n\n\n<p><strong>Servi\u00e7o:<\/strong><\/p>\n\n\n\n<p><strong>Quando:<\/strong> Sexta (27) das 17h \u00e0s 22h; s\u00e1bado (28) das 10h \u00e0s 22h; domingo (29) das 10h \u00e0s 20h. <\/p>\n\n\n\n<p><strong>Onde:<\/strong> Parque da Uva \u2013 Avenida Jundia\u00ed, s\/n, Anhangaba\u00fa <\/p>\n\n\n\n<p><strong>Entrada:<\/strong> 1 kg de alimento n\u00e3o perec\u00edvel.<\/p>\n\n\n\n<p><strong><em>Fonte\/Imagem: TVTEC Jundia\u00ed<\/em><\/strong><\/p>\n","protected":false},"excerpt":{"rendered":"<p>Polo Cervejeiro de Jundia\u00ed e Regi\u00e3o promove a 1\u00aa OktoberPolo Jundia\u00ed<\/p>\n","protected":false},"author":24,"featured_media":116365,"comment_status":"closed","ping_status":"0","sticky":false,"template":"","format":"standard","meta":{"footnotes":""},"categories":[8356,8354,1],"tags":[],"class_list":["post-116363","post","type-post","status-publish","format-standard","has-post-thumbnail","hentry","category-jundiai","category-lazer","category-noticias"],"_links":{"self":[{"href":"https:\/\/tvtecjundiai.com.br\/news\/wp-json\/wp\/v2\/posts\/116363","targetHints":{"allow":["GET"]}}],"collection":[{"href":"https:\/\/tvtecjundiai.com.br\/news\/wp-json\/wp\/v2\/posts"}],"about":[{"href":"https:\/\/tvtecjundiai.com.br\/news\/wp-json\/wp\/v2\/types\/post"}],"author":[{"embeddable":true,"href":"https:\/\/tvtecjundiai.com.br\/news\/wp-json\/wp\/v2\/users\/24"}],"replies":[{"embeddable":true,"href":"https:\/\/tvtecjundiai.com.br\/news\/wp-json\/wp\/v2\/comments?post=116363"}],"version-history":[{"count":3,"href":"https:\/\/tvtecjundiai.com.br\/news\/wp-json\/wp\/v2\/posts\/116363\/revisions"}],"predecessor-version":[{"id":116368,"href":"https:\/\/tvtecjundiai.com.br\/news\/wp-json\/wp\/v2\/posts\/116363\/revisions\/116368"}],"wp:featuredmedia":[{"embeddable":true,"href":"https:\/\/tvtecjundiai.com.br\/news\/wp-json\/wp\/v2\/media\/116365"}],"wp:attachment":[{"href":"https:\/\/tvtecjundiai.com.br\/news\/wp-json\/wp\/v2\/media?parent=116363"}],"wp:term":[{"taxonomy":"category","embeddable":true,"href":"https:\/\/tvtecjundiai.com.br\/news\/wp-json\/wp\/v2\/categories?post=116363"},{"taxonomy":"post_tag","embeddable":true,"href":"https:\/\/tvtecjundiai.com.br\/news\/wp-json\/wp\/v2\/tags?post=116363"}],"curies":[{"name":"wp","href":"https:\/\/api.w.org\/{rel}","templated":true}]}}