{"id":116391,"date":"2023-10-26T14:19:06","date_gmt":"2023-10-26T17:19:06","guid":{"rendered":"https:\/\/tvtecjundiai.com.br\/news\/?p=116391"},"modified":"2023-10-26T14:19:06","modified_gmt":"2023-10-26T17:19:06","slug":"chico-batera-comemora-seus-80-anos-em-show-no-sesc-jundiai","status":"publish","type":"post","link":"https:\/\/tvtecjundiai.com.br\/news\/2023\/10\/26\/chico-batera-comemora-seus-80-anos-em-show-no-sesc-jundiai\/","title":{"rendered":"Chico Batera comemora seus 80 anos em show no Sesc Jundia\u00ed"},"content":{"rendered":"\n<p>No ano em que comemora 80 anos de vida, Chico Batera apresenta no palco do Sesc&nbsp;m\u00fasicas que deslizam uma extensa trajet\u00f3ria musical.&nbsp;Em seu&nbsp;repert\u00f3rio, o baterista&nbsp;homenageia seu irm\u00e3o de baquetas Wilson das Neves com \u201cO Samba \u00e9 Meu Dom\u201d e \u201cGrande Hotel\u201d, na voz de \u00c1urea Martins. J\u00e1, Z\u00e9 Renato canta a m\u00fasica&nbsp;\u201cMassarandupi\u00f4\u201d, de autoria de Chico Brown com Chico Buarque, e tamb\u00e9m \u201cDunas\u201d,&nbsp;da baiana Rosa Passos e Fernando de Oliveira.&nbsp;<\/p>\n\n\n\n<p>Chico Batera&nbsp;segue com seu Quinteto,&nbsp;Itamar Assiere&nbsp;(piano), Z\u00e9 Luiz Maia (baixo), Jorge Continentino (Sax\/Flauta),&nbsp;Felipe Tauil (percuss\u00e3o) e do parceiro e amigo Luiz Cl\u00e1udio Ramos nos arranjos e viol\u00e3o,&nbsp;se apresentando com&nbsp;m\u00fasicas de Jobim, Moacir Santos, Maur\u00edcio Einhorn e Andr\u00e9 Vitor Corr\u00eaa, al\u00e9m de suas pr\u00f3prias composi\u00e7\u00f5es, destacando a linda valsa chamada Dalila, feita em homenagem a sua m\u00e3e.&nbsp;O artista&nbsp;tem sete discos autorais lan\u00e7ados. O \u00faltimo, cujo t\u00edtulo \u00e9 Lume, foi gravado em&nbsp;<a href=\"https:\/\/pt.wikipedia.org\/wiki\/2006\" target=\"_blank\" rel=\"noreferrer noopener\">2006<\/a>&nbsp;e contou com a participa\u00e7\u00e3o de Chico Buarque,&nbsp;com quem o m\u00fasico toca desde&nbsp;<a href=\"https:\/\/pt.wikipedia.org\/wiki\/1978\" target=\"_blank\" rel=\"noreferrer noopener\">1978<\/a>,&nbsp;na m\u00fasica &#8220;Iracema&#8221;.&nbsp;<\/p>\n\n\n<div class=\"wp-block-image\">\n<figure class=\"aligncenter size-full is-resized\"><img loading=\"lazy\" decoding=\"async\" width=\"1200\" height=\"848\" src=\"https:\/\/tvtecjundiai.com.br\/news\/wp-content\/uploads\/sites\/2\/2023\/10\/image-29.png\" alt=\"\" class=\"wp-image-116392\" style=\"aspect-ratio:1.4150943396226414;width:737px;height:auto\" srcset=\"https:\/\/tvtecjundiai.com.br\/news\/wp-content\/uploads\/sites\/2\/2023\/10\/image-29.png 1200w, https:\/\/tvtecjundiai.com.br\/news\/wp-content\/uploads\/sites\/2\/2023\/10\/image-29-300x212.png 300w, https:\/\/tvtecjundiai.com.br\/news\/wp-content\/uploads\/sites\/2\/2023\/10\/image-29-768x543.png 768w\" sizes=\"auto, (max-width: 1200px) 100vw, 1200px\" \/><figcaption class=\"wp-element-caption\">Apresenta\u00e7\u00e3o no dia 28, s\u00e1bado, \u00e0s 19h, conta com a participa\u00e7\u00e3o especial de \u00c1urea Martins e Z\u00e9 Renato<\/figcaption><\/figure>\n<\/div>\n\n\n<p><strong>Sobre o artista:&nbsp;<\/strong>&nbsp;<\/p>\n\n\n\n<p><strong>Francisco Jos\u00e9 Tavares de Souza&nbsp;<\/strong>nascido no&nbsp;<a href=\"https:\/\/pt.wikipedia.org\/wiki\/Rio_de_Janeiro_(cidade)\" target=\"_blank\" rel=\"noreferrer noopener\">Rio de Janeiro<\/a>&nbsp;<a href=\"https:\/\/pt.wikipedia.org\/wiki\/8_de_Abril\" target=\"_blank\" rel=\"noreferrer noopener\">(8 de abril<\/a>&nbsp;de&nbsp;<a href=\"https:\/\/pt.wikipedia.org\/wiki\/1943\" target=\"_blank\" rel=\"noreferrer noopener\">1943<\/a>) \u00e9 um&nbsp;<a href=\"https:\/\/pt.wikipedia.org\/wiki\/Percussionista\" target=\"_blank\" rel=\"noreferrer noopener\">percussionista<\/a>,&nbsp;<a href=\"https:\/\/pt.wikipedia.org\/wiki\/Baterista\" target=\"_blank\" rel=\"noreferrer noopener\">baterista<\/a>&nbsp;e&nbsp;<a href=\"https:\/\/pt.wikipedia.org\/wiki\/Compositor\" target=\"_blank\" rel=\"noreferrer noopener\">compositor<\/a>&nbsp;<a href=\"https:\/\/pt.wikipedia.org\/wiki\/Brasileiro\" target=\"_blank\" rel=\"noreferrer noopener\">brasileiro.<\/a>&nbsp;<\/p>\n\n\n\n<p>Iniciou aos dezessete anos, na percuss\u00e3o na Escola de Samba&nbsp;<a href=\"https:\/\/pt.wikipedia.org\/wiki\/Imp%C3%A9rio_Serrano\" target=\"_blank\" rel=\"noreferrer noopener\">Imp\u00e9rio Serrano<\/a>&nbsp;e&nbsp;a partir&nbsp;de&nbsp;<a href=\"https:\/\/pt.wikipedia.org\/wiki\/1960\" target=\"_blank\" rel=\"noreferrer noopener\">1960<\/a>, se apresentava como baterista no&nbsp;famoso&nbsp;Beco das Garrafas,&nbsp;acompanhando artistas como&nbsp;<a href=\"https:\/\/pt.wikipedia.org\/wiki\/Johnny_Alf\" target=\"_blank\" rel=\"noreferrer noopener\">Johnny Alf<\/a>,&nbsp;<a href=\"https:\/\/pt.wikipedia.org\/wiki\/Bossa_Tr%C3%AAs\" target=\"_blank\" rel=\"noreferrer noopener\">Bossa Tr\u00eas<\/a>&nbsp;e&nbsp;<a href=\"https:\/\/pt.wikipedia.org\/wiki\/Sergio_Mendes\" target=\"_blank\" rel=\"noreferrer noopener\">Sergio Mendes<\/a>, com quem viajou pela primeira vez para os Estados Unidos.&nbsp;<\/p>\n\n\n\n<p>Durante o per\u00edodo que passou em Los Angeles, conviveu com o jazz e a m\u00fasica latina, e investiu cada vez mais na percuss\u00e3o tocando instrumentos como frigideira, chaves, badalos, tri\u00e2ngulo, queixada&nbsp;entre outros.&nbsp;Nos EUA, gravou com grandes&nbsp;nomes,&nbsp;como&nbsp;Frank&nbsp;Sinatra,&nbsp;Gerald Wilson,&nbsp;Ella Fitzgerald,&nbsp;Joni Mitchell&nbsp;e&nbsp;Quincy Jones.&nbsp;<\/p>\n\n\n\n<p>Renomado artisticamente o baterista participou\u00a0de grava\u00e7\u00f5es e shows de artistas como\u00a0Cat\u00a0Stevens, The Doors,\u00a0Beth Carvalho, Som\u00a0Imagin\u00e1rio,\u00a0O Ter\u00e7o,\u00a0Gal Costa,\u00a0Francis Hime, Milton Nascimento, Jo\u00e3o Bosco,\u00a0Martinho da Vila,\u00a0Gilberto Gil,\u00a0Edu Lobo,\u00a0Raul Seixas,\u00a0Djavan,\u00a0Wilson Simonal,\u00a0Simone, entre outros.\u00a0Um artista completo.\u00a0<\/p>\n\n\n\n<p><strong><u>Servi\u00e7o<\/u><\/strong>&nbsp;<\/p>\n\n\n\n<p>Show&nbsp;<\/p>\n\n\n\n<p><strong>Chico Batera<\/strong>&nbsp;<\/p>\n\n\n\n<p><strong>Participa\u00e7\u00e3o especial de \u00c1urea Martins e Z\u00e9 Renato<\/strong>&nbsp;<\/p>\n\n\n\n<p><strong>Data:\u00a0<\/strong>28\/10, s\u00e1bado\u00a0<br><strong>Hor\u00e1rio:<\/strong>\u00a019h\u00a0<br><strong>Local:\u00a0<\/strong>Teatro\u202f\u00a0<br><strong>Classifica\u00e7\u00e3o:<\/strong>\u00a0Livre\u202f\u00a0<br><strong>Ingressos:\u00a0<\/strong>R$ 12\u00a0(Credencial Plena) \/ R$ 20\u00a0(meia) \/ R$ 40 (inteira)\u202f\u00a0<br>\u202f\u00a0<br>Venda de ingressos \u202f\u202f\u00a0<br><strong>O<em>n-line<\/em><\/strong>\u00a0pelo site\u00a0<a rel=\"noreferrer noopener\" href=\"https:\/\/centralrelacionamento.sescsp.org.br\/\" target=\"_blank\">https:\/\/centralrelacionamento.sescsp.org.br<\/a>\u00a0e pelo app Credencial Sesc SP: a partir de 17\/10, \u00e0s 17h\u202f\u00a0<br><strong>P<em>resencial<\/em>\u00a0<\/strong>nas bilheterias da rede Sesc SP: a partir de 18\/10, \u00e0s 17h\u202f\u00a0<\/p>\n\n\n\n<p>O Sesc Jundia\u00ed fica na Avenida Ant\u00f4nio Frederico Ozanan, 6600, ao lado do Jardim Bot\u00e2nico. \u202f&nbsp;<\/p>\n\n\n\n<p><strong><em>Fonte\/Imagem: Sesc Jundia\u00ed<\/em><\/strong><\/p>\n","protected":false},"excerpt":{"rendered":"<p>Apresenta\u00e7\u00e3o no dia 28, s\u00e1bado, \u00e0s 19h, conta com a participa\u00e7\u00e3o especial de \u00c1urea Martins e Z\u00e9 Renato <\/p>\n","protected":false},"author":24,"featured_media":116392,"comment_status":"closed","ping_status":"0","sticky":false,"template":"","format":"standard","meta":{"footnotes":""},"categories":[8356,8354,1],"tags":[],"class_list":["post-116391","post","type-post","status-publish","format-standard","has-post-thumbnail","hentry","category-jundiai","category-lazer","category-noticias"],"_links":{"self":[{"href":"https:\/\/tvtecjundiai.com.br\/news\/wp-json\/wp\/v2\/posts\/116391","targetHints":{"allow":["GET"]}}],"collection":[{"href":"https:\/\/tvtecjundiai.com.br\/news\/wp-json\/wp\/v2\/posts"}],"about":[{"href":"https:\/\/tvtecjundiai.com.br\/news\/wp-json\/wp\/v2\/types\/post"}],"author":[{"embeddable":true,"href":"https:\/\/tvtecjundiai.com.br\/news\/wp-json\/wp\/v2\/users\/24"}],"replies":[{"embeddable":true,"href":"https:\/\/tvtecjundiai.com.br\/news\/wp-json\/wp\/v2\/comments?post=116391"}],"version-history":[{"count":1,"href":"https:\/\/tvtecjundiai.com.br\/news\/wp-json\/wp\/v2\/posts\/116391\/revisions"}],"predecessor-version":[{"id":116393,"href":"https:\/\/tvtecjundiai.com.br\/news\/wp-json\/wp\/v2\/posts\/116391\/revisions\/116393"}],"wp:featuredmedia":[{"embeddable":true,"href":"https:\/\/tvtecjundiai.com.br\/news\/wp-json\/wp\/v2\/media\/116392"}],"wp:attachment":[{"href":"https:\/\/tvtecjundiai.com.br\/news\/wp-json\/wp\/v2\/media?parent=116391"}],"wp:term":[{"taxonomy":"category","embeddable":true,"href":"https:\/\/tvtecjundiai.com.br\/news\/wp-json\/wp\/v2\/categories?post=116391"},{"taxonomy":"post_tag","embeddable":true,"href":"https:\/\/tvtecjundiai.com.br\/news\/wp-json\/wp\/v2\/tags?post=116391"}],"curies":[{"name":"wp","href":"https:\/\/api.w.org\/{rel}","templated":true}]}}