{"id":116425,"date":"2023-10-27T11:32:00","date_gmt":"2023-10-27T14:32:00","guid":{"rendered":"https:\/\/tvtecjundiai.com.br\/news\/?p=116425"},"modified":"2023-10-27T11:32:05","modified_gmt":"2023-10-27T14:32:05","slug":"final-de-semana-em-jundiai-tera-sol-e-pancadas-de-chuva","status":"publish","type":"post","link":"https:\/\/tvtecjundiai.com.br\/news\/2023\/10\/27\/final-de-semana-em-jundiai-tera-sol-e-pancadas-de-chuva\/","title":{"rendered":"Final de semana em Jundia\u00ed ter\u00e1 sol e pancadas de chuva"},"content":{"rendered":"\n<p>De acordo com as informa\u00e7\u00f5es do site Climatempo, o final de semana em Jundia\u00ed ser\u00e1 quente, com temperaturas variando entre os 19\u00b0 e 31\u00b0C, al\u00e9m de pancadas de chuva durante o dia e \u00e0 noite. \u00a0<\/p>\n\n\n\n<figure class=\"wp-block-image size-large\"><img loading=\"lazy\" decoding=\"async\" width=\"1200\" height=\"900\" src=\"https:\/\/tvtecjundiai.com.br\/news\/wp-content\/uploads\/sites\/2\/2023\/10\/WhatsApp-Image-2023-10-27-at-11.22.11-1200x900.jpeg\" alt=\"\" class=\"wp-image-116426\" srcset=\"https:\/\/tvtecjundiai.com.br\/news\/wp-content\/uploads\/sites\/2\/2023\/10\/WhatsApp-Image-2023-10-27-at-11.22.11-1200x900.jpeg 1200w, https:\/\/tvtecjundiai.com.br\/news\/wp-content\/uploads\/sites\/2\/2023\/10\/WhatsApp-Image-2023-10-27-at-11.22.11-300x225.jpeg 300w, https:\/\/tvtecjundiai.com.br\/news\/wp-content\/uploads\/sites\/2\/2023\/10\/WhatsApp-Image-2023-10-27-at-11.22.11-768x576.jpeg 768w, https:\/\/tvtecjundiai.com.br\/news\/wp-content\/uploads\/sites\/2\/2023\/10\/WhatsApp-Image-2023-10-27-at-11.22.11.jpeg 1280w\" sizes=\"auto, (max-width: 1200px) 100vw, 1200px\" \/><\/figure>\n\n\n\n<p><strong>Sexta-feira (27) \u2013<\/strong> As temperaturas variam entre os 18\u00b0 e 28\u00b0 graus, com previs\u00e3o de pancadas de chuva \u00e0 tarde e \u00e0 noite.<\/p>\n\n\n\n<p><strong>S\u00e1bado (28) \u2013<\/strong> O fim de semana come\u00e7a com sol e algumas nuvens, com temperaturas entre os 19\u00b0e 30\u00b0C. A previs\u00e3o \u00e9 de pancadas de chuva \u00e0 tarde e \u00e0 noite.<\/p>\n\n\n\n<p><strong>Domingo (29) \u2013 <\/strong>J\u00e1 no domingo, as temperaturas oscilam entre os 19\u00b0 e 31\u00b0C, haver\u00e1 sol com algumas nuvens pela manh\u00e3. Chove r\u00e1pido durante o dia e \u00e0 noite.<\/p>\n\n\n\n<p>\u00c9 fundamental estar atento \u00e0s mudan\u00e7as clim\u00e1ticas, pode haver altera\u00e7\u00f5es.<\/p>\n\n\n\n<p><strong>Fonte\/Imagem:<\/strong> TVTEC Jundia\u00ed <\/p>\n","protected":false},"excerpt":{"rendered":"<p>As temperaturas devem variar entre os 19\u00b0 e 31\u00b0 graus.<\/p>\n","protected":false},"author":24,"featured_media":116427,"comment_status":"closed","ping_status":"0","sticky":false,"template":"","format":"standard","meta":{"footnotes":""},"categories":[1],"tags":[556,2921],"class_list":["post-116425","post","type-post","status-publish","format-standard","has-post-thumbnail","hentry","category-noticias","tag-noticias","tag-previsao-do-tempo"],"_links":{"self":[{"href":"https:\/\/tvtecjundiai.com.br\/news\/wp-json\/wp\/v2\/posts\/116425","targetHints":{"allow":["GET"]}}],"collection":[{"href":"https:\/\/tvtecjundiai.com.br\/news\/wp-json\/wp\/v2\/posts"}],"about":[{"href":"https:\/\/tvtecjundiai.com.br\/news\/wp-json\/wp\/v2\/types\/post"}],"author":[{"embeddable":true,"href":"https:\/\/tvtecjundiai.com.br\/news\/wp-json\/wp\/v2\/users\/24"}],"replies":[{"embeddable":true,"href":"https:\/\/tvtecjundiai.com.br\/news\/wp-json\/wp\/v2\/comments?post=116425"}],"version-history":[{"count":1,"href":"https:\/\/tvtecjundiai.com.br\/news\/wp-json\/wp\/v2\/posts\/116425\/revisions"}],"predecessor-version":[{"id":116428,"href":"https:\/\/tvtecjundiai.com.br\/news\/wp-json\/wp\/v2\/posts\/116425\/revisions\/116428"}],"wp:featuredmedia":[{"embeddable":true,"href":"https:\/\/tvtecjundiai.com.br\/news\/wp-json\/wp\/v2\/media\/116427"}],"wp:attachment":[{"href":"https:\/\/tvtecjundiai.com.br\/news\/wp-json\/wp\/v2\/media?parent=116425"}],"wp:term":[{"taxonomy":"category","embeddable":true,"href":"https:\/\/tvtecjundiai.com.br\/news\/wp-json\/wp\/v2\/categories?post=116425"},{"taxonomy":"post_tag","embeddable":true,"href":"https:\/\/tvtecjundiai.com.br\/news\/wp-json\/wp\/v2\/tags?post=116425"}],"curies":[{"name":"wp","href":"https:\/\/api.w.org\/{rel}","templated":true}]}}