{"id":116435,"date":"2023-10-27T14:34:40","date_gmt":"2023-10-27T17:34:40","guid":{"rendered":"https:\/\/tvtecjundiai.com.br\/news\/?p=116435"},"modified":"2023-10-27T14:34:43","modified_gmt":"2023-10-27T17:34:43","slug":"dae-da-continuidade-as-obras-no-centro-de-jundiai-neste-sabado-28-e-domingo-29","status":"publish","type":"post","link":"https:\/\/tvtecjundiai.com.br\/news\/2023\/10\/27\/dae-da-continuidade-as-obras-no-centro-de-jundiai-neste-sabado-28-e-domingo-29\/","title":{"rendered":"\u200bDAE d\u00e1 continuidade \u00e0s obras no Centro de Jundia\u00ed, neste s\u00e1bado (28) e domingo (29)"},"content":{"rendered":"\n<p>Em mais uma etapa do projeto de remanejamento de redes do Centro, a DAE Jundia\u00ed vai realizar, neste s\u00e1bado e domingo (28 e 29), das 8 \u00e0s 17 horas, obras na rede de \u00e1gua. Os servi\u00e7os ter\u00e3o in\u00edcio na rua Bar\u00e3o de Jundia\u00ed, esquina com a rua Siqueira de Moraes, seguindo at\u00e9 a rua Coronel Leme da Fonseca.<\/p>\n\n\n\n<figure class=\"wp-block-image size-full\"><img loading=\"lazy\" decoding=\"async\" width=\"1024\" height=\"768\" src=\"https:\/\/tvtecjundiai.com.br\/news\/wp-content\/uploads\/sites\/2\/2023\/10\/whatsapp-image.jpeg\" alt=\"\" class=\"wp-image-116437\" srcset=\"https:\/\/tvtecjundiai.com.br\/news\/wp-content\/uploads\/sites\/2\/2023\/10\/whatsapp-image.jpeg 1024w, https:\/\/tvtecjundiai.com.br\/news\/wp-content\/uploads\/sites\/2\/2023\/10\/whatsapp-image-300x225.jpeg 300w, https:\/\/tvtecjundiai.com.br\/news\/wp-content\/uploads\/sites\/2\/2023\/10\/whatsapp-image-768x576.jpeg 768w\" sizes=\"auto, (max-width: 1024px) 100vw, 1024px\" \/><\/figure>\n\n\n\n<p>Os locais estar\u00e3o sinalizados e n\u00e3o ser\u00e1 necess\u00e1ria a interdi\u00e7\u00e3o. O abastecimento n\u00e3o ser\u00e1 afetado.<\/p>\n\n\n\n<p>As obras integram a moderniza\u00e7\u00e3o da rede de \u00e1gua do Centro e visam refor\u00e7ar o abastecimento na regi\u00e3o. \u201cEstamos trabalhando de segunda a sexta-feira, por\u00e9m, visando dar agilidade, nos programamos para dar continuidade neste fim de semana. \u00c9 uma excepcionalidade\u201d, disse o gerente de Obras de \u00c1gua da DAE, Osmar Aparecido Raphael.<\/p>\n\n\n\n<p><strong>Fonte\/Imagem: <\/strong>Assessoria Dae<\/p>\n","protected":false},"excerpt":{"rendered":"<p>Os servi\u00e7os ser\u00e3o realizados das 8h \u00e0s 17h, tendo in\u00edcio na rua Bar\u00e3o de Jundia\u00ed, esquina com a rua Siqueira de Moraes, seguindo at\u00e9 a rua Coronel Leme da Fonseca. <\/p>\n","protected":false},"author":24,"featured_media":116438,"comment_status":"closed","ping_status":"0","sticky":false,"template":"","format":"standard","meta":{"footnotes":""},"categories":[1],"tags":[94,750],"class_list":["post-116435","post","type-post","status-publish","format-standard","has-post-thumbnail","hentry","category-noticias","tag-dae","tag-obras"],"_links":{"self":[{"href":"https:\/\/tvtecjundiai.com.br\/news\/wp-json\/wp\/v2\/posts\/116435","targetHints":{"allow":["GET"]}}],"collection":[{"href":"https:\/\/tvtecjundiai.com.br\/news\/wp-json\/wp\/v2\/posts"}],"about":[{"href":"https:\/\/tvtecjundiai.com.br\/news\/wp-json\/wp\/v2\/types\/post"}],"author":[{"embeddable":true,"href":"https:\/\/tvtecjundiai.com.br\/news\/wp-json\/wp\/v2\/users\/24"}],"replies":[{"embeddable":true,"href":"https:\/\/tvtecjundiai.com.br\/news\/wp-json\/wp\/v2\/comments?post=116435"}],"version-history":[{"count":1,"href":"https:\/\/tvtecjundiai.com.br\/news\/wp-json\/wp\/v2\/posts\/116435\/revisions"}],"predecessor-version":[{"id":116439,"href":"https:\/\/tvtecjundiai.com.br\/news\/wp-json\/wp\/v2\/posts\/116435\/revisions\/116439"}],"wp:featuredmedia":[{"embeddable":true,"href":"https:\/\/tvtecjundiai.com.br\/news\/wp-json\/wp\/v2\/media\/116438"}],"wp:attachment":[{"href":"https:\/\/tvtecjundiai.com.br\/news\/wp-json\/wp\/v2\/media?parent=116435"}],"wp:term":[{"taxonomy":"category","embeddable":true,"href":"https:\/\/tvtecjundiai.com.br\/news\/wp-json\/wp\/v2\/categories?post=116435"},{"taxonomy":"post_tag","embeddable":true,"href":"https:\/\/tvtecjundiai.com.br\/news\/wp-json\/wp\/v2\/tags?post=116435"}],"curies":[{"name":"wp","href":"https:\/\/api.w.org\/{rel}","templated":true}]}}