{"id":116458,"date":"2023-10-27T15:37:31","date_gmt":"2023-10-27T18:37:31","guid":{"rendered":"https:\/\/tvtecjundiai.com.br\/news\/?p=116458"},"modified":"2023-10-27T15:37:36","modified_gmt":"2023-10-27T18:37:36","slug":"campanha-de-multivacinacao-jundiai-segue-mobilizada-para-atualizar-carteiras-de-vacinacao","status":"publish","type":"post","link":"https:\/\/tvtecjundiai.com.br\/news\/2023\/10\/27\/campanha-de-multivacinacao-jundiai-segue-mobilizada-para-atualizar-carteiras-de-vacinacao\/","title":{"rendered":"Campanha de Multivacina\u00e7\u00e3o: Jundia\u00ed segue mobilizada para atualizar carteiras de vacina\u00e7\u00e3o"},"content":{"rendered":"\n<p>Da inf\u00e2ncia, a aposentada Rosa Gomes de Oliveira, de 69 anos, evita falar. Com o rosto molhado por l\u00e1grimas e o olhar fixo nas pernas, ela resume que o per\u00edodo foi marcado por incompreens\u00e3o e vergonha. Ela foi uma das crian\u00e7as acometidas pela paralisia infantil (Poliomielite), doen\u00e7a prestes a voltar e cuja vacina est\u00e1 dispon\u00edvel na Campanha Nacional de Multivacina\u00e7\u00e3o, que termina na pr\u00f3xima ter\u00e7a-feira (31).<\/p>\n\n\n\n<p>Iniciada no dia 1\u00ba, a mobiliza\u00e7\u00e3o visa aumentar a cobertura vacinal, atualizando as carteiras de vacina\u00e7\u00e3o de crian\u00e7as e adolescentes menores de 15 anos. Dados do Minist\u00e9rio da Sa\u00fade apontam que, desde 2015, o cen\u00e1rio \u00e9 preocupante e muitas vacinas est\u00e3o abaixo da cobertura preconizada, de 95%.<\/p>\n\n\n\n<figure class=\"wp-block-image\"><img decoding=\"async\" src=\"https:\/\/jundiai.sp.gov.br\/noticias\/wp-content\/uploads\/sites\/32\/2023\/10\/campanha-vacinacao-paralisia-infantil-poliomielite-rosa-gomes-de-oliveira_fm_-21-1280x854.jpg\" alt=\"\" class=\"wp-image-330328\" \/><figcaption class=\"wp-element-caption\">Rosa teve paralisia infantil e n\u00e3o se conforma com a baixa cobertura vacinal<\/figcaption><\/figure>\n\n\n\n<p>\u201c\u00c9 muito ruim saber que as crian\u00e7as n\u00e3o est\u00e3o sendo vacinadas. Eu n\u00e3o consigo acreditar\u201d, comentou Rosa. \u201cEu era bem pequena, tinha o p\u00e9 torno e n\u00e3o pisava direito. Mor\u00e1vamos em outra cidade e com uns 5 anos, minha m\u00e3e me levou ao m\u00e9dico, que disse que eu entortava o p\u00e9 para chamar a aten\u00e7\u00e3o, pois eu era a filha mais velha. Eu chorava e me escondia no banheiro para arrumar e do\u00eda muito. Eu n\u00e3o aceitava aquele defeito e ficava magoada quando as pessoas falavam. Por causa isso, eu nunca brinquei e preferia fazer os servi\u00e7os de casa para mostrar que eu servia para alguma coisa\u201d, lembrou.<\/p>\n\n\n\n<p>O diagn\u00f3stico de Poliomielite veio apenas aos 29 anos, quando Rosa perdeu os movimentos das pernas enquanto trabalhava. Na sequ\u00eancia, vieram as cirurgias e a fisioterapia. \u201cEra paralisia infantil continuada e eu n\u00e3o sabia. Voltei a andar, mas toda a vida, eu puxei a perna. Agora, preciso de apoio para n\u00e3o cair\u201d.<\/p>\n\n\n\n<p>Antes da vacina\u00e7\u00e3o em massa, em 1980, o Mundo apresentava cerca de 500 mil casos de P\u00f3lio por ano, ou seja, eram 500 mil crian\u00e7as com a doen\u00e7a. Eram muitas Rosas.<\/p>\n\n\n\n<figure class=\"wp-block-image\"><img decoding=\"async\" src=\"https:\/\/jundiai.sp.gov.br\/noticias\/wp-content\/uploads\/sites\/32\/2023\/10\/v5a9322-1280x854.jpg\" alt=\"\" class=\"wp-image-330327\" \/><figcaption class=\"wp-element-caption\">As sequelas deixadas pela doen\u00e7a marcaram a vida de uma fam\u00edlia<\/figcaption><\/figure>\n\n\n\n<p>\u201cA campanha reduziu o risco e a paralisia infantil foi erradicada no Brasil, n\u00e3o sendo registrados casos desde 1989. Mas, atualmente, estamos em alerta e prevendo um caso a qualquer momento. Com a baixa procura pela imuniza\u00e7\u00e3o, o risco \u00e9 grande de a doen\u00e7a voltar. J\u00e1 temos registro em pa\u00edses como os Estados Unidos. Se n\u00e3o vacinarmos, poderemos ter novas hist\u00f3rias como a de Rosa e de tantos outros, cheias de sofrimentos e com limita\u00e7\u00f5es impostas por doen\u00e7as que t\u00eam vacina e podem ser prevenidas\u201d, afirma o gestor de Promo\u00e7\u00e3o da Sa\u00fade, Tiago Texera.<\/p>\n\n\n\n<p>\u201cO v\u00edrus est\u00e3o circulando, o da P\u00f3lio, o do Sarampo, entre tantos outros. Os pais e\/ou respons\u00e1veis precisam manter as carteiras de vacina\u00e7\u00e3o das crian\u00e7as atualizadas. S\u00e3o doen\u00e7as que podem deixar sequelas e at\u00e9 matar. O esfor\u00e7o precisa ser coletivo\u201d, acrescenta a coordenadora da Vigil\u00e2ncia Epidemiol\u00f3gica, enfermeira Maria do Carmo Possidente.<\/p>\n\n\n\n<p>\u201c\u00c9 sempre melhor prevenir do que remediar. Temos que pensar nos nossos filhos e nas outras pessoas\u201d, tamb\u00e9m faz quest\u00e3o de frisar o irm\u00e3o da Rosa, motorista aposentado Ant\u00f4nio Gomes de Oliveira.<\/p>\n\n\n\n<figure class=\"wp-block-image\"><img decoding=\"async\" src=\"https:\/\/jundiai.sp.gov.br\/noticias\/wp-content\/uploads\/sites\/32\/2022\/09\/campanha-vacina-poliomielite-na-creche-cleonice-adolpho-de-faria-no-jardim-guanabara_fm_-7.jpg\" alt=\"Crian\u00e7a tomando vacina gotas\" class=\"wp-image-300796\" \/><figcaption class=\"wp-element-caption\">As 17 vacinas da rotina, as doses contra Covidi-19 e a vacina contra gripe est\u00e3o dispon\u00edveis<\/figcaption><\/figure>\n\n\n\n<p><strong>Pontos de vacina\u00e7\u00e3o<\/strong><br>Em Jundia\u00ed, as 17 vacinas previstas no Calend\u00e1rio Nacional de Imuniza\u00e7\u00e3o, al\u00e9m das doses contra Covid-19 e Influenza (gripe), est\u00e3o sendo disponibilizados em todas as Unidades B\u00e1sicas de Sa\u00fade (UBSs), Novas UBSs e Cl\u00ednicas da Fam\u00edlia, durante a semana, no hor\u00e1rio das salas de vacina\u00e7\u00e3o dos equipamentos.<\/p>\n\n\n\n<p>\u00daltimo balan\u00e7o da Vigil\u00e2ncia Epidemiol\u00f3gica mostra que desde o in\u00edcio da campanha foram aplicadas no Munic\u00edpio 3.809 doses de vacinas no p\u00fablico alvo, sendo 1.411 em menores de um ano de idade, 1.225 em crian\u00e7as de 1 a 4 anos, 325 na popula\u00e7\u00e3o de 5 a 8 anos, e 848 doses em adolescentes de 9 a 14 anos. Foram verificadas 4.912 carteirinhas.<\/p>\n\n\n\n<p><strong>Fonte\/Imagem: <\/strong>Prefeitura de Jundia\u00ed <\/p>\n","protected":false},"excerpt":{"rendered":"<p>Iniciada no dia 1\u00ba, a mobiliza\u00e7\u00e3o visa aumentar a cobertura vacinal, atualizando as carteiras de vacina\u00e7\u00e3o de crian\u00e7as e adolescentes menores de 15 anos.<\/p>\n","protected":false},"author":24,"featured_media":116459,"comment_status":"closed","ping_status":"0","sticky":false,"template":"","format":"standard","meta":{"footnotes":""},"categories":[1],"tags":[5,368,104],"class_list":["post-116458","post","type-post","status-publish","format-standard","has-post-thumbnail","hentry","category-noticias","tag-jundiai","tag-multivacinacao","tag-vacina"],"_links":{"self":[{"href":"https:\/\/tvtecjundiai.com.br\/news\/wp-json\/wp\/v2\/posts\/116458","targetHints":{"allow":["GET"]}}],"collection":[{"href":"https:\/\/tvtecjundiai.com.br\/news\/wp-json\/wp\/v2\/posts"}],"about":[{"href":"https:\/\/tvtecjundiai.com.br\/news\/wp-json\/wp\/v2\/types\/post"}],"author":[{"embeddable":true,"href":"https:\/\/tvtecjundiai.com.br\/news\/wp-json\/wp\/v2\/users\/24"}],"replies":[{"embeddable":true,"href":"https:\/\/tvtecjundiai.com.br\/news\/wp-json\/wp\/v2\/comments?post=116458"}],"version-history":[{"count":1,"href":"https:\/\/tvtecjundiai.com.br\/news\/wp-json\/wp\/v2\/posts\/116458\/revisions"}],"predecessor-version":[{"id":116460,"href":"https:\/\/tvtecjundiai.com.br\/news\/wp-json\/wp\/v2\/posts\/116458\/revisions\/116460"}],"wp:featuredmedia":[{"embeddable":true,"href":"https:\/\/tvtecjundiai.com.br\/news\/wp-json\/wp\/v2\/media\/116459"}],"wp:attachment":[{"href":"https:\/\/tvtecjundiai.com.br\/news\/wp-json\/wp\/v2\/media?parent=116458"}],"wp:term":[{"taxonomy":"category","embeddable":true,"href":"https:\/\/tvtecjundiai.com.br\/news\/wp-json\/wp\/v2\/categories?post=116458"},{"taxonomy":"post_tag","embeddable":true,"href":"https:\/\/tvtecjundiai.com.br\/news\/wp-json\/wp\/v2\/tags?post=116458"}],"curies":[{"name":"wp","href":"https:\/\/api.w.org\/{rel}","templated":true}]}}